{"id":77899,"date":"2017-06-09T17:24:16","date_gmt":"2017-06-09T20:24:16","guid":{"rendered":"http:\/\/127.0.0.1\/acs\/curso-de-cafe-da-acs-tem-10-inscritos-do-japao-um-da-belgica-e-um-da-moldavia-alem-de-10-brasileiros\/"},"modified":"2017-06-09T17:24:16","modified_gmt":"2017-06-09T20:24:16","slug":"curso-de-cafe-da-acs-tem-10-inscritos-do-japao-um-da-belgica-e-um-da-moldavia-alem-de-10-brasileiros","status":"publish","type":"post","link":"https:\/\/acs.org.br\/academy\/curso-de-cafe-da-acs-tem-10-inscritos-do-japao-um-da-belgica-e-um-da-moldavia-alem-de-10-brasileiros\/","title":{"rendered":"Curso de caf\u00e9 da ACS tem 10 inscritos do Jap\u00e3o, um da B\u00e9lgica e um da Mold\u00e1via, al\u00e9m de 10 brasileiros"},"content":{"rendered":"<p style=\"text-align: left;\" align=\"center\">Fonte: Assessoria de imprensa da ACS<\/p>\n<p>A turma do m\u00eas de julho do Curso de Classifica\u00e7\u00e3o e Degusta\u00e7\u00e3o de Caf\u00e9 da Associa\u00e7\u00e3o Comercial de Santos (ACS) tem 22 inscritos: dez do Jap\u00e3o, um da B\u00e9lgica e um da Mold\u00e1via, al\u00e9m de 10 brasileiros. O in\u00edcio das aulas est\u00e1 previsto para a primeira semana do m\u00eas que vem.<\/p>\n<p>Considerado o melhor curso de caf\u00e9 do Pa\u00eds e um dos melhores do mundo, o tradicional curso da ACS oferece, al\u00e9m de aulas te\u00f3ricas e pr\u00e1ticas, visitas a uma fazenda de caf\u00e9 e a um armaz\u00e9m e um passeio de lancha pelo Porto de Santos.<\/p>\n<p>Al\u00e9m de atrair alunos de todo o Brasil, o curso \u00e9 reconhecido tamb\u00e9m pelos principais pa\u00edses consumidores, tanto que cerca de 40% dos classificadores certificados pela ACS s\u00e3o estrangeiros.<\/p>\n<p>O principal objetivo \u00e9 formar profissionais capazes de identificar as diferentes caracter\u00edsticas do caf\u00e9, atender \u00e0s exig\u00eancias do mercado e criar oportunidades de neg\u00f3cio.<\/p>\n<p><b> <\/b><\/p>\n<p><b>Programa\u00e7\u00e3o <\/b><\/p>\n<p>As aulas te\u00f3ricas e pr\u00e1ticas de classifica\u00e7\u00e3o e degusta\u00e7\u00e3o de caf\u00e9 ser\u00e3o realizadas na Sala de Classifica\u00e7\u00e3o da ACS, \u00e0 Rua XV de Novembro, 137, Centro \u2013 Santos, 3\u00ba andar, as 8 \u00e0s 10 horas.<\/p>\n<p>Os alunos ter\u00e3o aprendizagem te\u00f3rica e pr\u00e1tica sobre a hist\u00f3ria do caf\u00e9, produ\u00e7\u00e3o, armazenagem, aspectos econ\u00f4micos nacionais e internacionais, legisla\u00e7\u00e3o, tecnologia, fiscaliza\u00e7\u00e3o, identifica\u00e7\u00e3o de gr\u00e3os, prova de bebida e desenvolvimento de <i>blends<\/i>.<\/p>\n<p>Eles participar\u00e3o, ainda, de visitas a uma fazenda de caf\u00e9 e a um armaz\u00e9m e far\u00e3o um passeio de lancha para conhecer o Porto de Santos.<\/p>\n<p>Ao final, os alunos aprovados recebem, al\u00e9m do certificado, a carteira de classificador de caf\u00e9 e uma colher de prova.<\/p>\n<p><b> <\/b><\/p>\n<p><b>Inscri\u00e7\u00f5es<\/b><\/p>\n<p>As inscri\u00e7\u00f5es para a turma de julho est\u00e3o encerradas. Mas, interessados j\u00e1 podem garantir vaga para a pr\u00f3xima turma, prevista para setembro.<\/p>\n<p>O participante deve ter idade m\u00ednima de 18 anos e apresentar os seguintes documentos:<\/p>\n<p>&#8211; c\u00f3pia do diploma ou certificado de conclus\u00e3o do 2\u00ba Grau ou equivalente;<\/p>\n<p>&#8211; atestado de sanidade bucal emitido por profissional habilitado;<\/p>\n<p>&#8211; c\u00f3pia da c\u00e9dula de identidade e, no caso de estrangeiros, c\u00f3pia do passaporte;<\/p>\n<p>&#8211; 2 (duas) fotos 3&#215;4.<\/p>\n<p>Mais informa\u00e7\u00f5es podem ser obtidas pelo telefone (13) 3212-8200 &#8211; ramal 220.<\/p>\n<p align=\"center\">\u00a0<\/p>\n<p>\u00a0<\/p>\n","protected":false},"excerpt":{"rendered":"<p>Fonte: Assessoria de imprensa da ACS A turma do m\u00eas de julho do Curso de Classifica\u00e7\u00e3o e Degusta\u00e7\u00e3o de Caf\u00e9 da Associa\u00e7\u00e3o Comercial de Santos (ACS) tem 22 inscritos: dez do Jap\u00e3o, um da B\u00e9lgica e um da Mold\u00e1via, al\u00e9m de 10 brasileiros. O in\u00edcio das aulas est\u00e1 previsto para a primeira semana do m\u00eas [&hellip;]<\/p>\n","protected":false},"author":1,"featured_media":0,"comment_status":"open","ping_status":"open","sticky":false,"template":"","format":"standard","meta":{"footnotes":""},"categories":[84],"tags":[],"_links":{"self":[{"href":"https:\/\/acs.org.br\/academy\/wp-json\/wp\/v2\/posts\/77899"}],"collection":[{"href":"https:\/\/acs.org.br\/academy\/wp-json\/wp\/v2\/posts"}],"about":[{"href":"https:\/\/acs.org.br\/academy\/wp-json\/wp\/v2\/types\/post"}],"author":[{"embeddable":true,"href":"https:\/\/acs.org.br\/academy\/wp-json\/wp\/v2\/users\/1"}],"replies":[{"embeddable":true,"href":"https:\/\/acs.org.br\/academy\/wp-json\/wp\/v2\/comments?post=77899"}],"version-history":[{"count":0,"href":"https:\/\/acs.org.br\/academy\/wp-json\/wp\/v2\/posts\/77899\/revisions"}],"wp:attachment":[{"href":"https:\/\/acs.org.br\/academy\/wp-json\/wp\/v2\/media?parent=77899"}],"wp:term":[{"taxonomy":"category","embeddable":true,"href":"https:\/\/acs.org.br\/academy\/wp-json\/wp\/v2\/categories?post=77899"},{"taxonomy":"post_tag","embeddable":true,"href":"https:\/\/acs.org.br\/academy\/wp-json\/wp\/v2\/tags?post=77899"}],"curies":[{"name":"wp","href":"https:\/\/api.w.org\/{rel}","templated":true}]}}