{"id":77871,"date":"2017-06-06T17:32:20","date_gmt":"2017-06-06T20:32:20","guid":{"rendered":"http:\/\/127.0.0.1\/acs\/ensino-5\/"},"modified":"2017-06-06T17:32:20","modified_gmt":"2017-06-06T20:32:20","slug":"ensino-5","status":"publish","type":"post","link":"https:\/\/acs.org.br\/academy\/ensino-5\/","title":{"rendered":"Reuni\u00e3o da C\u00e2mara de Ensino da ACS &#8211; Integrantes recebem presidente da Funda\u00e7\u00e3o Parque Tecnol\u00f3gico de Santos e firmam parceria"},"content":{"rendered":"<p style=\"text-align: left;\" align=\"center\">Fonte: Assessoria de imprensa ACS<\/p>\n<p>Integrantes da C\u00e2mara Setorial de Ensino da Associa\u00e7\u00e3o Comercial de Santos (ACS) firmaram uma parceria de coopera\u00e7\u00e3o com a Funda\u00e7\u00e3o Parque Tecnol\u00f3gico de Santos, durante reuni\u00e3o realizada nesta ter\u00e7a-feira (6), na Unimonte. O objetivo \u00e9 colocar professores, instala\u00e7\u00f5es e os equipamentos das universidades \u00e0 disposi\u00e7\u00e3o do Parque Tecnol\u00f3gico, para ampliar o desenvolvimento das pesquisas.<\/p>\n<\/p>\n<p>O diretor-presidente do Parque Tecnol\u00f3gico de Santos, Ant\u00f4nio Carlos Silva Gon\u00e7alves, exp\u00f4s aos participantes os objetivos de sua gest\u00e3o frente ao equipamento e falou sobre a import\u00e2ncia da articula\u00e7\u00e3o com as institui\u00e7\u00f5es de ensino.<\/p>\n<p>\u201cEssa parceria \u00e9 fundamental. O Parque Tecnol\u00f3gico \u00e9 um agente fomentador do desenvolvimento da tecnologia e do empreendedorismo e, apesar de a ACS j\u00e1 fazer parte do conselho do Parque, essa parceria nos fortalece e aproxima nosso relacionamento. Estamos come\u00e7ando essa caminhada juntos, para dar condi\u00e7\u00f5es aos universit\u00e1rios, para que eles deem continuidade em sua forma\u00e7\u00e3o profissional, partindo para o caminho do empreendedorismo em tecnologia, que \u00e9 uma op\u00e7\u00e3o de sucesso no mundo todo\u201d.<\/p>\n<p>A coordenadora da C\u00e2mara Setorial de Educa\u00e7\u00e3o, Silvia Teixeira Penteado, ressaltou que as institui\u00e7\u00f5es de ensino est\u00e3o empenhadas em envolver e trazer para a regi\u00e3o ind\u00fastrias que possam se estabelecer na Cidade e atrair novas demandas e recursos para a Baixada Santista.<\/p>\n<p>\u201cDesde j\u00e1 queremos aproximar nossas institui\u00e7\u00f5es para que se inicie o contato entre a equipe do Parque e nossos alunos, pesquisadores e instala\u00e7\u00f5es. Assim, poderemos proporcionar, certamente, desenvolvimento para nossa regi\u00e3o\u201d.<\/p>\n<p><b>Encontro<\/b><\/p>\n<p>Na ocasi\u00e3o, a coordenadora da C\u00e2mara aproveitou para convidar os participantes e tamb\u00e9m todos os associados \u00e0 ACS para um encontro com o engenheiro Am\u00e9rico Martins Craveiro, coordenador-adjunto de Pesquisa para Inova\u00e7\u00e3o da Funda\u00e7\u00e3o de Amparo \u00e0 Pesquisa do Estado de S\u00e3o Paulo (Fapesp), marcado para a pr\u00f3xima sexta-feira (9), \u00e0s 10h30, na UniSanta.<\/p>\n<p>Ele vir\u00e1 detalhar como funciona o <a href=\"http:\/\/www.fapesp.br\/pipe\/normas\/\">Programa de Pesquisa Inovativa em Pequenas Empresas (Pipe)<\/a>.<\/p>\n<p>\u201cSer\u00e1 um importante momento para aproximar empresas, incubadoras e start ups que tenham interesse em desenvolver seus projetos. Ele falar\u00e1 como a Baixada Santista pode se beneficiar com esse programa\u201d, explicou Silvia.<\/p>\n<p><b>Rodada da Cidadania<\/b><\/p>\n<p>Outro evento promovido pela C\u00e2mara de Ensino, juntamente com as outras 21 c\u00e2maras setoriais da ACS, a Rodada da Cidadania, foi agendado para o dia 7 de julho, \u00e0s 10 horas, no audit\u00f3rio da TV Tribuna.<\/p>\n<p>Segundo Silvia Teixeira Penteado, o objetivo \u00e9 promover o encontro com autoridades de destaque nacional, para a apresenta\u00e7\u00e3o de propostas ligadas a todas as c\u00e2maras da ACS.<\/p>\n<p>\u201cO convidado para essa primeira rodada foi o vice-governador do Estado de S\u00e3o Paulo, Marcio Fran\u00e7a, que vir\u00e1 discutir o desenvolvimento da regi\u00e3o e qual o apoio que a Secretaria de Desenvolvimento Econ\u00f4mico, Ci\u00eancia, Tecnologia e Inova\u00e7\u00e3o do Estado de S\u00e3o Paulo pode nos dar\u201d.<\/p>\n<p><img loading=\"lazy\" decoding=\"async\" class=\" size-full wp-image-77868\" src=\"http:\/\/127.0.0.1\/acs\/wp-content\/uploads\/2017\/06\/WEB_2017_JUNHO_ENSINO-W_ENSINO2.JPG\" width=\"570\" height=\"413\" srcset=\"https:\/\/acs.org.br\/academy\/wp-content\/uploads\/2017\/06\/WEB_2017_JUNHO_ENSINO-W_ENSINO2.JPG 570w, https:\/\/acs.org.br\/academy\/wp-content\/uploads\/2017\/06\/WEB_2017_JUNHO_ENSINO-W_ENSINO2-300x217.jpg 300w\" sizes=\"(max-width: 570px) 100vw, 570px\" \/><\/p>\n<p><img loading=\"lazy\" decoding=\"async\" class=\" size-full wp-image-77869\" src=\"http:\/\/127.0.0.1\/acs\/wp-content\/uploads\/2017\/06\/WEB_2017_JUNHO_ENSINO-W_ENSINO3.JPG\" width=\"570\" height=\"428\" srcset=\"https:\/\/acs.org.br\/academy\/wp-content\/uploads\/2017\/06\/WEB_2017_JUNHO_ENSINO-W_ENSINO3.JPG 570w, https:\/\/acs.org.br\/academy\/wp-content\/uploads\/2017\/06\/WEB_2017_JUNHO_ENSINO-W_ENSINO3-300x225.jpg 300w\" sizes=\"(max-width: 570px) 100vw, 570px\" \/><\/p>\n<p><img loading=\"lazy\" decoding=\"async\" class=\" size-full wp-image-77870\" src=\"http:\/\/127.0.0.1\/acs\/wp-content\/uploads\/2017\/06\/WEB_2017_JUNHO_ENSINO-W_ENSINO4.JPG\" width=\"570\" height=\"370\" srcset=\"https:\/\/acs.org.br\/academy\/wp-content\/uploads\/2017\/06\/WEB_2017_JUNHO_ENSINO-W_ENSINO4.JPG 570w, https:\/\/acs.org.br\/academy\/wp-content\/uploads\/2017\/06\/WEB_2017_JUNHO_ENSINO-W_ENSINO4-300x195.jpg 300w\" sizes=\"(max-width: 570px) 100vw, 570px\" \/><\/p>\n","protected":false},"excerpt":{"rendered":"<p>Fonte: Assessoria de imprensa ACS Integrantes da C\u00e2mara Setorial de Ensino da Associa\u00e7\u00e3o Comercial de Santos (ACS) firmaram uma parceria de coopera\u00e7\u00e3o com a Funda\u00e7\u00e3o Parque Tecnol\u00f3gico de Santos, durante reuni\u00e3o realizada nesta ter\u00e7a-feira (6), na Unimonte. O objetivo \u00e9 colocar professores, instala\u00e7\u00f5es e os equipamentos das universidades \u00e0 disposi\u00e7\u00e3o do Parque Tecnol\u00f3gico, para ampliar [&hellip;]<\/p>\n","protected":false},"author":1,"featured_media":77867,"comment_status":"open","ping_status":"open","sticky":false,"template":"","format":"standard","meta":{"footnotes":""},"categories":[84],"tags":[],"_links":{"self":[{"href":"https:\/\/acs.org.br\/academy\/wp-json\/wp\/v2\/posts\/77871"}],"collection":[{"href":"https:\/\/acs.org.br\/academy\/wp-json\/wp\/v2\/posts"}],"about":[{"href":"https:\/\/acs.org.br\/academy\/wp-json\/wp\/v2\/types\/post"}],"author":[{"embeddable":true,"href":"https:\/\/acs.org.br\/academy\/wp-json\/wp\/v2\/users\/1"}],"replies":[{"embeddable":true,"href":"https:\/\/acs.org.br\/academy\/wp-json\/wp\/v2\/comments?post=77871"}],"version-history":[{"count":0,"href":"https:\/\/acs.org.br\/academy\/wp-json\/wp\/v2\/posts\/77871\/revisions"}],"wp:featuredmedia":[{"embeddable":true,"href":"https:\/\/acs.org.br\/academy\/wp-json\/wp\/v2\/media\/77867"}],"wp:attachment":[{"href":"https:\/\/acs.org.br\/academy\/wp-json\/wp\/v2\/media?parent=77871"}],"wp:term":[{"taxonomy":"category","embeddable":true,"href":"https:\/\/acs.org.br\/academy\/wp-json\/wp\/v2\/categories?post=77871"},{"taxonomy":"post_tag","embeddable":true,"href":"https:\/\/acs.org.br\/academy\/wp-json\/wp\/v2\/tags?post=77871"}],"curies":[{"name":"wp","href":"https:\/\/api.w.org\/{rel}","templated":true}]}}