{"id":77852,"date":"2017-06-05T16:59:41","date_gmt":"2017-06-05T19:59:41","guid":{"rendered":"http:\/\/127.0.0.1\/acs\/reforma-para-modernizacao-da-acs-90-das-demolicoes-estao-finalizadas-e-o-total-de-30-da-obra-esta-concluido\/"},"modified":"2017-06-05T16:59:41","modified_gmt":"2017-06-05T19:59:41","slug":"reforma-para-modernizacao-da-acs-90-das-demolicoes-estao-finalizadas-e-o-total-de-30-da-obra-esta-concluido","status":"publish","type":"post","link":"https:\/\/acs.org.br\/academy\/reforma-para-modernizacao-da-acs-90-das-demolicoes-estao-finalizadas-e-o-total-de-30-da-obra-esta-concluido\/","title":{"rendered":"Reforma para moderniza\u00e7\u00e3o da ACS &#8211; 90% das demoli\u00e7\u00f5es est\u00e3o finalizadas e o total de 30% da obra est\u00e1 conclu\u00eddo"},"content":{"rendered":"<p style=\"text-align: left;\" align=\"center\">Fonte: Assessoria de imprensa ACS<\/p>\n<p>A obra de moderniza\u00e7\u00e3o da Associa\u00e7\u00e3o Comercial de Santos (ACS) j\u00e1 teve 90% de suas demoli\u00e7\u00f5es finalizadas e o total de 30%, de toda a reforma, conclu\u00eddo.<\/p>\n<\/p>\n<p><img loading=\"lazy\" decoding=\"async\" class=\" size-full wp-image-77847\" src=\"http:\/\/127.0.0.1\/acs\/wp-content\/uploads\/2017\/06\/WEB_2017_JUNHO_OBRA-02-06-2017-W_OBRA-02-06-2017_0004.jpg\" width=\"570\" height=\"428\" srcset=\"https:\/\/acs.org.br\/academy\/wp-content\/uploads\/2017\/06\/WEB_2017_JUNHO_OBRA-02-06-2017-W_OBRA-02-06-2017_0004.jpg 570w, https:\/\/acs.org.br\/academy\/wp-content\/uploads\/2017\/06\/WEB_2017_JUNHO_OBRA-02-06-2017-W_OBRA-02-06-2017_0004-300x225.jpg 300w\" sizes=\"(max-width: 570px) 100vw, 570px\" \/><\/p>\n<p>As informa\u00e7\u00f5es s\u00e3o do engenheiro respons\u00e1vel pelo gerenciamento da obra, Alexandre Alonso, propriet\u00e1rio da empresa Alonso Engenharia.<\/p>\n<p>\u201cAinda faltam derrubar algumas alvenarias. Nessa fase \u00e9 preciso muito cuidado, porque \u00e9 um pr\u00e9dio antigo, hist\u00f3rico, com muitas intercorr\u00eancias que a gente descobre apenas quando abre. Por isso, fazemos sempre uma estrutura auxiliar, normalmente met\u00e1lica, \u00e0s vezes de concreto, para que o pr\u00e9dio fique est\u00e1vel\u201d.<\/p>\n<p>Ele explicou que as demoli\u00e7\u00f5es j\u00e1 foram realizadas em setores importantes, como na parte do fundo do pr\u00e9dio, onde ser\u00e1 ampliado o audit\u00f3rio, na secretaria, diretoria-executiva e na sala da assessoria de imprensa, onde \u00e9 necess\u00e1ria maior cautela.<\/p>\n<p><img loading=\"lazy\" decoding=\"async\" class=\" size-full wp-image-77848\" src=\"http:\/\/127.0.0.1\/acs\/wp-content\/uploads\/2017\/06\/WEB_2017_MAIO_OBRA-30-05-2017-W_OBRA-30-05-2017-009.jpg\" width=\"570\" height=\"416\" srcset=\"https:\/\/acs.org.br\/academy\/wp-content\/uploads\/2017\/06\/WEB_2017_MAIO_OBRA-30-05-2017-W_OBRA-30-05-2017-009.jpg 570w, https:\/\/acs.org.br\/academy\/wp-content\/uploads\/2017\/06\/WEB_2017_MAIO_OBRA-30-05-2017-W_OBRA-30-05-2017-009-300x219.jpg 300w\" sizes=\"(max-width: 570px) 100vw, 570px\" \/><\/p>\n<p><img loading=\"lazy\" decoding=\"async\" class=\" size-full wp-image-77849\" src=\"http:\/\/127.0.0.1\/acs\/wp-content\/uploads\/2017\/06\/WEB_2017_JUNHO_OBRA-02-06-2017-W_OBRA-02-06-2017_0002.jpg\" width=\"570\" height=\"428\" srcset=\"https:\/\/acs.org.br\/academy\/wp-content\/uploads\/2017\/06\/WEB_2017_JUNHO_OBRA-02-06-2017-W_OBRA-02-06-2017_0002.jpg 570w, https:\/\/acs.org.br\/academy\/wp-content\/uploads\/2017\/06\/WEB_2017_JUNHO_OBRA-02-06-2017-W_OBRA-02-06-2017_0002-300x225.jpg 300w\" sizes=\"(max-width: 570px) 100vw, 570px\" \/><\/p>\n<p>\u201cEstamos tomando cuidado maior no primeiro pavimento, porque l\u00e1 existe uma parede grande, com 9 metros de comprimento, com o p\u00e9 direto alto. Tamb\u00e9m vamos colocar uma estrutura met\u00e1lica ali, para auxiliar o trabalho, antes da demoli\u00e7\u00e3o. Com isso, j\u00e1 temos o total de 30% da obra conclu\u00eddo\u201d.<\/p>\n<p><b>Elevador<\/b><\/p>\n<p>O novo elevador, que ser\u00e1 instalado para dar maior comodidade aos s\u00f3cios, funcion\u00e1rios e diretores da ACS j\u00e1 est\u00e1 com 95% da estrutura met\u00e1lica prontos.<\/p>\n<p>\u201cEncontramos uma interfer\u00eancia do pr\u00e9dio que n\u00e3o estava prevista. Ent\u00e3o, tiramos a cobertura da antiga sala da diretoria executiva para colocar uma nova laje sobre a estrutura da sala e do elevador. Agora vamos impermeabilizar e colocar o telhado, que tem que ser original, porque o pr\u00e9dio \u00e9 NP2 (n\u00edvel de prote\u00e7\u00e3o 2)\u201d.<\/p>\n<p><img loading=\"lazy\" decoding=\"async\" class=\" size-full wp-image-77850\" src=\"http:\/\/127.0.0.1\/acs\/wp-content\/uploads\/2017\/06\/WEB_2017_JUNHO_OBRA-02-06-2017-W_OBRA-02-06-2017_0006.jpg\" width=\"570\" height=\"428\" srcset=\"https:\/\/acs.org.br\/academy\/wp-content\/uploads\/2017\/06\/WEB_2017_JUNHO_OBRA-02-06-2017-W_OBRA-02-06-2017_0006.jpg 570w, https:\/\/acs.org.br\/academy\/wp-content\/uploads\/2017\/06\/WEB_2017_JUNHO_OBRA-02-06-2017-W_OBRA-02-06-2017_0006-300x225.jpg 300w\" sizes=\"(max-width: 570px) 100vw, 570px\" \/><\/p>\n<p><img loading=\"lazy\" decoding=\"async\" class=\" size-full wp-image-77851\" src=\"http:\/\/127.0.0.1\/acs\/wp-content\/uploads\/2017\/06\/WEB_2017_JUNHO_OBRA-02-06-2017-W_OBRA-02-06-2017_0009.jpg\" width=\"570\" height=\"428\" srcset=\"https:\/\/acs.org.br\/academy\/wp-content\/uploads\/2017\/06\/WEB_2017_JUNHO_OBRA-02-06-2017-W_OBRA-02-06-2017_0009.jpg 570w, https:\/\/acs.org.br\/academy\/wp-content\/uploads\/2017\/06\/WEB_2017_JUNHO_OBRA-02-06-2017-W_OBRA-02-06-2017_0009-300x225.jpg 300w\" sizes=\"(max-width: 570px) 100vw, 570px\" \/><\/p>\n<p><b>Novo ritmo<\/b><\/p>\n<p>Alonso disse que 85% da funda\u00e7\u00e3o da obra est\u00e3o conclu\u00eddos, inclusive a da caixa d\u2019\u00e1gua do t\u00e9rreo. Com a funda\u00e7\u00e3o finalizada, a obra ganha um novo ritmo, afirmou.<\/p>\n<p>\u201cCome\u00e7aremos a construir a estrutura propriamente dita, ou seja, os pilares para amplia\u00e7\u00e3o do audit\u00f3rio. Saindo da fase da infraestrutura e da superestrutura, que s\u00e3o os pilares, as vigas e as lajes, a obra fica desimpedida para seguirmos com a constru\u00e7\u00e3o\u201d.<\/p>\n<p><b>Projeto<\/b><\/p>\n<p>O projeto prev\u00ea, entre outras mudan\u00e7as, a amplia\u00e7\u00e3o e moderniza\u00e7\u00e3o do audit\u00f3rio (com novos equipamentos de ilumina\u00e7\u00e3o, \u00e1udio e v\u00eddeo); amplia\u00e7\u00e3o da sala onde s\u00e3o emitidos os certificados de origem; instala\u00e7\u00e3o de um novo elevador e de novos banheiros no primeiro andar, al\u00e9m de pintura e reformas el\u00e9trica e hidr\u00e1ulica de todo o pr\u00e9dio.<\/p>\n<p>A partir do t\u00e9rmino da obra de moderniza\u00e7\u00e3o, novos servi\u00e7os ser\u00e3o implantados, ampliando o apoio aos associados e ao p\u00fablico em geral.<\/p>\n<p>\u00a0<\/p>\n<p>\u00a0<\/p>\n<p>\u00a0<\/p>\n<p>\u00a0<\/p>\n","protected":false},"excerpt":{"rendered":"<p>Fonte: Assessoria de imprensa ACS A obra de moderniza\u00e7\u00e3o da Associa\u00e7\u00e3o Comercial de Santos (ACS) j\u00e1 teve 90% de suas demoli\u00e7\u00f5es finalizadas e o total de 30%, de toda a reforma, conclu\u00eddo. As informa\u00e7\u00f5es s\u00e3o do engenheiro respons\u00e1vel pelo gerenciamento da obra, Alexandre Alonso, propriet\u00e1rio da empresa Alonso Engenharia. \u201cAinda faltam derrubar algumas alvenarias. Nessa [&hellip;]<\/p>\n","protected":false},"author":1,"featured_media":77846,"comment_status":"open","ping_status":"open","sticky":false,"template":"","format":"standard","meta":{"footnotes":""},"categories":[84],"tags":[],"_links":{"self":[{"href":"https:\/\/acs.org.br\/academy\/wp-json\/wp\/v2\/posts\/77852"}],"collection":[{"href":"https:\/\/acs.org.br\/academy\/wp-json\/wp\/v2\/posts"}],"about":[{"href":"https:\/\/acs.org.br\/academy\/wp-json\/wp\/v2\/types\/post"}],"author":[{"embeddable":true,"href":"https:\/\/acs.org.br\/academy\/wp-json\/wp\/v2\/users\/1"}],"replies":[{"embeddable":true,"href":"https:\/\/acs.org.br\/academy\/wp-json\/wp\/v2\/comments?post=77852"}],"version-history":[{"count":0,"href":"https:\/\/acs.org.br\/academy\/wp-json\/wp\/v2\/posts\/77852\/revisions"}],"wp:featuredmedia":[{"embeddable":true,"href":"https:\/\/acs.org.br\/academy\/wp-json\/wp\/v2\/media\/77846"}],"wp:attachment":[{"href":"https:\/\/acs.org.br\/academy\/wp-json\/wp\/v2\/media?parent=77852"}],"wp:term":[{"taxonomy":"category","embeddable":true,"href":"https:\/\/acs.org.br\/academy\/wp-json\/wp\/v2\/categories?post=77852"},{"taxonomy":"post_tag","embeddable":true,"href":"https:\/\/acs.org.br\/academy\/wp-json\/wp\/v2\/tags?post=77852"}],"curies":[{"name":"wp","href":"https:\/\/api.w.org\/{rel}","templated":true}]}}