{"id":77707,"date":"2017-05-18T16:51:30","date_gmt":"2017-05-18T19:51:30","guid":{"rendered":"http:\/\/127.0.0.1\/acs\/associacao-comercial-de-santos-emite-os-primeiros-certificados-de-origem-digital\/"},"modified":"2017-05-18T16:51:30","modified_gmt":"2017-05-18T19:51:30","slug":"associacao-comercial-de-santos-emite-os-primeiros-certificados-de-origem-digital","status":"publish","type":"post","link":"https:\/\/acs.org.br\/academy\/associacao-comercial-de-santos-emite-os-primeiros-certificados-de-origem-digital\/","title":{"rendered":"Associa\u00e7\u00e3o Comercial de Santos emite os primeiros Certificados de Origem Digital"},"content":{"rendered":"<p style=\"text-align: left;\" align=\"center\">Com sucesso absoluto, com ganhos em seguran\u00e7a e agilidade, a Associa\u00e7\u00e3o Comercial de Santos emitiu seus primeiros Certificados de Origem Digital, no contexto do recente acordo bilateral assinado entre Brasil e Argentina. &nbsp;Esse novo sistema, desenvolvido diretamente&nbsp;pelos governos no \u00e2mbito da Associa\u00e7\u00e3o Latino Americana de Integra\u00e7\u00e3o \u2013 Aladi \u2013 em conjunto com as institui\u00e7\u00f5es emissoras, elimina definitivamente a utiliza\u00e7\u00e3o de papel. Gradativamente, o servi\u00e7o ser\u00e1 ampliado para outros pa\u00edses membros da Aladi, tais como M\u00e9xico, Chile, Bol\u00edvia, Paraguai e Uruguai, dentre outros.<\/p>\n<p>O COD \u00e9 um sistema que permite a emiss\u00e3o eletr\u00f4nica do Certificado de Origem por meio de assinatura digital utilizando e-CPF tipo A-3. \u00c9 simples, r\u00e1pido e muito seguro e representa um grande avan\u00e7o tecnol\u00f3gico nas opera\u00e7\u00f5es de com\u00e9rcio exterior.<\/p>\n<p>A Associa\u00e7\u00e3o Comercial de Santos est\u00e1 integrada a esse processo desde 2009, acompanhando e contribuindo com o Governo Federal por meio do Minist\u00e9rio da Ind\u00fastria e Com\u00e9rcio (MDIC).<\/p>\n<p>Para o presidente da Associa\u00e7\u00e3o Comercial de Santos, Roberto Clemente Santini, a integra\u00e7\u00e3o ao COD \u00e9 consequ\u00eancia de um longo trabalho, visando sempre a melhoria dos servi\u00e7os prestados aos associados e aos empres\u00e1rios em geral.<\/p>\n<p>\u201cSem d\u00favida, \u00e9 mais uma grande conquista da nossa Associa\u00e7\u00e3o Comercial de Santos e demonstra a permanente preocupa\u00e7\u00e3o com a moderniza\u00e7\u00e3o tecnol\u00f3gica. Trata-se de um grande avan\u00e7o, com benef\u00edcios diretos para o com\u00e9rcio exterior brasileiro\u201d.<\/p>\n<p><b>Sobre o Certificado de Origem<\/b><\/p>\n<p>O Certificado de Origem \u00e9 documento que comprova ao pa\u00eds comprador a proced\u00eancia do produto adquirido. O modelo varia de acordo com o artigo negociado e com o bloco econ\u00f4mico de que cada na\u00e7\u00e3o importadora faz parte.<\/p>\n<p>Embora seja exigido pelo importador e\/ou pela aduana do pa\u00eds importador, com fins de redu\u00e7\u00e3o ou isen\u00e7\u00e3o do imposto de importa\u00e7\u00e3o, o Certificado de Origem tamb\u00e9m pode ser solicitado pelo pr\u00f3prio exportador, ainda que seu cliente n\u00e3o tenha qualquer benef\u00edcio tribut\u00e1rio. Neste caso, o envio deste documento traz maior credibilidade.<\/p>\n<p>Ao emitir o Certificado de Origem, o importador \u00e9 beneficiado com redu\u00e7\u00e3o e at\u00e9 elimina\u00e7\u00e3o de impostos de importa\u00e7\u00e3o. O exportador, por sua vez, pode oferecer produtos a pre\u00e7os mais competitivos, o que facilita a conquista de mercados. Para os consumidores, o aumento da concorr\u00eancia multiplica as chances de aquisi\u00e7\u00e3o de produtos de melhor qualidade e melhores pre\u00e7os.<\/p>\n<p>Vale lembrar que a Associa\u00e7\u00e3o Comercial de Santos presta o servi\u00e7o de emiss\u00e3o do Certificado de Origem tanto para as empresas associadas (que t\u00eam desconto nos valores), quanto para as n\u00e3o associadas.<\/p>\n","protected":false},"excerpt":{"rendered":"<p>Com sucesso absoluto, com ganhos em seguran\u00e7a e agilidade, a Associa\u00e7\u00e3o Comercial de Santos emitiu seus primeiros Certificados de Origem Digital, no contexto do recente acordo bilateral assinado entre Brasil e Argentina. &nbsp;Esse novo sistema, desenvolvido diretamente&nbsp;pelos governos no \u00e2mbito da Associa\u00e7\u00e3o Latino Americana de Integra\u00e7\u00e3o \u2013 Aladi \u2013 em conjunto com as institui\u00e7\u00f5es emissoras, [&hellip;]<\/p>\n","protected":false},"author":1,"featured_media":0,"comment_status":"open","ping_status":"open","sticky":false,"template":"","format":"standard","meta":{"footnotes":""},"categories":[84],"tags":[],"_links":{"self":[{"href":"https:\/\/acs.org.br\/academy\/wp-json\/wp\/v2\/posts\/77707"}],"collection":[{"href":"https:\/\/acs.org.br\/academy\/wp-json\/wp\/v2\/posts"}],"about":[{"href":"https:\/\/acs.org.br\/academy\/wp-json\/wp\/v2\/types\/post"}],"author":[{"embeddable":true,"href":"https:\/\/acs.org.br\/academy\/wp-json\/wp\/v2\/users\/1"}],"replies":[{"embeddable":true,"href":"https:\/\/acs.org.br\/academy\/wp-json\/wp\/v2\/comments?post=77707"}],"version-history":[{"count":0,"href":"https:\/\/acs.org.br\/academy\/wp-json\/wp\/v2\/posts\/77707\/revisions"}],"wp:attachment":[{"href":"https:\/\/acs.org.br\/academy\/wp-json\/wp\/v2\/media?parent=77707"}],"wp:term":[{"taxonomy":"category","embeddable":true,"href":"https:\/\/acs.org.br\/academy\/wp-json\/wp\/v2\/categories?post=77707"},{"taxonomy":"post_tag","embeddable":true,"href":"https:\/\/acs.org.br\/academy\/wp-json\/wp\/v2\/tags?post=77707"}],"curies":[{"name":"wp","href":"https:\/\/api.w.org\/{rel}","templated":true}]}}