{"id":77599,"date":"2017-05-09T16:27:03","date_gmt":"2017-05-09T19:27:03","guid":{"rendered":"http:\/\/127.0.0.1\/acs\/camara-setorial-de-instituicoes-de-ensino-da-acs-realiza-primeira-reuniao-com-nova-coordenadoria-e-apresenta-projetos-para-essa-gestao\/"},"modified":"2017-05-09T16:27:03","modified_gmt":"2017-05-09T19:27:03","slug":"camara-setorial-de-instituicoes-de-ensino-da-acs-realiza-primeira-reuniao-com-nova-coordenadoria-e-apresenta-projetos-para-essa-gestao","status":"publish","type":"post","link":"https:\/\/acs.org.br\/academy\/camara-setorial-de-instituicoes-de-ensino-da-acs-realiza-primeira-reuniao-com-nova-coordenadoria-e-apresenta-projetos-para-essa-gestao\/","title":{"rendered":"C\u00e2mara Setorial de Institui\u00e7\u00f5es de Ensino da ACS realiza primeira reuni\u00e3o com nova coordenadoria e apresenta projetos para essa gest\u00e3o"},"content":{"rendered":"<p class=\"MsoNormal\" align=\"center\" style=\"text-align: left;\"><span style=\"font-family: Arial, sans-serif; font-size: 12pt;\">Fonte: Assessoria de imprensa ACS<\/span><\/p>\n<p class=\"MsoNormal\" align=\"center\" style=\"text-align: left;\"><span style=\"font-family: Arial, sans-serif; font-size: 12pt;\"><br \/><\/span><\/p>\n<p class=\"MsoNormal\"><span style=\"font-size: 12.0pt; line-height: 115%; font-family: &quot;Arial&quot;,&quot;sans-serif&quot;;\">Em sua primeira reuni\u00e3o, realizada nesta ter\u00e7a-feira (9) na Universidade Santa Cec\u00edlia, ap\u00f3s a elei\u00e7\u00e3o dos coordenadores das C\u00e2maras Setoriais da Associa\u00e7\u00e3o Comercial de Santos (gest\u00e3o 2017\/2020), os novos dirigentes da C\u00e2mara Setorial de Institui\u00e7\u00f5es de Ensino apresentaram grandes projetos, entre eles encontros com autoridades nacionais e uma rede de coopera\u00e7\u00e3o entre as organiza\u00e7\u00f5es. <o:p><\/o:p><\/span><\/p>\n<p class=\"MsoNormal\"><span style=\"font-family: Arial, sans-serif; font-size: 12pt;\">Participaram do encontro a nova coordenadora da C\u00e2mara, Silvia Teixeira Penteado (Unisanta), seu vice, Adalto Correa de Souza Jr. (Unimonte), o diretor-financeiro da ACS e ex-coordenador da C\u00e2mara, Edison da Silva Monteiro, o diretor-executivo da ACS, Marcio Calves, e representantes das institui\u00e7\u00f5es de ensino associadas.<\/span><\/p>\n<p class=\"MsoNormal\"><span style=\"font-size: 12.0pt; line-height: 115%; font-family: &quot;Arial&quot;,&quot;sans-serif&quot;;\"><img loading=\"lazy\" decoding=\"async\" class=\" size-full wp-image-77594\" src=\"http:\/\/127.0.0.1\/acs\/wp-content\/uploads\/2017\/05\/WEB_2017_MAIO_UNISANTA-W_UNISANTA-008.JPG\" width=\"570\" height=\"428\" srcset=\"https:\/\/acs.org.br\/academy\/wp-content\/uploads\/2017\/05\/WEB_2017_MAIO_UNISANTA-W_UNISANTA-008.JPG 570w, https:\/\/acs.org.br\/academy\/wp-content\/uploads\/2017\/05\/WEB_2017_MAIO_UNISANTA-W_UNISANTA-008-300x225.jpg 300w\" sizes=\"(max-width: 570px) 100vw, 570px\" \/><\/span><\/p>\n<p class=\"MsoNormal\"><img loading=\"lazy\" decoding=\"async\" class=\" size-full wp-image-77595\" src=\"http:\/\/127.0.0.1\/acs\/wp-content\/uploads\/2017\/05\/WEB_2017_MAIO_UNISANTA-W_UNISANTA-074.JPG\" width=\"570\" height=\"428\" srcset=\"https:\/\/acs.org.br\/academy\/wp-content\/uploads\/2017\/05\/WEB_2017_MAIO_UNISANTA-W_UNISANTA-074.JPG 570w, https:\/\/acs.org.br\/academy\/wp-content\/uploads\/2017\/05\/WEB_2017_MAIO_UNISANTA-W_UNISANTA-074-300x225.jpg 300w\" sizes=\"(max-width: 570px) 100vw, 570px\" \/><span style=\"font-size: 12.0pt; line-height: 115%; font-family: &quot;Arial&quot;,&quot;sans-serif&quot;;\">&nbsp;<\/span><\/p>\n<p class=\"MsoNormal\"><span style=\"font-size: 12.0pt; line-height: 115%; font-family: &quot;Arial&quot;,&quot;sans-serif&quot;;\">O primeiro projeto proposto consiste na cria\u00e7\u00e3o da chamada Rodada da Cidadania. Segundo a coordenadora, Silvia Teixeira Penteado, ideia ser\u00e1 promover eventos com autoridades de destaque nacional, para a apresenta\u00e7\u00e3o de propostas ligadas a todas as c\u00e2maras da ACS. <o:p><\/o:p><\/span><\/p>\n<p class=\"MsoNormal\"><span style=\"font-family: Arial, sans-serif; font-size: 12pt;\">\u201cOs integrantes das c\u00e2maras v\u00e3o elencar de pontos vitais para que a regi\u00e3o cres\u00e7a e dever\u00e3o apresent\u00e1-los \u00e0s autoridades. O primeiro convidado ser\u00e1 o vice-governador do Estado de S\u00e3o Paulo, Marcio Fran\u00e7a. A princ\u00edpio, esses eventos ser\u00e3o promovidos pela C\u00e2mara de Ensino, mas ser\u00e1 feito um convite para que todas as c\u00e2maras participem\u201d.<\/span><\/p>\n<p class=\"MsoNormal\"><span style=\"font-family: Arial, sans-serif; font-size: 12pt;\">Outra proposta apresentada consiste em criar um <\/span><i style=\"font-family: Arial, sans-serif; font-size: 12pt;\">banner<\/i><span style=\"font-family: Arial, sans-serif; font-size: 12pt;\"> fixo no site da ACS, para que sejam divulgados encontros, cursos de qualifica\u00e7\u00e3o, mesas-redondas e parcerias. \u201cA ideia \u00e9 abrir um espa\u00e7o no site onde mensalmente ser\u00e3o oferecidos os servi\u00e7os que as institui\u00e7\u00f5es promovem, para que haja uma intera\u00e7\u00e3o com a sociedade\u201d.<\/span><\/p>\n<p class=\"MsoNormal\"><span style=\"font-family: Arial, sans-serif; font-size: 12pt;\">Tamb\u00e9m foi sugerida a cria\u00e7\u00e3o de uma rede de coopera\u00e7\u00e3o produtiva entre as institui\u00e7\u00f5es de ensino, para a troca de informa\u00e7\u00f5es e indica\u00e7\u00f5es de melhores produtos e servi\u00e7os, por exemplo.<\/span><\/p>\n<p class=\"MsoNormal\"><span style=\"font-family: Arial, sans-serif; font-size: 12pt;\">\u201cN\u00f3s temos organiza\u00e7\u00f5es que disputam o mesmo mercado, mas isso n\u00e3o quer dizer que n\u00e3o existam formas de comunh\u00e3o entre n\u00f3s. Se estivermos fortalecidos, teremos uma educa\u00e7\u00e3o melhor na regi\u00e3o. Para isso, poderemos implantar, por exemplo, uma rede de produtos de almoxarifado, com indica\u00e7\u00f5es sobre onde vamos comprar esses produtos, com quem etc\u201d.<\/span><\/p>\n<p class=\"MsoNormal\"><span style=\"font-family: Arial, sans-serif; font-size: 12pt;\">Foi ressaltada, ainda, a import\u00e2ncia de iniciar, ainda este ano, os preparativos para o anivers\u00e1rio de 150 anos da ACS, comemorado em 2020.<\/span><\/p>\n<p class=\"MsoNormal\"><span style=\"font-family: Arial, sans-serif; font-size: 12pt;\">\u201cLan\u00e7amos para a diretoria um projeto rumo aos 150 anos, mostramos como poderemos contribuir para o levantamento de dados para que seja organizado um grande evento em conjunto com as outras c\u00e2maras\u201d, finalizou Silvia.<\/span><\/p>\n<p class=\"MsoNormal\">\u00a0<\/p>\n<p class=\"MsoNormal\"><b><span style=\"font-size: 12.0pt; line-height: 115%; font-family: &quot;Arial&quot;,&quot;sans-serif&quot;;\">Navega\u00e7\u00e3o<o:p><\/o:p><\/span><\/b><\/p>\n<p class=\"MsoNormal\"><span style=\"font-family: Arial, sans-serif; font-size: 12pt;\">Na tarde desta ter\u00e7a-feira, foi realizada a reuni\u00e3o da C\u00e2mara Setorial de Navega\u00e7\u00e3o, no audit\u00f3rio do Sindamar, em raz\u00e3o das obras de moderniza\u00e7\u00e3o da sede da ACS.<\/span><\/p>\n<p class=\"MsoNormal\"><img loading=\"lazy\" decoding=\"async\" class=\" size-full wp-image-77596\" src=\"http:\/\/127.0.0.1\/acs\/wp-content\/uploads\/2017\/05\/WEB_2017_MAIO_CAMARA-W_CAMARA-015.JPG\" width=\"570\" height=\"428\" srcset=\"https:\/\/acs.org.br\/academy\/wp-content\/uploads\/2017\/05\/WEB_2017_MAIO_CAMARA-W_CAMARA-015.JPG 570w, https:\/\/acs.org.br\/academy\/wp-content\/uploads\/2017\/05\/WEB_2017_MAIO_CAMARA-W_CAMARA-015-300x225.jpg 300w\" sizes=\"(max-width: 570px) 100vw, 570px\" \/><\/p>\n<p class=\"MsoNormal\"><span style=\"font-size: 12.0pt; line-height: 115%; font-family: &quot;Arial&quot;,&quot;sans-serif&quot;;\"><img loading=\"lazy\" decoding=\"async\" class=\" size-full wp-image-77597\" src=\"http:\/\/127.0.0.1\/acs\/wp-content\/uploads\/2017\/05\/WEB_2017_MAIO_CAMARA-W_CAMARA-011.JPG\" width=\"570\" height=\"428\" srcset=\"https:\/\/acs.org.br\/academy\/wp-content\/uploads\/2017\/05\/WEB_2017_MAIO_CAMARA-W_CAMARA-011.JPG 570w, https:\/\/acs.org.br\/academy\/wp-content\/uploads\/2017\/05\/WEB_2017_MAIO_CAMARA-W_CAMARA-011-300x225.jpg 300w\" sizes=\"(max-width: 570px) 100vw, 570px\" \/>&nbsp;<\/span><\/p>\n<p class=\"MsoNormal\"><span style=\"font-size: 12.0pt; line-height: 115%; font-family: &quot;Arial&quot;,&quot;sans-serif&quot;;\">Entre os principais assuntos discutidos estavam a continuidade da dragagem de ber\u00e7os do Porto de Santos e as obras de acesso ao complexo portu\u00e1rio, a partir da entrada da Cidade, por meio de um conv\u00eanio entre o munic\u00edpio, o Estado e a Uni\u00e3o.<o:p><\/o:p><\/span><\/p>\n<p class=\"MsoNormal\"><span style=\"font-family: Arial, sans-serif; font-size: 12pt;\">O in\u00edcio de dragagem geral do Porto, previsto na licita\u00e7\u00e3o promovida pela Secretaria Especial de Portos, tamb\u00e9m foi debatido. Esse trabalho, por\u00e9m, ainda deve demandar pelo menos quatro meses, per\u00edodo em que a Van Oord, vencedora da concorr\u00eancia, elaborar\u00e1 os projetos b\u00e1sico e executivo.<\/span><\/p>\n<p class=\"MsoNormal\"><span style=\"font-size: 12.0pt; line-height: 115%; font-family: &quot;Arial&quot;,&quot;sans-serif&quot;;\"><img loading=\"lazy\" decoding=\"async\" class=\" size-full wp-image-77598\" src=\"http:\/\/127.0.0.1\/acs\/wp-content\/uploads\/2017\/05\/WEB_2017_MAIO_CAMARA-W_CAMARA-025.JPG\" width=\"570\" height=\"428\" srcset=\"https:\/\/acs.org.br\/academy\/wp-content\/uploads\/2017\/05\/WEB_2017_MAIO_CAMARA-W_CAMARA-025.JPG 570w, https:\/\/acs.org.br\/academy\/wp-content\/uploads\/2017\/05\/WEB_2017_MAIO_CAMARA-W_CAMARA-025-300x225.jpg 300w\" sizes=\"(max-width: 570px) 100vw, 570px\" \/><br \/><\/span><\/p>\n<div id=\"_mcePaste\" class=\"mcePaste\" style=\"position: absolute; left: -10000px; top: 0px; width: 1px; height: 1px; overflow: hidden;\">\n<div id=\"_mcePaste\" class=\"mcePaste\" style=\"position: absolute; left: -10000px; top: 0px; width: 1px; height: 1px; overflow: hidden;\">editores@tvtribuna.com; tmdsouza@recordlitoral.com; jamileguimaraes@unisanta.br; scf@recordlitoral.com; glaucobraga.jornalista@gmail.com; esporte@tvtribuna.com; ge@tvtribuna.com; douglas@boqnews.com; tiagomourasalazar@gmail.com; esportes@diariodolitoral.com.br; esporte@atribuna.com.br; mayara@cbnsantos.com.br; guilherme@cbnsantos.com.br; oswaldo@cbnsantos.com.br; thiago.barbosa@cbn.com.br; gbello@tvb.com.br; felipe.cerqueira@grupofolha.com.br<\/div>\n<div id=\"_mcePaste\" class=\"mcePaste\" style=\"position: absolute; left: -10000px; top: 0px; width: 1px; height: 1px; overflow: hidden;\"><\/div>\n<div id=\"_mcePaste\" class=\"mcePaste\" style=\"position: absolute; left: -10000px; top: 0px; width: 1px; height: 1px; overflow: hidden;\">fernanda.pires@valor.com.b; tmdsouza@recordlitoral.com; syomura@recordlitoral.com;&nbsp;<\/div>\n<div id=\"_mcePaste\" class=\"mcePaste\" style=\"position: absolute; left: -10000px; top: 0px; width: 1px; height: 1px; overflow: hidden;\"><\/div>\n<div id=\"_mcePaste\" class=\"mcePaste\" style=\"position: absolute; left: -10000px; top: 0px; width: 1px; height: 1px; overflow: hidden;\">pauta@atribuna.com.br; expressopopular@expressopopular.com.br; arminda.augusto@atribuna.com.br; rosasantos@expressopopular.com.br<\/div>\n<div id=\"_mcePaste\" class=\"mcePaste\" style=\"position: absolute; left: -10000px; top: 0px; width: 1px; height: 1px; overflow: hidden;\"><\/div>\n<div id=\"_mcePaste\" class=\"mcePaste\" style=\"position: absolute; left: -10000px; top: 0px; width: 1px; height: 1px; overflow: hidden;\">cidades@atribuna.com.br; g1@tvtribuna.com; digital@atribuna.com.br; cacau_iglesias@hotmail.com; oswaldo@cbnsantos.com.br; gustavomiranda@atribuna.com.br; kamimaly@gmail.com<\/div>\n<div id=\"_mcePaste\" class=\"mcePaste\" style=\"position: absolute; left: -10000px; top: 0px; width: 1px; height: 1px; overflow: hidden;\"><\/div>\n<div id=\"_mcePaste\" class=\"mcePaste\" style=\"position: absolute; left: -10000px; top: 0px; width: 1px; height: 1px; overflow: hidden;\">A Tribuna &#8211; Agenda Cidad\u00e3 &lt;agendacidada@atribuna.com.br&gt;; carolbertholini@hotmail.com; maayraruas@gmail.com; cadernoregional@unisanta.br;&nbsp;<\/div>\n<div id=\"_mcePaste\" class=\"mcePaste\" style=\"position: absolute; left: -10000px; top: 0px; width: 1px; height: 1px; overflow: hidden;\"><\/div>\n<div id=\"_mcePaste\" class=\"mcePaste\" style=\"position: absolute; left: -10000px; top: 0px; width: 1px; height: 1px; overflow: hidden;\">A Tribuna &#8211; Dia a Dia &lt;diaadia@atribuna.com.br&gt;; editor@diariodolitoral.com.br; dnobrega@vtv.com.br<\/div>\n<div id=\"_mcePaste\" class=\"mcePaste\" style=\"position: absolute; left: -10000px; top: 0px; width: 1px; height: 1px; overflow: hidden;\"><\/div>\n<div id=\"_mcePaste\" class=\"mcePaste\" style=\"position: absolute; left: -10000px; top: 0px; width: 1px; height: 1px; overflow: hidden;\">A Tribuna &#8211; Baixada Santista &lt;baixadasantista@atribuna.com.br&gt;; brunogutierrezprieto@gmail.com; chris.red@atribuna.com.br<\/div>\n<div id=\"_mcePaste\" class=\"mcePaste\" style=\"position: absolute; left: -10000px; top: 0px; width: 1px; height: 1px; overflow: hidden;\"><\/div>\n<div id=\"_mcePaste\" class=\"mcePaste\" style=\"position: absolute; left: -10000px; top: 0px; width: 1px; height: 1px; overflow: hidden;\">A Tribuna &#8211; Economia &lt;economia@atribuna.com.br&gt;; thais.teles@tvtribuna.com; thais.rozo@tvtribuna.com;<\/div>\n<div id=\"_mcePaste\" class=\"mcePaste\" style=\"position: absolute; left: -10000px; top: 0px; width: 1px; height: 1px; overflow: hidden;\"><\/div>\n<div id=\"_mcePaste\" class=\"mcePaste\" style=\"position: absolute; left: -10000px; top: 0px; width: 1px; height: 1px; overflow: hidden;\">A Tribuna &#8211; Economia \/ Lucas Krempel &lt;lucaskrempel@atribuna.com.br&gt;; pauladedonato@gmail.com; Cidades &#8211; A Tribuna &lt;cidades@atribuna.com.br&gt;;<\/div>\n<div id=\"_mcePaste\" class=\"mcePaste\" style=\"position: absolute; left: -10000px; top: 0px; width: 1px; height: 1px; overflow: hidden;\"><\/div>\n<div id=\"_mcePaste\" class=\"mcePaste\" style=\"position: absolute; left: -10000px; top: 0px; width: 1px; height: 1px; overflow: hidden;\">A Tribuna &#8211; Coluna Mercado Regional &lt;mercadoregional@atribuna.com.br&gt;; michella@atribuna.com; nara@boqnews.com; monicabasile@unisanta.br; santaportal@unisanta.br<\/div>\n<div id=\"_mcePaste\" class=\"mcePaste\" style=\"position: absolute; left: -10000px; top: 0px; width: 1px; height: 1px; overflow: hidden;\"><\/div>\n<div id=\"_mcePaste\" class=\"mcePaste\" style=\"position: absolute; left: -10000px; top: 0px; width: 1px; height: 1px; overflow: hidden;\">A Tribuna Digital &lt;digital@atribuna.com.br&gt;; nathaly_azevedo@hotmail.com; orion.pires@gmail.com<\/div>\n<div id=\"_mcePaste\" class=\"mcePaste\" style=\"position: absolute; left: -10000px; top: 0px; width: 1px; height: 1px; overflow: hidden;\"><\/div>\n<div id=\"_mcePaste\" class=\"mcePaste\" style=\"position: absolute; left: -10000px; top: 0px; width: 1px; height: 1px; overflow: hidden;\">A Tribuna &#8211; Esportes &lt;esportes@atribuna.com.br&gt;; esportes@atribuna.com.br; esporte@expressopopular.com.br; sfcbarreto@recordlitoral.com; pimentel@atribuna.com.br;<\/div>\n<div id=\"_mcePaste\" class=\"mcePaste\" style=\"position: absolute; left: -10000px; top: 0px; width: 1px; height: 1px; overflow: hidden;\"><\/div>\n<div id=\"_mcePaste\" class=\"mcePaste\" style=\"position: absolute; left: -10000px; top: 0px; width: 1px; height: 1px; overflow: hidden;\">A Tribuna &#8211; Porto &amp; Mar &lt;portomar@atribuna.com.br&gt;; dmgomes@recordlitoral.com; jornalismo@recordlitoral.com<\/div>\n<div id=\"_mcePaste\" class=\"mcePaste\" style=\"position: absolute; left: -10000px; top: 0px; width: 1px; height: 1px; overflow: hidden;\"><\/div>\n<div id=\"_mcePaste\" class=\"mcePaste\" style=\"position: absolute; left: -10000px; top: 0px; width: 1px; height: 1px; overflow: hidden;\">A Tribuna &#8211; Sindical &lt;sindical@atribuna.com.br&gt;; cbnsantos@cbnsantos.com.br; nara@boqnews.com<\/div>\n<div id=\"_mcePaste\" class=\"mcePaste\" style=\"position: absolute; left: -10000px; top: 0px; width: 1px; height: 1px; overflow: hidden;\"><\/div>\n<div id=\"_mcePaste\" class=\"mcePaste\" style=\"position: absolute; left: -10000px; top: 0px; width: 1px; height: 1px; overflow: hidden;\">A Tribuna &#8211; AT Revista &lt;atrevista@atribuna.com.br&gt;; balbino@atribuna.com.br; simonequeiros@atribuna.com.br<\/div>\n<div id=\"_mcePaste\" class=\"mcePaste\" style=\"position: absolute; left: -10000px; top: 0px; width: 1px; height: 1px; overflow: hidden;\"><\/div>\n<div id=\"_mcePaste\" class=\"mcePaste\" style=\"position: absolute; left: -10000px; top: 0px; width: 1px; height: 1px; overflow: hidden;\">A Tribuna &#8211; Ind\u00fastria &lt;industria@atribuna.com.br&gt;; amandabarbieri83@gmail.com; gustavoklein@unisanta.br<\/div>\n<div id=\"_mcePaste\" class=\"mcePaste\" style=\"position: absolute; left: -10000px; top: 0px; width: 1px; height: 1px; overflow: hidden;\"><\/div>\n<div id=\"_mcePaste\" class=\"mcePaste\" style=\"position: absolute; left: -10000px; top: 0px; width: 1px; height: 1px; overflow: hidden;\">A Tribuna &#8211; Esportes &lt;esportes.red@atribunajornal.com.br&gt;; fernandalopes@atribuna.com.br<\/div>\n<div id=\"_mcePaste\" class=\"mcePaste\" style=\"position: absolute; left: -10000px; top: 0px; width: 1px; height: 1px; overflow: hidden;\"><\/div>\n<div id=\"_mcePaste\" class=\"mcePaste\" style=\"position: absolute; left: -10000px; top: 0px; width: 1px; height: 1px; overflow: hidden;\">A Tribuna &#8211; Galeria &lt;galeria@atribuna.com.br&gt;; editores@tvtribuna.com; eduardo@cecafe.com.br;&nbsp;<\/div>\n<div id=\"_mcePaste\" class=\"mcePaste\" style=\"position: absolute; left: -10000px; top: 0px; width: 1px; height: 1px; overflow: hidden;\"><\/div>\n<div id=\"_mcePaste\" class=\"mcePaste\" style=\"position: absolute; left: -10000px; top: 0px; width: 1px; height: 1px; overflow: hidden;\">A Tribuna &#8211; Brasil\/Mundo &#8211; Giselda Cardone Braz &lt;brasil@atribuna.com.br&gt;; klausrichmond2@gmail.com;&nbsp;<\/div>\n<div id=\"_mcePaste\" class=\"mcePaste\" style=\"position: absolute; left: -10000px; top: 0px; width: 1px; height: 1px; overflow: hidden;\"><\/div>\n<div id=\"_mcePaste\" class=\"mcePaste\" style=\"position: absolute; left: -10000px; top: 0px; width: 1px; height: 1px; overflow: hidden;\">A Tribuna &#8211; Jornal Motor &lt;jmotor@atribuna.com.br&gt;; pauladedonato@gmail.com; imprensa_agem@sp.gov.br; marcos.augusto21@terra.com.br;<\/div>\n<div id=\"_mcePaste\" class=\"mcePaste\" style=\"position: absolute; left: -10000px; top: 0px; width: 1px; height: 1px; overflow: hidden;\"><\/div>\n<div id=\"_mcePaste\" class=\"mcePaste\" style=\"position: absolute; left: -10000px; top: 0px; width: 1px; height: 1px; overflow: hidden;\">atribuna.jornal@gmail.com;Imprensa AGEM &lt;imprensa_agem@sp.gov.br; bragachagas@uol.com.br;&nbsp;<\/div>\n<div id=\"_mcePaste\" class=\"mcePaste\" style=\"position: absolute; left: -10000px; top: 0px; width: 1px; height: 1px; overflow: hidden;\"><\/div>\n<div id=\"_mcePaste\" class=\"mcePaste\" style=\"position: absolute; left: -10000px; top: 0px; width: 1px; height: 1px; overflow: hidden;\">A Tribuna &#8211; AT Revista \/ Cl\u00e1udia Duarte &lt;cduarte.red@atribunajornal.com.br&gt;; jornalismo@tvilhadosol.com;&nbsp;<\/div>\n<div id=\"_mcePaste\" class=\"mcePaste\" style=\"position: absolute; left: -10000px; top: 0px; width: 1px; height: 1px; overflow: hidden;\"><\/div>\n<div id=\"_mcePaste\" class=\"mcePaste\" style=\"position: absolute; left: -10000px; top: 0px; width: 1px; height: 1px; overflow: hidden;\">A Tribuna &#8211; AT Revista \/ Ivanir Xavier &lt;ivanir.red@atribunajornal.com.br&gt;; jornalgazetadolitoral@uol.com.br<\/div>\n<div id=\"_mcePaste\" class=\"mcePaste\" style=\"position: absolute; left: -10000px; top: 0px; width: 1px; height: 1px; overflow: hidden;\"><\/div>\n<div id=\"_mcePaste\" class=\"mcePaste\" style=\"position: absolute; left: -10000px; top: 0px; width: 1px; height: 1px; overflow: hidden;\">Vin\u00edcius Prado de Morais \/ Facesp &#8211; Federa\u00e7\u00e3o das Associa\u00e7\u00f5es Comerciais do Estado de S\u00e3o Paulo &lt;vprado@acsp.com.br&gt;;<\/div>\n<div id=\"_mcePaste\" class=\"mcePaste\" style=\"position: absolute; left: -10000px; top: 0px; width: 1px; height: 1px; overflow: hidden;\"><\/div>\n<div id=\"_mcePaste\" class=\"mcePaste\" style=\"position: absolute; left: -10000px; top: 0px; width: 1px; height: 1px; overflow: hidden;\">Arminda Augusto \/ Editora-Chefe &#8211; A Tribuna &lt;arminda.augusto@atribuna.com.br&gt;; editor@liberadojunior.com.br;&nbsp;<\/div>\n<div id=\"_mcePaste\" class=\"mcePaste\" style=\"position: absolute; left: -10000px; top: 0px; width: 1px; height: 1px; overflow: hidden;\"><\/div>\n<div id=\"_mcePaste\" class=\"mcePaste\" style=\"position: absolute; left: -10000px; top: 0px; width: 1px; height: 1px; overflow: hidden;\">Vera Leon \/ Editora-Executiva &#8211; A Tribuna &lt;veraleon@atribuna.com.br&gt;;&nbsp;<\/div>\n<div id=\"_mcePaste\" class=\"mcePaste\" style=\"position: absolute; left: -10000px; top: 0px; width: 1px; height: 1px; overflow: hidden;\"><\/div>\n<div id=\"_mcePaste\" class=\"mcePaste\" style=\"position: absolute; left: -10000px; top: 0px; width: 1px; height: 1px; overflow: hidden;\">Olhar Regional &lt;fernando.allende@globo.com&gt;;&nbsp;<\/div>\n<div id=\"_mcePaste\" class=\"mcePaste\" style=\"position: absolute; left: -10000px; top: 0px; width: 1px; height: 1px; overflow: hidden;\"><\/div>\n<div id=\"_mcePaste\" class=\"mcePaste\" style=\"position: absolute; left: -10000px; top: 0px; width: 1px; height: 1px; overflow: hidden;\">M\u00e1rcio Barbuy &#8211; A Tribuna &lt;barbuy@atribuna.com.br&gt;;&nbsp;<\/div>\n<div id=\"_mcePaste\" class=\"mcePaste\" style=\"position: absolute; left: -10000px; top: 0px; width: 1px; height: 1px; overflow: hidden;\"><\/div>\n<div id=\"_mcePaste\" class=\"mcePaste\" style=\"position: absolute; left: -10000px; top: 0px; width: 1px; height: 1px; overflow: hidden;\">Jos\u00e9 Fl\u00e1vio &lt;joseflaviojb@uol.com.br&gt;;&nbsp;<\/div>\n<div id=\"_mcePaste\" class=\"mcePaste\" style=\"position: absolute; left: -10000px; top: 0px; width: 1px; height: 1px; overflow: hidden;\"><\/div>\n<div id=\"_mcePaste\" class=\"mcePaste\" style=\"position: absolute; left: -10000px; top: 0px; width: 1px; height: 1px; overflow: hidden;\">Durval Capp Filho &lt;sto44033@terra.com.br&gt;;&nbsp;<\/div>\n<div id=\"_mcePaste\" class=\"mcePaste\" style=\"position: absolute; left: -10000px; top: 0px; width: 1px; height: 1px; overflow: hidden;\"><\/div>\n<div id=\"_mcePaste\" class=\"mcePaste\" style=\"position: absolute; left: -10000px; top: 0px; width: 1px; height: 1px; overflow: hidden;\">Jo\u00e3o Bernardo &#8211; TV Santa Cec\u00edlia &lt;jb@joaobernardo.com.br&gt;;&nbsp;<\/div>\n<div id=\"_mcePaste\" class=\"mcePaste\" style=\"position: absolute; left: -10000px; top: 0px; width: 1px; height: 1px; overflow: hidden;\"><\/div>\n<div id=\"_mcePaste\" class=\"mcePaste\" style=\"position: absolute; left: -10000px; top: 0px; width: 1px; height: 1px; overflow: hidden;\">Jo\u00e3o Bernardo &#8211; TV Santa Cec\u00edlia &lt;producao@joaobernardo.com.br&gt;;&nbsp;<\/div>\n<div id=\"_mcePaste\" class=\"mcePaste\" style=\"position: absolute; left: -10000px; top: 0px; width: 1px; height: 1px; overflow: hidden;\"><\/div>\n<div id=\"_mcePaste\" class=\"mcePaste\" style=\"position: absolute; left: -10000px; top: 0px; width: 1px; height: 1px; overflow: hidden;\">G1 Santos e Regi\u00e3o &lt;g1@tvtribuna.com&gt;;&nbsp;<\/div>\n<div id=\"_mcePaste\" class=\"mcePaste\" style=\"position: absolute; left: -10000px; top: 0px; width: 1px; height: 1px; overflow: hidden;\"><\/div>\n<div id=\"_mcePaste\" class=\"mcePaste\" style=\"position: absolute; left: -10000px; top: 0px; width: 1px; height: 1px; overflow: hidden;\"><\/div>\n<div id=\"_mcePaste\" class=\"mcePaste\" style=\"position: absolute; left: -10000px; top: 0px; width: 1px; height: 1px; overflow: hidden;\">mcbarreto@recordlitoral.com.b; syomura@recordlitoral.com.br; tmdsouza@recordlitoral.com.br<\/div>\n<div id=\"_mcePaste\" class=\"mcePaste\" style=\"position: absolute; left: -10000px; top: 0px; width: 1px; height: 1px; overflow: hidden;\"><\/div>\n<div id=\"_mcePaste\" class=\"mcePaste\" style=\"position: absolute; left: -10000px; top: 0px; width: 1px; height: 1px; overflow: hidden;\"><\/div>\n<div id=\"_mcePaste\" class=\"mcePaste\" style=\"position: absolute; left: -10000px; top: 0px; width: 1px; height: 1px; overflow: hidden;\">Boqueir\u00e3o &#8211; Panorama Regional \/ Fernando De Maria &lt;fernando@boqnews.com&gt;;&nbsp;<\/div>\n<div id=\"_mcePaste\" class=\"mcePaste\" style=\"position: absolute; left: -10000px; top: 0px; width: 1px; height: 1px; overflow: hidden;\"><\/div>\n<div id=\"_mcePaste\" class=\"mcePaste\" style=\"position: absolute; left: -10000px; top: 0px; width: 1px; height: 1px; overflow: hidden;\">Jornal da Orla &#8211; Christian Moreno \/ TV em Transe &lt;transe@jornaldaorla.com.br&gt;;&nbsp;<\/div>\n<div id=\"_mcePaste\" class=\"mcePaste\" style=\"position: absolute; left: -10000px; top: 0px; width: 1px; height: 1px; overflow: hidden;\"><\/div>\n<div id=\"_mcePaste\" class=\"mcePaste\" style=\"position: absolute; left: -10000px; top: 0px; width: 1px; height: 1px; overflow: hidden;\">Jornal da Orla &#8211; George F. Jorge e M\u00e1rcia Bernardo \/ Estrelas &amp; Mol\u00e9culas &lt;astros@jornaldaorla.com.br&gt;;&nbsp;<\/div>\n<div id=\"_mcePaste\" class=\"mcePaste\" style=\"position: absolute; left: -10000px; top: 0px; width: 1px; height: 1px; overflow: hidden;\"><\/div>\n<div id=\"_mcePaste\" class=\"mcePaste\" style=\"position: absolute; left: -10000px; top: 0px; width: 1px; height: 1px; overflow: hidden;\">Jornal da Orla &#8211; Ouhydes Fonseca \/ Segunda Leitura &lt;ouhydes@jornaldaorla.com.br&gt;;&nbsp;<\/div>\n<div id=\"_mcePaste\" class=\"mcePaste\" style=\"position: absolute; left: -10000px; top: 0px; width: 1px; height: 1px; overflow: hidden;\"><\/div>\n<div id=\"_mcePaste\" class=\"mcePaste\" style=\"position: absolute; left: -10000px; top: 0px; width: 1px; height: 1px; overflow: hidden;\">Jornal da Orla &#8211; M\u00edrian Ribeiro \/ Em Dia Com a Sa\u00fade &lt;saude@jornaldaorla.com.br&gt;;&nbsp;<\/div>\n<div id=\"_mcePaste\" class=\"mcePaste\" style=\"position: absolute; left: -10000px; top: 0px; width: 1px; height: 1px; overflow: hidden;\"><\/div>\n<div id=\"_mcePaste\" class=\"mcePaste\" style=\"position: absolute; left: -10000px; top: 0px; width: 1px; height: 1px; overflow: hidden;\">Jornal da Orla &#8211; Moda &amp; Beleza &lt;moda@jornaldaorla.com.br&gt;;&nbsp;<\/div>\n<div id=\"_mcePaste\" class=\"mcePaste\" style=\"position: absolute; left: -10000px; top: 0px; width: 1px; height: 1px; overflow: hidden;\"><\/div>\n<div id=\"_mcePaste\" class=\"mcePaste\" style=\"position: absolute; left: -10000px; top: 0px; width: 1px; height: 1px; overflow: hidden;\">Jornal da Orla &#8211; Roteiro &lt;roteiro@jornaldaorla.com.br&gt;;&nbsp;<\/div>\n<div id=\"_mcePaste\" class=\"mcePaste\" style=\"position: absolute; left: -10000px; top: 0px; width: 1px; height: 1px; overflow: hidden;\"><\/div>\n<div id=\"_mcePaste\" class=\"mcePaste\" style=\"position: absolute; left: -10000px; top: 0px; width: 1px; height: 1px; overflow: hidden;\">Jornal da Orla &#8211; Gastronomia &lt;gastronomia@jornaldaorla.com.br&gt;;&nbsp;<\/div>\n<div id=\"_mcePaste\" class=\"mcePaste\" style=\"position: absolute; left: -10000px; top: 0px; width: 1px; height: 1px; overflow: hidden;\"><\/div>\n<div id=\"_mcePaste\" class=\"mcePaste\" style=\"position: absolute; left: -10000px; top: 0px; width: 1px; height: 1px; overflow: hidden;\">Jornal da Orla &#8211; Jadir Albino \/ Fronteiras da Ci\u00eancia &lt;jadir@jornaldaorla.com.br&gt;;&nbsp;<\/div>\n<div id=\"_mcePaste\" class=\"mcePaste\" style=\"position: absolute; left: -10000px; top: 0px; width: 1px; height: 1px; overflow: hidden;\"><\/div>\n<div id=\"_mcePaste\" class=\"mcePaste\" style=\"position: absolute; left: -10000px; top: 0px; width: 1px; height: 1px; overflow: hidden;\">Jornal da Orla &#8211; Marina Menezes \/ Dicas &lt;marina.menezes@uol.com.br&gt;;&nbsp;<\/div>\n<div id=\"_mcePaste\" class=\"mcePaste\" style=\"position: absolute; left: -10000px; top: 0px; width: 1px; height: 1px; overflow: hidden;\"><\/div>\n<div id=\"_mcePaste\" class=\"mcePaste\" style=\"position: absolute; left: -10000px; top: 0px; width: 1px; height: 1px; overflow: hidden;\">Jornal da Orla &#8211; S\u00e9rgio Luiz Corr\u00eaa \/ Coluna do Corr\u00eaa &lt;correa@jornaldaorla.com.br&gt;;&nbsp;<\/div>\n<div id=\"_mcePaste\" class=\"mcePaste\" style=\"position: absolute; left: -10000px; top: 0px; width: 1px; height: 1px; overflow: hidden;\"><\/div>\n<div id=\"_mcePaste\" class=\"mcePaste\" style=\"position: absolute; left: -10000px; top: 0px; width: 1px; height: 1px; overflow: hidden;\">Jornal da Orla &#8211; Construir &amp; Decorar &lt;decoracao@jornaldaorla.com.br&gt;;&nbsp;<\/div>\n<div id=\"_mcePaste\" class=\"mcePaste\" style=\"position: absolute; left: -10000px; top: 0px; width: 1px; height: 1px; overflow: hidden;\"><\/div>\n<div id=\"_mcePaste\" class=\"mcePaste\" style=\"position: absolute; left: -10000px; top: 0px; width: 1px; height: 1px; overflow: hidden;\">Jornal da Orla &#8211; Turismo \/ Leandro Amaral &lt;turismo@jornaldaorla.com.br&gt;;&nbsp;<\/div>\n<div id=\"_mcePaste\" class=\"mcePaste\" style=\"position: absolute; left: -10000px; top: 0px; width: 1px; height: 1px; overflow: hidden;\"><\/div>\n<div id=\"_mcePaste\" class=\"mcePaste\" style=\"position: absolute; left: -10000px; top: 0px; width: 1px; height: 1px; overflow: hidden;\">Programa Arte de Viver \/ M\u00f4nica de Lima Azevedo &lt;mercurio@mercuriopropaganda.com.br&gt;;&nbsp;<\/div>\n<div id=\"_mcePaste\" class=\"mcePaste\" style=\"position: absolute; left: -10000px; top: 0px; width: 1px; height: 1px; overflow: hidden;\"><\/div>\n<div id=\"_mcePaste\" class=\"mcePaste\" style=\"position: absolute; left: -10000px; top: 0px; width: 1px; height: 1px; overflow: hidden;\"><\/div>\n<div id=\"_mcePaste\" class=\"mcePaste\" style=\"position: absolute; left: -10000px; top: 0px; width: 1px; height: 1px; overflow: hidden;\">Boqueir\u00e3o &#8211; Jairo S\u00e9rgio de Campos Abreu \/ Coluna 3 &lt;jairo@boqnews.com&gt;;&nbsp;<\/div>\n<div id=\"_mcePaste\" class=\"mcePaste\" style=\"position: absolute; left: -10000px; top: 0px; width: 1px; height: 1px; overflow: hidden;\"><\/div>\n<div id=\"_mcePaste\" class=\"mcePaste\" style=\"position: absolute; left: -10000px; top: 0px; width: 1px; height: 1px; overflow: hidden;\">Boqueir\u00e3o &#8211; Humberto Challoub \/ Diretor de Reda\u00e7\u00e3o &lt;challoub@boqnews.com&gt;;&nbsp;<\/div>\n<div id=\"_mcePaste\" class=\"mcePaste\" style=\"position: absolute; left: -10000px; top: 0px; width: 1px; height: 1px; overflow: hidden;\"><\/div>\n<div id=\"_mcePaste\" class=\"mcePaste\" style=\"position: absolute; left: -10000px; top: 0px; width: 1px; height: 1px; overflow: hidden;\">Boqueir\u00e3o &#8211; Panorama Regional \/ Fernando De Maria &lt;fernando@boqnews.com&gt;;&nbsp;<\/div>\n<div id=\"_mcePaste\" class=\"mcePaste\" style=\"position: absolute; left: -10000px; top: 0px; width: 1px; height: 1px; overflow: hidden;\"><\/div>\n<div id=\"_mcePaste\" class=\"mcePaste\" style=\"position: absolute; left: -10000px; top: 0px; width: 1px; height: 1px; overflow: hidden;\">Boqueir\u00e3o &#8211; Denise Covas &lt;denisecovas@boqnews.com&gt;;&nbsp;<\/div>\n<div id=\"_mcePaste\" class=\"mcePaste\" style=\"position: absolute; left: -10000px; top: 0px; width: 1px; height: 1px; overflow: hidden;\"><\/div>\n<div id=\"_mcePaste\" class=\"mcePaste\" style=\"position: absolute; left: -10000px; top: 0px; width: 1px; height: 1px; overflow: hidden;\">Boqueir\u00e3o &#8211; Panorama Regional \/ Fernando De Maria &lt;fernando@boqnews.com&gt;;&nbsp;<\/div>\n<div id=\"_mcePaste\" class=\"mcePaste\" style=\"position: absolute; left: -10000px; top: 0px; width: 1px; height: 1px; overflow: hidden;\"><\/div>\n<div id=\"_mcePaste\" class=\"mcePaste\" style=\"position: absolute; left: -10000px; top: 0px; width: 1px; height: 1px; overflow: hidden;\">Mariane &lt;mhbotelho@gmail.com&gt;;&nbsp;<\/div>\n<div id=\"_mcePaste\" class=\"mcePaste\" style=\"position: absolute; left: -10000px; top: 0px; width: 1px; height: 1px; overflow: hidden;\"><\/div>\n<div id=\"_mcePaste\" class=\"mcePaste\" style=\"position: absolute; left: -10000px; top: 0px; width: 1px; height: 1px; overflow: hidden;\">Boqueir\u00e3o &#8211; Anna &lt;anna@boqnews.com&gt;;&nbsp;<\/div>\n<div id=\"_mcePaste\" class=\"mcePaste\" style=\"position: absolute; left: -10000px; top: 0px; width: 1px; height: 1px; overflow: hidden;\"><\/div>\n<div id=\"_mcePaste\" class=\"mcePaste\" style=\"position: absolute; left: -10000px; top: 0px; width: 1px; height: 1px; overflow: hidden;\"><\/div>\n<div id=\"_mcePaste\" class=\"mcePaste\" style=\"position: absolute; left: -10000px; top: 0px; width: 1px; height: 1px; overflow: hidden;\">Costa Norte &#8211; Reda\u00e7\u00e3o &lt;redacao@costanorte.com.br&gt;;&nbsp;<\/div>\n<div id=\"_mcePaste\" class=\"mcePaste\" style=\"position: absolute; left: -10000px; top: 0px; width: 1px; height: 1px; overflow: hidden;\"><\/div>\n<div id=\"_mcePaste\" class=\"mcePaste\" style=\"position: absolute; left: -10000px; top: 0px; width: 1px; height: 1px; overflow: hidden;\">Di\u00e1rio de S. Paulo &#8211; Fl\u00e1vio Leal &#8211; Na Praia &lt;miniguias@ig.com.br&gt;;&nbsp;<\/div>\n<div id=\"_mcePaste\" class=\"mcePaste\" style=\"position: absolute; left: -10000px; top: 0px; width: 1px; height: 1px; overflow: hidden;\"><\/div>\n<div id=\"_mcePaste\" class=\"mcePaste\" style=\"position: absolute; left: -10000px; top: 0px; width: 1px; height: 1px; overflow: hidden;\">Di\u00e1rio do Litoral &#8211; Editor &lt;editor@diariodolitoral.com.br&gt;;&nbsp;<\/div>\n<div id=\"_mcePaste\" class=\"mcePaste\" style=\"position: absolute; left: -10000px; top: 0px; width: 1px; height: 1px; overflow: hidden;\"><\/div>\n<div id=\"_mcePaste\" class=\"mcePaste\" style=\"position: absolute; left: -10000px; top: 0px; width: 1px; height: 1px; overflow: hidden;\">Di\u00e1rio do Litoral &#8211; Vivian Rigueira &lt;vivian_rigueira@hotmail.com&gt;;&nbsp;<\/div>\n<div id=\"_mcePaste\" class=\"mcePaste\" style=\"position: absolute; left: -10000px; top: 0px; width: 1px; height: 1px; overflow: hidden;\"><\/div>\n<div id=\"_mcePaste\" class=\"mcePaste\" style=\"position: absolute; left: -10000px; top: 0px; width: 1px; height: 1px; overflow: hidden;\">Di\u00e1rio Oficial de Santos &#8211; Lizete &lt;lizete@santos.sp.gov.br&gt;;&nbsp;<\/div>\n<div id=\"_mcePaste\" class=\"mcePaste\" style=\"position: absolute; left: -10000px; top: 0px; width: 1px; height: 1px; overflow: hidden;\"><\/div>\n<div id=\"_mcePaste\" class=\"mcePaste\" style=\"position: absolute; left: -10000px; top: 0px; width: 1px; height: 1px; overflow: hidden;\">Expresso Popular &lt;expressopopular@expressopopular.com.br&gt;;&nbsp;<\/div>\n<div id=\"_mcePaste\" class=\"mcePaste\" style=\"position: absolute; left: -10000px; top: 0px; width: 1px; height: 1px; overflow: hidden;\"><\/div>\n<div id=\"_mcePaste\" class=\"mcePaste\" style=\"position: absolute; left: -10000px; top: 0px; width: 1px; height: 1px; overflow: hidden;\">Gazeta do Litoral &#8211; Praia Grande &lt;jornalgazetadolitoral@uol.com.br&gt;;&nbsp;<\/div>\n<div id=\"_mcePaste\" class=\"mcePaste\" style=\"position: absolute; left: -10000px; top: 0px; width: 1px; height: 1px; overflow: hidden;\"><\/div>\n<div id=\"_mcePaste\" class=\"mcePaste\" style=\"position: absolute; left: -10000px; top: 0px; width: 1px; height: 1px; overflow: hidden;\">Gazeta do Litoral &#8211; Carmem Sanches &#8211; Editora &lt;editorgazetapg@uol.com.br&gt;;&nbsp;<\/div>\n<div id=\"_mcePaste\" class=\"mcePaste\" style=\"position: absolute; left: -10000px; top: 0px; width: 1px; height: 1px; overflow: hidden;\"><\/div>\n<div id=\"_mcePaste\" class=\"mcePaste\" style=\"position: absolute; left: -10000px; top: 0px; width: 1px; height: 1px; overflow: hidden;\">Jornal CidadeNews (Guaruj\u00e1) &#8211; Jorge Luiz Junior &lt;redacaocidade@yahoo.com.br &gt;;&nbsp;<\/div>\n<div id=\"_mcePaste\" class=\"mcePaste\" style=\"position: absolute; left: -10000px; top: 0px; width: 1px; height: 1px; overflow: hidden;\"><\/div>\n<div id=\"_mcePaste\" class=\"mcePaste\" style=\"position: absolute; left: -10000px; top: 0px; width: 1px; height: 1px; overflow: hidden;\">Jornal Acontece &#8211; Cubat\u00e3o &lt;jornalacontece@acontecedigital.com.br&gt;;&nbsp;<\/div>\n<div id=\"_mcePaste\" class=\"mcePaste\" style=\"position: absolute; left: -10000px; top: 0px; width: 1px; height: 1px; overflow: hidden;\"><\/div>\n<div id=\"_mcePaste\" class=\"mcePaste\" style=\"position: absolute; left: -10000px; top: 0px; width: 1px; height: 1px; overflow: hidden;\">Jornal Acontece &#8211; Peru\u00edbe \/ Quinzenal &lt;aconteceperuibe@yahoo.com.br&gt;;&nbsp;<\/div>\n<div id=\"_mcePaste\" class=\"mcePaste\" style=\"position: absolute; left: -10000px; top: 0px; width: 1px; height: 1px; overflow: hidden;\"><\/div>\n<div id=\"_mcePaste\" class=\"mcePaste\" style=\"position: absolute; left: -10000px; top: 0px; width: 1px; height: 1px; overflow: hidden;\">Jornal An\u00e1lise &#8211; Peru\u00edbe \/ Mensal &lt;marcos@caramico.com.br&gt;;&nbsp;<\/div>\n<div id=\"_mcePaste\" class=\"mcePaste\" style=\"position: absolute; left: -10000px; top: 0px; width: 1px; height: 1px; overflow: hidden;\"><\/div>\n<div id=\"_mcePaste\" class=\"mcePaste\" style=\"position: absolute; left: -10000px; top: 0px; width: 1px; height: 1px; overflow: hidden;\">Jornal da Cidade (Cubat\u00e3o) &#8211; Erli Junior \/ Editor &lt;j-cidade@uol.com.br&gt;;&nbsp;<\/div>\n<div id=\"_mcePaste\" class=\"mcePaste\" style=\"position: absolute; left: -10000px; top: 0px; width: 1px; height: 1px; overflow: hidden;\"><\/div>\n<div id=\"_mcePaste\" class=\"mcePaste\" style=\"position: absolute; left: -10000px; top: 0px; width: 1px; height: 1px; overflow: hidden;\">Jornal da Orla &#8211; Leandro Amaral &lt;leandro@jornaldaorla.com.br&gt;;&nbsp;<\/div>\n<div id=\"_mcePaste\" class=\"mcePaste\" style=\"position: absolute; left: -10000px; top: 0px; width: 1px; height: 1px; overflow: hidden;\"><\/div>\n<div id=\"_mcePaste\" class=\"mcePaste\" style=\"position: absolute; left: -10000px; top: 0px; width: 1px; height: 1px; overflow: hidden;\">Jornal da Orla &#8211; Marco Santana &lt;editor@jornaldaorla.com.br&gt;;&nbsp;<\/div>\n<div id=\"_mcePaste\" class=\"mcePaste\" style=\"position: absolute; left: -10000px; top: 0px; width: 1px; height: 1px; overflow: hidden;\"><\/div>\n<div id=\"_mcePaste\" class=\"mcePaste\" style=\"position: absolute; left: -10000px; top: 0px; width: 1px; height: 1px; overflow: hidden;\">Jornal da Orla &#8211; Pauta &lt;pauta@jornaldaorla.com.br&gt;;&nbsp;<\/div>\n<div id=\"_mcePaste\" class=\"mcePaste\" style=\"position: absolute; left: -10000px; top: 0px; width: 1px; height: 1px; overflow: hidden;\"><\/div>\n<div id=\"_mcePaste\" class=\"mcePaste\" style=\"position: absolute; left: -10000px; top: 0px; width: 1px; height: 1px; overflow: hidden;\">Jornal da Orla &#8211; Edison Carpentieri &lt;edisoncarpentieri@jornaldaorla.com.br&gt;;&nbsp;<\/div>\n<div id=\"_mcePaste\" class=\"mcePaste\" style=\"position: absolute; left: -10000px; top: 0px; width: 1px; height: 1px; overflow: hidden;\"><\/div>\n<div id=\"_mcePaste\" class=\"mcePaste\" style=\"position: absolute; left: -10000px; top: 0px; width: 1px; height: 1px; overflow: hidden;\">Jornal da Orla &#8211; Clara Monforte &lt;claramonforte@jornaldaorla.com.br&gt;;&nbsp;<\/div>\n<div id=\"_mcePaste\" class=\"mcePaste\" style=\"position: absolute; left: -10000px; top: 0px; width: 1px; height: 1px; overflow: hidden;\"><\/div>\n<div id=\"_mcePaste\" class=\"mcePaste\" style=\"position: absolute; left: -10000px; top: 0px; width: 1px; height: 1px; overflow: hidden;\">Jornal De M\u00e3o Em M\u00e3o &#8211; Peru\u00edbe \/ Quinzenal &lt;jornaldemaoemmao@yahoo.com.br&gt;;&nbsp;<\/div>\n<div id=\"_mcePaste\" class=\"mcePaste\" style=\"position: absolute; left: -10000px; top: 0px; width: 1px; height: 1px; overflow: hidden;\"><\/div>\n<div id=\"_mcePaste\" class=\"mcePaste\" style=\"position: absolute; left: -10000px; top: 0px; width: 1px; height: 1px; overflow: hidden;\"><\/div>\n<div id=\"_mcePaste\" class=\"mcePaste\" style=\"position: absolute; left: -10000px; top: 0px; width: 1px; height: 1px; overflow: hidden;\"><\/div>\n<div id=\"_mcePaste\" class=\"mcePaste\" style=\"position: absolute; left: -10000px; top: 0px; width: 1px; height: 1px; overflow: hidden;\">Jornal Vicentino &lt;jornalvicentino@yahoo.com.br&gt;;&nbsp;<\/div>\n<div id=\"_mcePaste\" class=\"mcePaste\" style=\"position: absolute; left: -10000px; top: 0px; width: 1px; height: 1px; overflow: hidden;\"><\/div>\n<div id=\"_mcePaste\" class=\"mcePaste\" style=\"position: absolute; left: -10000px; top: 0px; width: 1px; height: 1px; overflow: hidden;\">Jornal Vicentino &lt;jornalvicentino@uol.com.br&gt;;&nbsp;<\/div>\n<div id=\"_mcePaste\" class=\"mcePaste\" style=\"position: absolute; left: -10000px; top: 0px; width: 1px; height: 1px; overflow: hidden;\"><\/div>\n<div id=\"_mcePaste\" class=\"mcePaste\" style=\"position: absolute; left: -10000px; top: 0px; width: 1px; height: 1px; overflow: hidden;\"><\/div>\n<div id=\"_mcePaste\" class=\"mcePaste\" style=\"position: absolute; left: -10000px; top: 0px; width: 1px; height: 1px; overflow: hidden;\">Marcela Biasi &lt;ma_biasi@hotmail.com&gt;;&nbsp;<\/div>\n<div id=\"_mcePaste\" class=\"mcePaste\" style=\"position: absolute; left: -10000px; top: 0px; width: 1px; height: 1px; overflow: hidden;\"><\/div>\n<div id=\"_mcePaste\" class=\"mcePaste\" style=\"position: absolute; left: -10000px; top: 0px; width: 1px; height: 1px; overflow: hidden;\">Santos e Regi\u00e3o Convention &amp; Visitors Bureau &#8211; Imprensa &lt;imprensa@srcvb.com.br&gt;;&nbsp;<\/div>\n<div id=\"_mcePaste\" class=\"mcePaste\" style=\"position: absolute; left: -10000px; top: 0px; width: 1px; height: 1px; overflow: hidden;\"><\/div>\n<div id=\"_mcePaste\" class=\"mcePaste\" style=\"position: absolute; left: -10000px; top: 0px; width: 1px; height: 1px; overflow: hidden;\">Imprensa Livre &#8211; Selma de Almeida \/ Redatora-Chefe e Editora &lt;selma@imprensalivre.com&gt;;<\/div>\n<div id=\"_mcePaste\" class=\"mcePaste\" style=\"position: absolute; left: -10000px; top: 0px; width: 1px; height: 1px; overflow: hidden;\">&nbsp;<\/div>\n<div id=\"_mcePaste\" class=\"mcePaste\" style=\"position: absolute; left: -10000px; top: 0px; width: 1px; height: 1px; overflow: hidden;\">Imprensa Livre &#8211; Cl\u00e1udio Milito \/ Gerente &lt;claudio@imprensalivre.com&gt;;<\/div>\n<div id=\"_mcePaste\" class=\"mcePaste\" style=\"position: absolute; left: -10000px; top: 0px; width: 1px; height: 1px; overflow: hidden;\"><\/div>\n<div id=\"_mcePaste\" class=\"mcePaste\" style=\"position: absolute; left: -10000px; top: 0px; width: 1px; height: 1px; overflow: hidden;\">Revista Empres\u00e1rios &lt;contato@revistaempresarios.net&gt;;&nbsp;<\/div>\n<div id=\"_mcePaste\" class=\"mcePaste\" style=\"position: absolute; left: -10000px; top: 0px; width: 1px; height: 1px; overflow: hidden;\"><\/div>\n<div id=\"_mcePaste\" class=\"mcePaste\" style=\"position: absolute; left: -10000px; top: 0px; width: 1px; height: 1px; overflow: hidden;\">R\u00e1dio CBN Santos &#8211; Mayara Rached &lt;mayara@cbnsantos.com.br&gt;;&nbsp;<\/div>\n<div id=\"_mcePaste\" class=\"mcePaste\" style=\"position: absolute; left: -10000px; top: 0px; width: 1px; height: 1px; overflow: hidden;\"><\/div>\n<div id=\"_mcePaste\" class=\"mcePaste\" style=\"position: absolute; left: -10000px; top: 0px; width: 1px; height: 1px; overflow: hidden;\">R\u00e1dio Cultura &#8211; Jornalismo &lt;jornalismo@radiocultura.com.br&gt;;&nbsp;<\/div>\n<div id=\"_mcePaste\" class=\"mcePaste\" style=\"position: absolute; left: -10000px; top: 0px; width: 1px; height: 1px; overflow: hidden;\"><\/div>\n<div id=\"_mcePaste\" class=\"mcePaste\" style=\"position: absolute; left: -10000px; top: 0px; width: 1px; height: 1px; overflow: hidden;\">R\u00e1dio Globo \/ Santos &#8211; Meilin Neves &lt;producao@radioglobosantos.com.br&gt;;&nbsp;<\/div>\n<div id=\"_mcePaste\" class=\"mcePaste\" style=\"position: absolute; left: -10000px; top: 0px; width: 1px; height: 1px; overflow: hidden;\"><\/div>\n<div id=\"_mcePaste\" class=\"mcePaste\" style=\"position: absolute; left: -10000px; top: 0px; width: 1px; height: 1px; overflow: hidden;\">Alexandre Ventura &lt;alx_ventura@hotmail.com&gt;;&nbsp;<\/div>\n<div id=\"_mcePaste\" class=\"mcePaste\" style=\"position: absolute; left: -10000px; top: 0px; width: 1px; height: 1px; overflow: hidden;\"><\/div>\n<div id=\"_mcePaste\" class=\"mcePaste\" style=\"position: absolute; left: -10000px; top: 0px; width: 1px; height: 1px; overflow: hidden;\">R\u00e1dio Joven Pan Santos &#8211; Gustavo Silva &lt;programacao@classicpansantos.com.br&gt;;&nbsp;<\/div>\n<div id=\"_mcePaste\" class=\"mcePaste\" style=\"position: absolute; left: -10000px; top: 0px; width: 1px; height: 1px; overflow: hidden;\"><\/div>\n<div id=\"_mcePaste\" class=\"mcePaste\" style=\"position: absolute; left: -10000px; top: 0px; width: 1px; height: 1px; overflow: hidden;\">R\u00e1dio Jovem Pan &#8211; F\u00e1tima Belisso \/ Marco Katubi &lt;pautas@jovempan.com.br&gt;;&nbsp;<\/div>\n<div id=\"_mcePaste\" class=\"mcePaste\" style=\"position: absolute; left: -10000px; top: 0px; width: 1px; height: 1px; overflow: hidden;\"><\/div>\n<div id=\"_mcePaste\" class=\"mcePaste\" style=\"position: absolute; left: -10000px; top: 0px; width: 1px; height: 1px; overflow: hidden;\">R\u00e1dio Litoral FM &#8211; Juliana Franco &lt;ju_franco@hotmail.com&gt;;&nbsp;<\/div>\n<div id=\"_mcePaste\" class=\"mcePaste\" style=\"position: absolute; left: -10000px; top: 0px; width: 1px; height: 1px; overflow: hidden;\"><\/div>\n<div id=\"_mcePaste\" class=\"mcePaste\" style=\"position: absolute; left: -10000px; top: 0px; width: 1px; height: 1px; overflow: hidden;\">R\u00e1dio Santa Cec\u00edlia FM &#8211; Katy Lima \/ Produtora &lt;katy@unisanta.br&gt;;&nbsp;<\/div>\n<div id=\"_mcePaste\" class=\"mcePaste\" style=\"position: absolute; left: -10000px; top: 0px; width: 1px; height: 1px; overflow: hidden;\"><\/div>\n<div id=\"_mcePaste\" class=\"mcePaste\" style=\"position: absolute; left: -10000px; top: 0px; width: 1px; height: 1px; overflow: hidden;\">R\u00e1dio Tri FM &#8211; Deborah Abreu &lt;deborah@trifm.com.br&gt;;&nbsp;<\/div>\n<div id=\"_mcePaste\" class=\"mcePaste\" style=\"position: absolute; left: -10000px; top: 0px; width: 1px; height: 1px; overflow: hidden;\"><\/div>\n<div id=\"_mcePaste\" class=\"mcePaste\" style=\"position: absolute; left: -10000px; top: 0px; width: 1px; height: 1px; overflow: hidden;\"><\/div>\n<div id=\"_mcePaste\" class=\"mcePaste\" style=\"position: absolute; left: -10000px; top: 0px; width: 1px; height: 1px; overflow: hidden;\">Ag\u00eancia Brasil &lt;pauta@radiobras.gov.br&gt;;&nbsp;<\/div>\n<div id=\"_mcePaste\" class=\"mcePaste\" style=\"position: absolute; left: -10000px; top: 0px; width: 1px; height: 1px; overflow: hidden;\"><\/div>\n<div id=\"_mcePaste\" class=\"mcePaste\" style=\"position: absolute; left: -10000px; top: 0px; width: 1px; height: 1px; overflow: hidden;\">Ag\u00eancia Brasil &#8211; Flavia &lt;flavias@ebc.com.br&gt;;&nbsp;<\/div>\n<div id=\"_mcePaste\" class=\"mcePaste\" style=\"position: absolute; left: -10000px; top: 0px; width: 1px; height: 1px; overflow: hidden;\"><\/div>\n<div id=\"_mcePaste\" class=\"mcePaste\" style=\"position: absolute; left: -10000px; top: 0px; width: 1px; height: 1px; overflow: hidden;\">Di\u00e1rio de S. Paulo &#8211; Eric Fujita &lt;eric.fujita@diariosp.com.br&gt;;&nbsp;<\/div>\n<div id=\"_mcePaste\" class=\"mcePaste\" style=\"position: absolute; left: -10000px; top: 0px; width: 1px; height: 1px; overflow: hidden;\"><\/div>\n<div id=\"_mcePaste\" class=\"mcePaste\" style=\"position: absolute; left: -10000px; top: 0px; width: 1px; height: 1px; overflow: hidden;\">Folha de S. Paulo &#8211; Cotidiano &lt;cotidiano@uol.com.br&gt;;&nbsp;<\/div>\n<div id=\"_mcePaste\" class=\"mcePaste\" style=\"position: absolute; left: -10000px; top: 0px; width: 1px; height: 1px; overflow: hidden;\"><\/div>\n<div id=\"_mcePaste\" class=\"mcePaste\" style=\"position: absolute; left: -10000px; top: 0px; width: 1px; height: 1px; overflow: hidden;\">Folha de S. Paulo &#8211; Gitanio Fortes &lt;gitaniofortes@folhasp.com.br&gt;;&nbsp;<\/div>\n<div id=\"_mcePaste\" class=\"mcePaste\" style=\"position: absolute; left: -10000px; top: 0px; width: 1px; height: 1px; overflow: hidden;\"><\/div>\n<div id=\"_mcePaste\" class=\"mcePaste\" style=\"position: absolute; left: -10000px; top: 0px; width: 1px; height: 1px; overflow: hidden;\">G1 \/ S\u00e3o Paulo &lt;saopaulog1@corp.globo.com&gt;;&nbsp;<\/div>\n<div id=\"_mcePaste\" class=\"mcePaste\" style=\"position: absolute; left: -10000px; top: 0px; width: 1px; height: 1px; overflow: hidden;\"><\/div>\n<div id=\"_mcePaste\" class=\"mcePaste\" style=\"position: absolute; left: -10000px; top: 0px; width: 1px; height: 1px; overflow: hidden;\">G1 \/ Mariana Oliveira &#8211; Rep\u00f3rter &lt;mariana.oliveira@tvglobo.com.br&gt;;<\/div>\n<div id=\"_mcePaste\" class=\"mcePaste\" style=\"position: absolute; left: -10000px; top: 0px; width: 1px; height: 1px; overflow: hidden;\"><\/div>\n<div id=\"_mcePaste\" class=\"mcePaste\" style=\"position: absolute; left: -10000px; top: 0px; width: 1px; height: 1px; overflow: hidden;\">Globonews &#8211; Mylene Guerra &lt;mylene.guerra@tvglobo.com.br&gt;;&nbsp;<\/div>\n<div id=\"_mcePaste\" class=\"mcePaste\" style=\"position: absolute; left: -10000px; top: 0px; width: 1px; height: 1px; overflow: hidden;\"><\/div>\n<div id=\"_mcePaste\" class=\"mcePaste\" style=\"position: absolute; left: -10000px; top: 0px; width: 1px; height: 1px; overflow: hidden;\">O Estado de S. Paulo &#8211; Julia Duailibi &lt;juliaduailibi@estadao.com.br&gt;;&nbsp;<\/div>\n<div id=\"_mcePaste\" class=\"mcePaste\" style=\"position: absolute; left: -10000px; top: 0px; width: 1px; height: 1px; overflow: hidden;\"><\/div>\n<div id=\"_mcePaste\" class=\"mcePaste\" style=\"position: absolute; left: -10000px; top: 0px; width: 1px; height: 1px; overflow: hidden;\">O Globo &#8211; Fl\u00e1vio Freire &lt;flaviof@sp.oglobo.com.br&gt;;&nbsp;<\/div>\n<div id=\"_mcePaste\" class=\"mcePaste\" style=\"position: absolute; left: -10000px; top: 0px; width: 1px; height: 1px; overflow: hidden;\"><\/div>\n<div id=\"_mcePaste\" class=\"mcePaste\" style=\"position: absolute; left: -10000px; top: 0px; width: 1px; height: 1px; overflow: hidden;\">TV Brasil &#8211; Paula Sacchetta &lt;paula.sacchetta@ebc.com.br&gt;;<\/div>\n<div id=\"_mcePaste\" class=\"mcePaste\" style=\"position: absolute; left: -10000px; top: 0px; width: 1px; height: 1px; overflow: hidden;\"><\/div>\n<div id=\"_mcePaste\" class=\"mcePaste\" style=\"position: absolute; left: -10000px; top: 0px; width: 1px; height: 1px; overflow: hidden;\">TV Brasil &#8211; Silvia Araujo &lt;silvia.araujo@ebc.com.br&gt;;<\/div>\n<div id=\"_mcePaste\" class=\"mcePaste\" style=\"position: absolute; left: -10000px; top: 0px; width: 1px; height: 1px; overflow: hidden;\"><\/div>\n<div id=\"_mcePaste\" class=\"mcePaste\" style=\"position: absolute; left: -10000px; top: 0px; width: 1px; height: 1px; overflow: hidden;\">Cristina Frias &lt;cristina.frias@uol.com.br&gt;;&nbsp;<\/div>\n<div id=\"_mcePaste\" class=\"mcePaste\" style=\"position: absolute; left: -10000px; top: 0px; width: 1px; height: 1px; overflow: hidden;\"><\/div>\n<div id=\"_mcePaste\" class=\"mcePaste\" style=\"position: absolute; left: -10000px; top: 0px; width: 1px; height: 1px; overflow: hidden;\">Alessandra Kianek &lt;alessandra.kianek@grupofolha.com.br&gt;;&nbsp;<\/div>\n<div id=\"_mcePaste\" class=\"mcePaste\" style=\"position: absolute; left: -10000px; top: 0px; width: 1px; height: 1px; overflow: hidden;\"><\/div>\n<div id=\"_mcePaste\" class=\"mcePaste\" style=\"position: absolute; left: -10000px; top: 0px; width: 1px; height: 1px; overflow: hidden;\"><\/div>\n<div id=\"_mcePaste\" class=\"mcePaste\" style=\"position: absolute; left: -10000px; top: 0px; width: 1px; height: 1px; overflow: hidden;\">DCI &#8211; Camila Brunelli &lt;camilab@dci.com.br&gt;;&nbsp;<\/div>\n<div id=\"_mcePaste\" class=\"mcePaste\" style=\"position: absolute; left: -10000px; top: 0px; width: 1px; height: 1px; overflow: hidden;\"><\/div>\n<div id=\"_mcePaste\" class=\"mcePaste\" style=\"position: absolute; left: -10000px; top: 0px; width: 1px; height: 1px; overflow: hidden;\">DCI &#8211; Di\u00e1rio Com\u00e9rcio Ind\u00fastria &amp; Servi\u00e7os &lt;redacao@dci.com.br&gt;;&nbsp;<\/div>\n<div id=\"_mcePaste\" class=\"mcePaste\" style=\"position: absolute; left: -10000px; top: 0px; width: 1px; height: 1px; overflow: hidden;\"><\/div>\n<div id=\"_mcePaste\" class=\"mcePaste\" style=\"position: absolute; left: -10000px; top: 0px; width: 1px; height: 1px; overflow: hidden;\">Folha de S. Paulo &#8211; Dinheiro &lt;dinheiro@uol.com.br&gt;;&nbsp;<\/div>\n<div id=\"_mcePaste\" class=\"mcePaste\" style=\"position: absolute; left: -10000px; top: 0px; width: 1px; height: 1px; overflow: hidden;\"><\/div>\n<div id=\"_mcePaste\" class=\"mcePaste\" style=\"position: absolute; left: -10000px; top: 0px; width: 1px; height: 1px; overflow: hidden;\">Folha de S. Paulo &#8211; Coluna Mercado Aberto &#8211; Maria Cristina Farias &lt;cristina.farias@uol.com.br&gt;;&nbsp;<\/div>\n<div id=\"_mcePaste\" class=\"mcePaste\" style=\"position: absolute; left: -10000px; top: 0px; width: 1px; height: 1px; overflow: hidden;\"><\/div>\n<div id=\"_mcePaste\" class=\"mcePaste\" style=\"position: absolute; left: -10000px; top: 0px; width: 1px; height: 1px; overflow: hidden;\">Jornal do Commercio &#8211; Ivanir Cardoso \/ Pauta &lt;icardoso@jcom.com.br&gt;;&nbsp;<\/div>\n<div id=\"_mcePaste\" class=\"mcePaste\" style=\"position: absolute; left: -10000px; top: 0px; width: 1px; height: 1px; overflow: hidden;\"><\/div>\n<div id=\"_mcePaste\" class=\"mcePaste\" style=\"position: absolute; left: -10000px; top: 0px; width: 1px; height: 1px; overflow: hidden;\">Jornal do Commercio &#8211; Rio de Janeiro &lt;jornaldocommercio@jcom.com.br&gt;;&nbsp;<\/div>\n<div id=\"_mcePaste\" class=\"mcePaste\" style=\"position: absolute; left: -10000px; top: 0px; width: 1px; height: 1px; overflow: hidden;\"><\/div>\n<div id=\"_mcePaste\" class=\"mcePaste\" style=\"position: absolute; left: -10000px; top: 0px; width: 1px; height: 1px; overflow: hidden;\">Jornal do Commercio \/ Rio &#8211; J\u00f4 Galazi = Editora de Produ\u00e7\u00e3o &lt;reportagem@jcom.com.br&gt;;&nbsp;<\/div>\n<div id=\"_mcePaste\" class=\"mcePaste\" style=\"position: absolute; left: -10000px; top: 0px; width: 1px; height: 1px; overflow: hidden;\"><\/div>\n<div id=\"_mcePaste\" class=\"mcePaste\" style=\"position: absolute; left: -10000px; top: 0px; width: 1px; height: 1px; overflow: hidden;\">Jornal Monitor Mercantil &#8211; Rio &lt;marcos.oliveira@monitormercantil.com.br&gt;;&nbsp;<\/div>\n<div id=\"_mcePaste\" class=\"mcePaste\" style=\"position: absolute; left: -10000px; top: 0px; width: 1px; height: 1px; overflow: hidden;\"><\/div>\n<div id=\"_mcePaste\" class=\"mcePaste\" style=\"position: absolute; left: -10000px; top: 0px; width: 1px; height: 1px; overflow: hidden;\">O Estado de S. Paulo &#8211; Cley Scholz \/ Economia &lt;cley.scholz@grupoestado.com.br&gt;;&nbsp;<\/div>\n<div id=\"_mcePaste\" class=\"mcePaste\" style=\"position: absolute; left: -10000px; top: 0px; width: 1px; height: 1px; overflow: hidden;\"><\/div>\n<div id=\"_mcePaste\" class=\"mcePaste\" style=\"position: absolute; left: -10000px; top: 0px; width: 1px; height: 1px; overflow: hidden;\">Valor Econ\u00f4mico &#8211; Fernanda Pires &lt;fernanda.pires@valor.com.br&gt;;<\/div>\n<div id=\"_mcePaste\" class=\"mcePaste\" style=\"position: absolute; left: -10000px; top: 0px; width: 1px; height: 1px; overflow: hidden;\"><\/div>\n<div id=\"_mcePaste\" class=\"mcePaste\" style=\"position: absolute; left: -10000px; top: 0px; width: 1px; height: 1px; overflow: hidden;\">Valor Econ\u00f4mico &#8211; Luciana Marinelli \/ Tend\u00eancias e Consumo &lt;luciana.marinelli@valor.com.br&gt;;&nbsp;<\/div>\n<div id=\"_mcePaste\" class=\"mcePaste\" style=\"position: absolute; left: -10000px; top: 0px; width: 1px; height: 1px; overflow: hidden;\">&nbsp;<\/div>\n<div id=\"_mcePaste\" class=\"mcePaste\" style=\"position: absolute; left: -10000px; top: 0px; width: 1px; height: 1px; overflow: hidden;\">Brasil Econ\u00f4mico &#8211; Rita Caram &lt;rcaram@brasileconomico.com.br&gt;;&nbsp;<\/div>\n<div id=\"_mcePaste\" class=\"mcePaste\" style=\"position: absolute; left: -10000px; top: 0px; width: 1px; height: 1px; overflow: hidden;\"><\/div>\n<div id=\"_mcePaste\" class=\"mcePaste\" style=\"position: absolute; left: -10000px; top: 0px; width: 1px; height: 1px; overflow: hidden;\">Brasil Econ\u00f4mico &#8211; Arnaldo Comim &lt;acomim@brasileconomico.com.br&gt;;&nbsp;<\/div>\n<div id=\"_mcePaste\" class=\"mcePaste\" style=\"position: absolute; left: -10000px; top: 0px; width: 1px; height: 1px; overflow: hidden;\"><\/div>\n<div id=\"_mcePaste\" class=\"mcePaste\" style=\"position: absolute; left: -10000px; top: 0px; width: 1px; height: 1px; overflow: hidden;\">Revista da Ind\u00fastria \/ Fiesp &lt;indusnet@fiesp.com.br&gt;;&nbsp;<\/div>\n<div id=\"_mcePaste\" class=\"mcePaste\" style=\"position: absolute; left: -10000px; top: 0px; width: 1px; height: 1px; overflow: hidden;\"><\/div>\n<div id=\"_mcePaste\" class=\"mcePaste\" style=\"position: absolute; left: -10000px; top: 0px; width: 1px; height: 1px; overflow: hidden;\">LogWeb &lt;jornalismo@logweb.com.br&gt;;&nbsp;<\/div>\n<div id=\"_mcePaste\" class=\"mcePaste\" style=\"position: absolute; left: -10000px; top: 0px; width: 1px; height: 1px; overflow: hidden;\"><\/div>\n<div id=\"_mcePaste\" class=\"mcePaste\" style=\"position: absolute; left: -10000px; top: 0px; width: 1px; height: 1px; overflow: hidden;\">Revista Cargo News &#8211; Luiz Augusto &lt;guto@cargonews.com.br&gt;;&nbsp;<\/div>\n<div id=\"_mcePaste\" class=\"mcePaste\" style=\"position: absolute; left: -10000px; top: 0px; width: 1px; height: 1px; overflow: hidden;\"><\/div>\n<div id=\"_mcePaste\" class=\"mcePaste\" style=\"position: absolute; left: -10000px; top: 0px; width: 1px; height: 1px; overflow: hidden;\">Revista Correio do Porto &lt;correiodoporto@uol.com.br&gt;;&nbsp;<\/div>\n<div id=\"_mcePaste\" class=\"mcePaste\" style=\"position: absolute; left: -10000px; top: 0px; width: 1px; height: 1px; overflow: hidden;\"><\/div>\n<div id=\"_mcePaste\" class=\"mcePaste\" style=\"position: absolute; left: -10000px; top: 0px; width: 1px; height: 1px; overflow: hidden;\">Revista CNT &lt;acsmidia@gmail.com&gt;;&nbsp;<\/div>\n<div id=\"_mcePaste\" class=\"mcePaste\" style=\"position: absolute; left: -10000px; top: 0px; width: 1px; height: 1px; overflow: hidden;\"><\/div>\n<div id=\"_mcePaste\" class=\"mcePaste\" style=\"position: absolute; left: -10000px; top: 0px; width: 1px; height: 1px; overflow: hidden;\">Revista Conex\u00e3o Mar\u00edtima &#8211; Diniz J\u00fanior &lt;diniz@conexaomaritima.com.br&gt;;&nbsp;<\/div>\n<div id=\"_mcePaste\" class=\"mcePaste\" style=\"position: absolute; left: -10000px; top: 0px; width: 1px; height: 1px; overflow: hidden;\"><\/div>\n<div id=\"_mcePaste\" class=\"mcePaste\" style=\"position: absolute; left: -10000px; top: 0px; width: 1px; height: 1px; overflow: hidden;\">Revista Global &lt;editor@guiamaritimo.com.br&gt;;&nbsp;<\/div>\n<div id=\"_mcePaste\" class=\"mcePaste\" style=\"position: absolute; left: -10000px; top: 0px; width: 1px; height: 1px; overflow: hidden;\"><\/div>\n<div id=\"_mcePaste\" class=\"mcePaste\" style=\"position: absolute; left: -10000px; top: 0px; width: 1px; height: 1px; overflow: hidden;\">Revista Guia Mar\u00edtimo &lt;guiamar@guiamaritimo.com.br&gt;;&nbsp;<\/div>\n<div id=\"_mcePaste\" class=\"mcePaste\" style=\"position: absolute; left: -10000px; top: 0px; width: 1px; height: 1px; overflow: hidden;\"><\/div>\n<div id=\"_mcePaste\" class=\"mcePaste\" style=\"position: absolute; left: -10000px; top: 0px; width: 1px; height: 1px; overflow: hidden;\"><\/div>\n<div id=\"_mcePaste\" class=\"mcePaste\" style=\"position: absolute; left: -10000px; top: 0px; width: 1px; height: 1px; overflow: hidden;\">Revista Porto S.A. &lt;portossaonline@gmail.com&gt;;&nbsp;<\/div>\n<div id=\"_mcePaste\" class=\"mcePaste\" style=\"position: absolute; left: -10000px; top: 0px; width: 1px; height: 1px; overflow: hidden;\"><\/div>\n<div id=\"_mcePaste\" class=\"mcePaste\" style=\"position: absolute; left: -10000px; top: 0px; width: 1px; height: 1px; overflow: hidden;\">Revista Portos e Navios \/ Marcos &lt;marcos@portosenavios.com.br&gt;;&nbsp;<\/div>\n<div id=\"_mcePaste\" class=\"mcePaste\" style=\"position: absolute; left: -10000px; top: 0px; width: 1px; height: 1px; overflow: hidden;\"><\/div>\n<div id=\"_mcePaste\" class=\"mcePaste\" style=\"position: absolute; left: -10000px; top: 0px; width: 1px; height: 1px; overflow: hidden;\">Revista Portos e Navios \/ Ros\u00e2ngela Vieira &lt;rosangela@portosenavios.com.br&gt;;&nbsp;<\/div>\n<div id=\"_mcePaste\" class=\"mcePaste\" style=\"position: absolute; left: -10000px; top: 0px; width: 1px; height: 1px; overflow: hidden;\"><\/div>\n<div id=\"_mcePaste\" class=\"mcePaste\" style=\"position: absolute; left: -10000px; top: 0px; width: 1px; height: 1px; overflow: hidden;\"><\/div>\n<div id=\"_mcePaste\" class=\"mcePaste\" style=\"position: absolute; left: -10000px; top: 0px; width: 1px; height: 1px; overflow: hidden;\">Tecnolog\u00edstica Online &lt;tecnologisticaonline@publicare.com.br&gt;;&nbsp;<\/div>\n<div id=\"_mcePaste\" class=\"mcePaste\" style=\"position: absolute; left: -10000px; top: 0px; width: 1px; height: 1px; overflow: hidden;\"><\/div>\n<div id=\"_mcePaste\" class=\"mcePaste\" style=\"position: absolute; left: -10000px; top: 0px; width: 1px; height: 1px; overflow: hidden;\">Revista Tecnolog\u00edstica &lt;redacao@publicare.com.br&gt;;&nbsp;<\/div>\n<div id=\"_mcePaste\" class=\"mcePaste\" style=\"position: absolute; left: -10000px; top: 0px; width: 1px; height: 1px; overflow: hidden;\"><\/div>\n<div id=\"_mcePaste\" class=\"mcePaste\" style=\"position: absolute; left: -10000px; top: 0px; width: 1px; height: 1px; overflow: hidden;\">Revista Trade and Transport \/ C\u00e1ssio Tureta &#8211; Editor &lt;cassio@tradeandtransport.com.br&gt;;&nbsp;<\/div>\n<div id=\"_mcePaste\" class=\"mcePaste\" style=\"position: absolute; left: -10000px; top: 0px; width: 1px; height: 1px; overflow: hidden;\"><\/div>\n<div id=\"_mcePaste\" class=\"mcePaste\" style=\"position: absolute; left: -10000px; top: 0px; width: 1px; height: 1px; overflow: hidden;\">Revista Transporte Moderno &lt;redacao@otmeditora.com.br&gt;;&nbsp;<\/div>\n<div id=\"_mcePaste\" class=\"mcePaste\" style=\"position: absolute; left: -10000px; top: 0px; width: 1px; height: 1px; overflow: hidden;\"><\/div>\n<div id=\"_mcePaste\" class=\"mcePaste\" style=\"position: absolute; left: -10000px; top: 0px; width: 1px; height: 1px; overflow: hidden;\">S\u00e9rgio Barreto Motta &lt;smotta@centroin.com.br&gt;;&nbsp;<\/div>\n<div id=\"_mcePaste\" class=\"mcePaste\" style=\"position: absolute; left: -10000px; top: 0px; width: 1px; height: 1px; overflow: hidden;\"><\/div>\n<div id=\"_mcePaste\" class=\"mcePaste\" style=\"position: absolute; left: -10000px; top: 0px; width: 1px; height: 1px; overflow: hidden;\"><\/div>\n<div id=\"_mcePaste\" class=\"mcePaste\" style=\"position: absolute; left: -10000px; top: 0px; width: 1px; height: 1px; overflow: hidden;\">Site Click Litoral &lt;imprensa@clicklitoral.com.br&gt;;&nbsp;<\/div>\n<div id=\"_mcePaste\" class=\"mcePaste\" style=\"position: absolute; left: -10000px; top: 0px; width: 1px; height: 1px; overflow: hidden;\"><\/div>\n<div id=\"_mcePaste\" class=\"mcePaste\" style=\"position: absolute; left: -10000px; top: 0px; width: 1px; height: 1px; overflow: hidden;\">Site \u00d3 minha Santos &lt;omsantos@omsantos.com.br&gt;;&nbsp;<\/div>\n<div id=\"_mcePaste\" class=\"mcePaste\" style=\"position: absolute; left: -10000px; top: 0px; width: 1px; height: 1px; overflow: hidden;\"><\/div>\n<div id=\"_mcePaste\" class=\"mcePaste\" style=\"position: absolute; left: -10000px; top: 0px; width: 1px; height: 1px; overflow: hidden;\">Site Trupe da Terra &#8211; Jos\u00e9 Luiz Lousada \/ Editor &lt;jllousada@uol.com.br&gt;;&nbsp;<\/div>\n<div id=\"_mcePaste\" class=\"mcePaste\" style=\"position: absolute; left: -10000px; top: 0px; width: 1px; height: 1px; overflow: hidden;\"><\/div>\n<div id=\"_mcePaste\" class=\"mcePaste\" style=\"position: absolute; left: -10000px; top: 0px; width: 1px; height: 1px; overflow: hidden;\">Site Via Santos &#8211; Mauri Alexandrino &lt;mauri@viasantos.com&gt;;&nbsp;<\/div>\n<div id=\"_mcePaste\" class=\"mcePaste\" style=\"position: absolute; left: -10000px; top: 0px; width: 1px; height: 1px; overflow: hidden;\"><\/div>\n<div id=\"_mcePaste\" class=\"mcePaste\" style=\"position: absolute; left: -10000px; top: 0px; width: 1px; height: 1px; overflow: hidden;\">Site Viva Santos &lt;agenda@vivasantos.com.br&gt;;&nbsp;<\/div>\n<div id=\"_mcePaste\" class=\"mcePaste\" style=\"position: absolute; left: -10000px; top: 0px; width: 1px; height: 1px; overflow: hidden;\"><\/div>\n<div id=\"_mcePaste\" class=\"mcePaste\" style=\"position: absolute; left: -10000px; top: 0px; width: 1px; height: 1px; overflow: hidden;\"><\/div>\n<div id=\"_mcePaste\" class=\"mcePaste\" style=\"position: absolute; left: -10000px; top: 0px; width: 1px; height: 1px; overflow: hidden;\"><\/div>\n<div id=\"_mcePaste\" class=\"mcePaste\" style=\"position: absolute; left: -10000px; top: 0px; width: 1px; height: 1px; overflow: hidden;\">Site Brazil Modal &lt;redacao@brazilmodal.com.br&gt;;&nbsp;<\/div>\n<div id=\"_mcePaste\" class=\"mcePaste\" style=\"position: absolute; left: -10000px; top: 0px; width: 1px; height: 1px; overflow: hidden;\"><\/div>\n<div id=\"_mcePaste\" class=\"mcePaste\" style=\"position: absolute; left: -10000px; top: 0px; width: 1px; height: 1px; overflow: hidden;\">Site Fator Brasil &lt;fatorbrasil@revistafatorbrasil.com.br&gt;;&nbsp;<\/div>\n<div id=\"_mcePaste\" class=\"mcePaste\" style=\"position: absolute; left: -10000px; top: 0px; width: 1px; height: 1px; overflow: hidden;\"><\/div>\n<div id=\"_mcePaste\" class=\"mcePaste\" style=\"position: absolute; left: -10000px; top: 0px; width: 1px; height: 1px; overflow: hidden;\">Site NetMarinha &lt;jornalismo@netmarinha.com.br&gt;;&nbsp;<\/div>\n<div id=\"_mcePaste\" class=\"mcePaste\" style=\"position: absolute; left: -10000px; top: 0px; width: 1px; height: 1px; overflow: hidden;\"><\/div>\n<div id=\"_mcePaste\" class=\"mcePaste\" style=\"position: absolute; left: -10000px; top: 0px; width: 1px; height: 1px; overflow: hidden;\">Site Porto Gente &#8211; Bruno Rios &lt;brunorios@portogente.com.br&gt;;&nbsp;<\/div>\n<div id=\"_mcePaste\" class=\"mcePaste\" style=\"position: absolute; left: -10000px; top: 0px; width: 1px; height: 1px; overflow: hidden;\"><\/div>\n<div id=\"_mcePaste\" class=\"mcePaste\" style=\"position: absolute; left: -10000px; top: 0px; width: 1px; height: 1px; overflow: hidden;\"><\/div>\n<div id=\"_mcePaste\" class=\"mcePaste\" style=\"position: absolute; left: -10000px; top: 0px; width: 1px; height: 1px; overflow: hidden;\"><\/div>\n<div id=\"_mcePaste\" class=\"mcePaste\" style=\"position: absolute; left: -10000px; top: 0px; width: 1px; height: 1px; overflow: hidden;\">Rede TV &#8211; S\u00e3o Paulo &lt;karlinhasan@hotmail.com&gt;;&nbsp;<\/div>\n<div id=\"_mcePaste\" class=\"mcePaste\" style=\"position: absolute; left: -10000px; top: 0px; width: 1px; height: 1px; overflow: hidden;\"><\/div>\n<div id=\"_mcePaste\" class=\"mcePaste\" style=\"position: absolute; left: -10000px; top: 0px; width: 1px; height: 1px; overflow: hidden;\">TV Baixada 10 &#8211; Patr\u00edcia Nunes &lt;patricians25@gmail.com&gt;;&nbsp;<\/div>\n<div id=\"_mcePaste\" class=\"mcePaste\" style=\"position: absolute; left: -10000px; top: 0px; width: 1px; height: 1px; overflow: hidden;\"><\/div>\n<div id=\"_mcePaste\" class=\"mcePaste\" style=\"position: absolute; left: -10000px; top: 0px; width: 1px; height: 1px; overflow: hidden;\">TVB &#8211; Not\u00edcias &lt;noticias@tvb.com.br&gt;;&nbsp;<\/div>\n<div id=\"_mcePaste\" class=\"mcePaste\" style=\"position: absolute; left: -10000px; top: 0px; width: 1px; height: 1px; overflow: hidden;\"><\/div>\n<div id=\"_mcePaste\" class=\"mcePaste\" style=\"position: absolute; left: -10000px; top: 0px; width: 1px; height: 1px; overflow: hidden;\">TVB &#8211; Not\u00edcias em Debate &lt;nd@tvb.com.br&gt;;&nbsp;<\/div>\n<div id=\"_mcePaste\" class=\"mcePaste\" style=\"position: absolute; left: -10000px; top: 0px; width: 1px; height: 1px; overflow: hidden;\"><\/div>\n<div id=\"_mcePaste\" class=\"mcePaste\" style=\"position: absolute; left: -10000px; top: 0px; width: 1px; height: 1px; overflow: hidden;\">TV Bandeirantes &lt;lmanco@band.com.br&gt;;&nbsp;<\/div>\n<div id=\"_mcePaste\" class=\"mcePaste\" style=\"position: absolute; left: -10000px; top: 0px; width: 1px; height: 1px; overflow: hidden;\"><\/div>\n<div id=\"_mcePaste\" class=\"mcePaste\" style=\"position: absolute; left: -10000px; top: 0px; width: 1px; height: 1px; overflow: hidden;\">Mario Toledo &lt;mtoledo@band.com.br&gt;;&nbsp;<\/div>\n<div id=\"_mcePaste\" class=\"mcePaste\" style=\"position: absolute; left: -10000px; top: 0px; width: 1px; height: 1px; overflow: hidden;\"><\/div>\n<div id=\"_mcePaste\" class=\"mcePaste\" style=\"position: absolute; left: -10000px; top: 0px; width: 1px; height: 1px; overflow: hidden;\">Mario Toledo e Fernanda &lt;contato@redecomex.com.br&gt;;&nbsp;<\/div>\n<div id=\"_mcePaste\" class=\"mcePaste\" style=\"position: absolute; left: -10000px; top: 0px; width: 1px; height: 1px; overflow: hidden;\"><\/div>\n<div id=\"_mcePaste\" class=\"mcePaste\" style=\"position: absolute; left: -10000px; top: 0px; width: 1px; height: 1px; overflow: hidden;\"><\/div>\n<div id=\"_mcePaste\" class=\"mcePaste\" style=\"position: absolute; left: -10000px; top: 0px; width: 1px; height: 1px; overflow: hidden;\"><\/div>\n<div id=\"_mcePaste\" class=\"mcePaste\" style=\"position: absolute; left: -10000px; top: 0px; width: 1px; height: 1px; overflow: hidden;\">TV Record Litoral &#8211; Silvia Barreto &lt;scfabarreto@recordlitoral.com&gt;;&nbsp;<\/div>\n<div id=\"_mcePaste\" class=\"mcePaste\" style=\"position: absolute; left: -10000px; top: 0px; width: 1px; height: 1px; overflow: hidden;\"><\/div>\n<div id=\"_mcePaste\" class=\"mcePaste\" style=\"position: absolute; left: -10000px; top: 0px; width: 1px; height: 1px; overflow: hidden;\">R7 &#8211; Giselli Souza &lt;gfdsouza@sp.r7.com&gt;;<\/div>\n<div id=\"_mcePaste\" class=\"mcePaste\" style=\"position: absolute; left: -10000px; top: 0px; width: 1px; height: 1px; overflow: hidden;\"><\/div>\n<div id=\"_mcePaste\" class=\"mcePaste\" style=\"position: absolute; left: -10000px; top: 0px; width: 1px; height: 1px; overflow: hidden;\"><\/div>\n<div id=\"_mcePaste\" class=\"mcePaste\" style=\"position: absolute; left: -10000px; top: 0px; width: 1px; height: 1px; overflow: hidden;\"><\/div>\n<div id=\"_mcePaste\" class=\"mcePaste\" style=\"position: absolute; left: -10000px; top: 0px; width: 1px; height: 1px; overflow: hidden;\">TV Santa Cec\u00edlia &#8211; Caderno Regional &lt;cadernoregional@uol.com.br&gt;;&nbsp;<\/div>\n<div id=\"_mcePaste\" class=\"mcePaste\" style=\"position: absolute; left: -10000px; top: 0px; width: 1px; height: 1px; overflow: hidden;\"><\/div>\n<div id=\"_mcePaste\" class=\"mcePaste\" style=\"position: absolute; left: -10000px; top: 0px; width: 1px; height: 1px; overflow: hidden;\">TV Santa Cec\u00edlia &#8211; Painel Regional &lt;painelregionarl@gmail.com&gt;;&nbsp;<\/div>\n<div id=\"_mcePaste\" class=\"mcePaste\" style=\"position: absolute; left: -10000px; top: 0px; width: 1px; height: 1px; overflow: hidden;\"><\/div>\n<div id=\"_mcePaste\" class=\"mcePaste\" style=\"position: absolute; left: -10000px; top: 0px; width: 1px; height: 1px; overflow: hidden;\"><\/div>\n<div id=\"_mcePaste\" class=\"mcePaste\" style=\"position: absolute; left: -10000px; top: 0px; width: 1px; height: 1px; overflow: hidden;\"><\/div>\n<div id=\"_mcePaste\" class=\"mcePaste\" style=\"position: absolute; left: -10000px; top: 0px; width: 1px; height: 1px; overflow: hidden;\">TV Tribuna &#8211; Produ\u00e7\u00e3o &lt;producao@tvtribuna.com&gt;;&nbsp;<\/div>\n<div id=\"_mcePaste\" class=\"mcePaste\" style=\"position: absolute; left: -10000px; top: 0px; width: 1px; height: 1px; overflow: hidden;\"><\/div>\n<div id=\"_mcePaste\" class=\"mcePaste\" style=\"position: absolute; left: -10000px; top: 0px; width: 1px; height: 1px; overflow: hidden;\">TV Tribuna &#8211; Jornalismo &lt;jornalismo@tvtribuna.com&gt;;&nbsp;<\/div>\n<div id=\"_mcePaste\" class=\"mcePaste\" style=\"position: absolute; left: -10000px; top: 0px; width: 1px; height: 1px; overflow: hidden;\"><\/div>\n<div id=\"_mcePaste\" class=\"mcePaste\" style=\"position: absolute; left: -10000px; top: 0px; width: 1px; height: 1px; overflow: hidden;\">VTV &#8211; Lu\u00eds Fernando &lt;luisfernando@redevtv.com.br&gt;;<\/div>\n<div id=\"_mcePaste\" class=\"mcePaste\" style=\"position: absolute; left: -10000px; top: 0px; width: 1px; height: 1px; overflow: hidden;\"><\/div>\n<div id=\"_mcePaste\" class=\"mcePaste\" style=\"position: absolute; left: -10000px; top: 0px; width: 1px; height: 1px; overflow: hidden;\">VTV &#8211; Jornalismo &lt;jornalismo@redevtv.com.br&gt;;<\/div>\n<div id=\"_mcePaste\" class=\"mcePaste\" style=\"position: absolute; left: -10000px; top: 0px; width: 1px; height: 1px; overflow: hidden;\"><\/div>\n<div id=\"_mcePaste\" class=\"mcePaste\" style=\"position: absolute; left: -10000px; top: 0px; width: 1px; height: 1px; overflow: hidden;\">Rede TV &#8211; Luis Fernando &lt;luisfernando@redevtv.com.br&gt;;<\/div>\n<div id=\"_mcePaste\" class=\"mcePaste\" style=\"position: absolute; left: -10000px; top: 0px; width: 1px; height: 1px; overflow: hidden;\"><\/div>\n<div id=\"_mcePaste\" class=\"mcePaste\" style=\"position: absolute; left: -10000px; top: 0px; width: 1px; height: 1px; overflow: hidden;\"><\/div>\n<div id=\"_mcePaste\" class=\"mcePaste\" style=\"position: absolute; left: -10000px; top: 0px; width: 1px; height: 1px; overflow: hidden;\">VTV &#8211; D\u00e9bora &lt;deborah@redevtv.com.br&gt;;&nbsp;<\/div>\n<div id=\"_mcePaste\" class=\"mcePaste\" style=\"position: absolute; left: -10000px; top: 0px; width: 1px; height: 1px; overflow: hidden;\"><\/div>\n<div id=\"_mcePaste\" class=\"mcePaste\" style=\"position: absolute; left: -10000px; top: 0px; width: 1px; height: 1px; overflow: hidden;\">VTV &#8211; Destaques \/ Pedro Alc\u00e2ntara &lt;destaque@redevtv.com.br&gt;;&nbsp;<\/div>\n<div id=\"_mcePaste\" class=\"mcePaste\" style=\"position: absolute; left: -10000px; top: 0px; width: 1px; height: 1px; overflow: hidden;\"><\/div>\n<div id=\"_mcePaste\" class=\"mcePaste\" style=\"position: absolute; left: -10000px; top: 0px; width: 1px; height: 1px; overflow: hidden;\">VTV &#8211; Programa Pedro Alc\u00e2ntara &lt;programa@pedroalcantara.com.br&gt;<\/div>\n<div id=\"_mcePaste\" class=\"mcePaste\" style=\"position: absolute; left: -10000px; top: 0px; width: 1px; height: 1px; overflow: hidden;\"><\/div>\n<div id=\"_mcePaste\" class=\"mcePaste\" style=\"position: absolute; left: -10000px; top: 0px; width: 1px; height: 1px; overflow: hidden;\">VTV &#8211; Pedro Alc\u00e2ntara &lt;pedroalcantara@redetv.com.br&gt;;&nbsp;<\/div>\n<div id=\"_mcePaste\" class=\"mcePaste\" style=\"position: absolute; left: -10000px; top: 0px; width: 1px; height: 1px; overflow: hidden;\"><\/div>\n<div id=\"_mcePaste\" class=\"mcePaste\" style=\"position: absolute; left: -10000px; top: 0px; width: 1px; height: 1px; overflow: hidden;\">Canal Aquavi\u00e1rio &lt;producao@settaport.com.br&gt;;&nbsp;<\/div>\n<div id=\"_mcePaste\" class=\"mcePaste\" style=\"position: absolute; left: -10000px; top: 0px; width: 1px; height: 1px; overflow: hidden;\"><\/div>\n<div id=\"_mcePaste\" class=\"mcePaste\" style=\"position: absolute; left: -10000px; top: 0px; width: 1px; height: 1px; overflow: hidden;\">Rodrigo Oliveira &#8211; Editor \/ Rede Internacional de TV &lt;rsoliveira@estadao.com.br&gt;;&nbsp;<\/div>\n<div id=\"_mcePaste\" class=\"mcePaste\" style=\"position: absolute; left: -10000px; top: 0px; width: 1px; height: 1px; overflow: hidden;\"><\/div>\n<div id=\"_mcePaste\" class=\"mcePaste\" style=\"position: absolute; left: -10000px; top: 0px; width: 1px; height: 1px; overflow: hidden;\"><\/div>\n<div id=\"_mcePaste\" class=\"mcePaste\" style=\"position: absolute; left: -10000px; top: 0px; width: 1px; height: 1px; overflow: hidden;\"><\/div>\n<div id=\"_mcePaste\" class=\"mcePaste\" style=\"position: absolute; left: -10000px; top: 0px; width: 1px; height: 1px; overflow: hidden;\">Fe Burger &lt;feburger@hotmail.com&gt;;&nbsp;<\/div>\n<div id=\"_mcePaste\" class=\"mcePaste\" style=\"position: absolute; left: -10000px; top: 0px; width: 1px; height: 1px; overflow: hidden;\"><\/div>\n<div id=\"_mcePaste\" class=\"mcePaste\" style=\"position: absolute; left: -10000px; top: 0px; width: 1px; height: 1px; overflow: hidden;\">Associa\u00e7\u00e3o Comercial de S\u00e3o Paulo &#8211; F. Salgado &lt;fsalgado@acsp.com.br&gt;;&nbsp;<\/div>\n<div id=\"_mcePaste\" class=\"mcePaste\" style=\"position: absolute; left: -10000px; top: 0px; width: 1px; height: 1px; overflow: hidden;\"><\/div>\n<div id=\"_mcePaste\" class=\"mcePaste\" style=\"position: absolute; left: -10000px; top: 0px; width: 1px; height: 1px; overflow: hidden;\">M. Luz Moura &lt;mluzmoura@ig.com.br&gt;;&nbsp;<\/div>\n<div id=\"_mcePaste\" class=\"mcePaste\" style=\"position: absolute; left: -10000px; top: 0px; width: 1px; height: 1px; overflow: hidden;\"><\/div>\n<div id=\"_mcePaste\" class=\"mcePaste\" style=\"position: absolute; left: -10000px; top: 0px; width: 1px; height: 1px; overflow: hidden;\">M. A. Cruz &lt;maccruz_2000@yahoo.com.br&gt;;&nbsp;<\/div>\n<div id=\"_mcePaste\" class=\"mcePaste\" style=\"position: absolute; left: -10000px; top: 0px; width: 1px; height: 1px; overflow: hidden;\"><\/div>\n<div id=\"_mcePaste\" class=\"mcePaste\" style=\"position: absolute; left: -10000px; top: 0px; width: 1px; height: 1px; overflow: hidden;\">Nayr Bueno &lt;nayrbueno@hotmail.com&gt;;&nbsp;<\/div>\n<div id=\"_mcePaste\" class=\"mcePaste\" style=\"position: absolute; left: -10000px; top: 0px; width: 1px; height: 1px; overflow: hidden;\"><\/div>\n<div id=\"_mcePaste\" class=\"mcePaste\" style=\"position: absolute; left: -10000px; top: 0px; width: 1px; height: 1px; overflow: hidden;\">Pires Curti &lt;pires.curti@gmail.com&gt;;&nbsp;<\/div>\n<div id=\"_mcePaste\" class=\"mcePaste\" style=\"position: absolute; left: -10000px; top: 0px; width: 1px; height: 1px; overflow: hidden;\"><\/div>\n<div id=\"_mcePaste\" class=\"mcePaste\" style=\"position: absolute; left: -10000px; top: 0px; width: 1px; height: 1px; overflow: hidden;\">Simone Martins &lt;smartins34@hotmail.com&gt;;&nbsp;<\/div>\n<div id=\"_mcePaste\" class=\"mcePaste\" style=\"position: absolute; left: -10000px; top: 0px; width: 1px; height: 1px; overflow: hidden;\"><\/div>\n<div id=\"_mcePaste\" class=\"mcePaste\" style=\"position: absolute; left: -10000px; top: 0px; width: 1px; height: 1px; overflow: hidden;\">T. Freitas &lt;tfreitas@acsp.com.br&gt;; amanda.barbieri@acs.org.br; alba@acs.org.br<\/div>\n<div id=\"_mcePaste\" class=\"mcePaste\" style=\"position: absolute; left: -10000px; top: 0px; width: 1px; height: 1px; overflow: hidden;\"><\/div>\n<div id=\"_mcePaste\" class=\"mcePaste\" style=\"position: absolute; left: -10000px; top: 0px; width: 1px; height: 1px; overflow: hidden;\">T\u00e2nia Maria &lt;taniamariamar@yahoo.com.br&gt;;&nbsp;<\/div>\n<div id=\"_mcePaste\" class=\"mcePaste\" style=\"position: absolute; left: -10000px; top: 0px; width: 1px; height: 1px; overflow: hidden;\"><\/div>\n<div id=\"_mcePaste\" class=\"mcePaste\" style=\"position: absolute; left: -10000px; top: 0px; width: 1px; height: 1px; overflow: hidden;\">Ver Ouvir e Falar &lt;verouvirefalar@bol.com.br&gt;;&nbsp;<\/div>\n<div id=\"_mcePaste\" class=\"mcePaste\" style=\"position: absolute; left: -10000px; top: 0px; width: 1px; height: 1px; overflow: hidden;\"><\/div>\n<div id=\"_mcePaste\" class=\"mcePaste\" style=\"position: absolute; left: -10000px; top: 0px; width: 1px; height: 1px; overflow: hidden;\">Associa\u00e7\u00e3o Comercial de S\u00e3o Paulo &#8211; V. Morais &lt;vmorais@acsp.com.br&gt;;&nbsp;<\/div>\n<div id=\"_mcePaste\" class=\"mcePaste\" style=\"position: absolute; left: -10000px; top: 0px; width: 1px; height: 1px; overflow: hidden;\"><\/div>\n<div id=\"_mcePaste\" class=\"mcePaste\" style=\"position: absolute; left: -10000px; top: 0px; width: 1px; height: 1px; overflow: hidden;\">V. R. Faccioli &lt;vrfaccioli@hotmail.com&gt;;&nbsp;<\/div>\n<div id=\"_mcePaste\" class=\"mcePaste\" style=\"position: absolute; left: -10000px; top: 0px; width: 1px; height: 1px; overflow: hidden;\"><\/div>\n<div id=\"_mcePaste\" class=\"mcePaste\" style=\"position: absolute; left: -10000px; top: 0px; width: 1px; height: 1px; overflow: hidden;\">Waldir J. Santos &lt;waldirjsantos@yahoo.com.br&gt;;<\/div>\n<div id=\"_mcePaste\" class=\"mcePaste\" style=\"position: absolute; left: -10000px; top: 0px; width: 1px; height: 1px; overflow: hidden;\"><\/div>\n<div id=\"_mcePaste\" class=\"mcePaste\" style=\"position: absolute; left: -10000px; top: 0px; width: 1px; height: 1px; overflow: hidden;\">L. Felix &lt;lfelix@band.com.br&gt;;<\/div>\n<div id=\"_mcePaste\" class=\"mcePaste\" style=\"position: absolute; left: -10000px; top: 0px; width: 1px; height: 1px; overflow: hidden;\"><\/div>\n<div id=\"_mcePaste\" class=\"mcePaste\" style=\"position: absolute; left: -10000px; top: 0px; width: 1px; height: 1px; overflow: hidden;\">R\u00e1dio Terra &lt;radioterra650am@gmail.com&gt;<\/div>\n<div id=\"_mcePaste\" class=\"mcePaste\" style=\"position: absolute; left: -10000px; top: 0px; width: 1px; height: 1px; overflow: hidden;\"><\/div>\n<div id=\"_mcePaste\" class=\"mcePaste\" style=\"position: absolute; left: -10000px; top: 0px; width: 1px; height: 1px; overflow: hidden;\"><\/div>\n<div id=\"_mcePaste\" class=\"mcePaste\" style=\"position: absolute; left: -10000px; top: 0px; width: 1px; height: 1px; overflow: hidden;\">Vin\u00edcius Prado de Morais \/ Facesp &#8211; Federa\u00e7\u00e3o das Associa\u00e7\u00f5es Comerciais do Estado de S\u00e3o Paulo &lt;vprado@acsp.com.br&gt;;<\/div>\n<div id=\"_mcePaste\" class=\"mcePaste\" style=\"position: absolute; left: -10000px; top: 0px; width: 1px; height: 1px; overflow: hidden;\"><\/div>\n<div id=\"_mcePaste\" class=\"mcePaste\" style=\"position: absolute; left: -10000px; top: 0px; width: 1px; height: 1px; overflow: hidden;\">Jos\u00e9 Fl\u00e1vio &lt;joseflaviojb@uol.com.br&gt;;&nbsp;<\/div>\n<div id=\"_mcePaste\" class=\"mcePaste\" style=\"position: absolute; left: -10000px; top: 0px; width: 1px; height: 1px; overflow: hidden;\"><\/div>\n<div id=\"_mcePaste\" class=\"mcePaste\" style=\"position: absolute; left: -10000px; top: 0px; width: 1px; height: 1px; overflow: hidden;\">Clara Monforte &#8211; Jornal da Orla &lt;claramonforte@jornaldaorla.com.br&gt;;&nbsp;<\/div>\n<div id=\"_mcePaste\" class=\"mcePaste\" style=\"position: absolute; left: -10000px; top: 0px; width: 1px; height: 1px; overflow: hidden;\"><\/div>\n<div id=\"_mcePaste\" class=\"mcePaste\" style=\"position: absolute; left: -10000px; top: 0px; width: 1px; height: 1px; overflow: hidden;\">Durval Capp Filho &lt;sto44033@terra.com.br&gt;;&nbsp;<\/div>\n<div id=\"_mcePaste\" class=\"mcePaste\" style=\"position: absolute; left: -10000px; top: 0px; width: 1px; height: 1px; overflow: hidden;\"><\/div>\n<div id=\"_mcePaste\" class=\"mcePaste\" style=\"position: absolute; left: -10000px; top: 0px; width: 1px; height: 1px; overflow: hidden;\">G1 Santos e Regi\u00e3o &lt;g1@tvtribuna.com&gt;;&nbsp;<\/div>\n<div id=\"_mcePaste\" class=\"mcePaste\" style=\"position: absolute; left: -10000px; top: 0px; width: 1px; height: 1px; overflow: hidden;\"><\/div>\n<div id=\"_mcePaste\" class=\"mcePaste\" style=\"position: absolute; left: -10000px; top: 0px; width: 1px; height: 1px; overflow: hidden;\">Boqueir\u00e3o &#8211; Gerson Moreira Lima \/ O Outro Lado da Bola &lt;gerson1952@uol.com.br&gt;;&nbsp;<\/div>\n<div id=\"_mcePaste\" class=\"mcePaste\" style=\"position: absolute; left: -10000px; top: 0px; width: 1px; height: 1px; overflow: hidden;\"><\/div>\n<div id=\"_mcePaste\" class=\"mcePaste\" style=\"position: absolute; left: -10000px; top: 0px; width: 1px; height: 1px; overflow: hidden;\">Boqueir\u00e3o &#8211; Panorama Regional \/ Fernando De Maria &lt;fernando@boqnews.com&gt;;&nbsp;<\/div>\n<div id=\"_mcePaste\" class=\"mcePaste\" style=\"position: absolute; left: -10000px; top: 0px; width: 1px; height: 1px; overflow: hidden;\"><\/div>\n<div id=\"_mcePaste\" class=\"mcePaste\" style=\"position: absolute; left: -10000px; top: 0px; width: 1px; height: 1px; overflow: hidden;\">Jornal da Orla &#8211; Christian Moreno \/ TV em Transe &lt;transe@jornaldaorla.com.br&gt;;&nbsp;<\/div>\n<div id=\"_mcePaste\" class=\"mcePaste\" style=\"position: absolute; left: -10000px; top: 0px; width: 1px; height: 1px; overflow: hidden;\"><\/div>\n<div id=\"_mcePaste\" class=\"mcePaste\" style=\"position: absolute; left: -10000px; top: 0px; width: 1px; height: 1px; overflow: hidden;\">Jornal da Orla &#8211; George F. Jorge e M\u00e1rcia Bernardo \/ Estrelas &amp; Mol\u00e9culas &lt;astros@jornaldaorla.com.br&gt;;&nbsp;<\/div>\n<div id=\"_mcePaste\" class=\"mcePaste\" style=\"position: absolute; left: -10000px; top: 0px; width: 1px; height: 1px; overflow: hidden;\"><\/div>\n<div id=\"_mcePaste\" class=\"mcePaste\" style=\"position: absolute; left: -10000px; top: 0px; width: 1px; height: 1px; overflow: hidden;\">Jornal da Orla &#8211; Ouhydes Fonseca \/ Segunda Leitura &lt;ouhydes@jornaldaorla.com.br&gt;;&nbsp;<\/div>\n<div id=\"_mcePaste\" class=\"mcePaste\" style=\"position: absolute; left: -10000px; top: 0px; width: 1px; height: 1px; overflow: hidden;\"><\/div>\n<div id=\"_mcePaste\" class=\"mcePaste\" style=\"position: absolute; left: -10000px; top: 0px; width: 1px; height: 1px; overflow: hidden;\">Jornal da Orla &#8211; Christian Moreno \/ TV em Transe &lt;transe@jornaldaorla.com.br&gt;;&nbsp;<\/div>\n<div id=\"_mcePaste\" class=\"mcePaste\" style=\"position: absolute; left: -10000px; top: 0px; width: 1px; height: 1px; overflow: hidden;\"><\/div>\n<div id=\"_mcePaste\" class=\"mcePaste\" style=\"position: absolute; left: -10000px; top: 0px; width: 1px; height: 1px; overflow: hidden;\">Jornal da Orla &#8211; George F. Jorge e M\u00e1rcia Bernardo \/ Estrelas &amp; Mol\u00e9culas &lt;astros@jornaldaorla.com.br&gt;;&nbsp;<\/div>\n<div id=\"_mcePaste\" class=\"mcePaste\" style=\"position: absolute; left: -10000px; top: 0px; width: 1px; height: 1px; overflow: hidden;\"><\/div>\n<div id=\"_mcePaste\" class=\"mcePaste\" style=\"position: absolute; left: -10000px; top: 0px; width: 1px; height: 1px; overflow: hidden;\">Jornal da Orla &#8211; M\u00edrian Ribeiro \/ Em Dia Com a Sa\u00fade &lt;saude@jornaldaorla.com.br&gt;;&nbsp;<\/div>\n<div id=\"_mcePaste\" class=\"mcePaste\" style=\"position: absolute; left: -10000px; top: 0px; width: 1px; height: 1px; overflow: hidden;\"><\/div>\n<div id=\"_mcePaste\" class=\"mcePaste\" style=\"position: absolute; left: -10000px; top: 0px; width: 1px; height: 1px; overflow: hidden;\">Jornal da Orla &#8211; Moda &amp; Beleza &lt;moda@jornaldaorla.com.br&gt;;&nbsp;<\/div>\n<div id=\"_mcePaste\" class=\"mcePaste\" style=\"position: absolute; left: -10000px; top: 0px; width: 1px; height: 1px; overflow: hidden;\"><\/div>\n<div id=\"_mcePaste\" class=\"mcePaste\" style=\"position: absolute; left: -10000px; top: 0px; width: 1px; height: 1px; overflow: hidden;\">Jornal da Orla &#8211; Roteiro &lt;roteiro@jornaldaorla.com.br&gt;;&nbsp;<\/div>\n<div id=\"_mcePaste\" class=\"mcePaste\" style=\"position: absolute; left: -10000px; top: 0px; width: 1px; height: 1px; overflow: hidden;\"><\/div>\n<div id=\"_mcePaste\" class=\"mcePaste\" style=\"position: absolute; left: -10000px; top: 0px; width: 1px; height: 1px; overflow: hidden;\">Jornal da Orla &#8211; Gastronomia &lt;gastronomia@jornaldaorla.com.br&gt;;&nbsp;<\/div>\n<div id=\"_mcePaste\" class=\"mcePaste\" style=\"position: absolute; left: -10000px; top: 0px; width: 1px; height: 1px; overflow: hidden;\"><\/div>\n<div id=\"_mcePaste\" class=\"mcePaste\" style=\"position: absolute; left: -10000px; top: 0px; width: 1px; height: 1px; overflow: hidden;\">Jornal da Orla &#8211; Jadir Albino \/ Fronteiras da Ci\u00eancia &lt;jadir@jornaldaorla.com.br&gt;;&nbsp;<\/div>\n<div id=\"_mcePaste\" class=\"mcePaste\" style=\"position: absolute; left: -10000px; top: 0px; width: 1px; height: 1px; overflow: hidden;\"><\/div>\n<div id=\"_mcePaste\" class=\"mcePaste\" style=\"position: absolute; left: -10000px; top: 0px; width: 1px; height: 1px; overflow: hidden;\">Jornal da Orla &#8211; Marina Menezes \/ Dicas &lt;marina.menezes@uol.com.br&gt;;&nbsp;<\/div>\n<div id=\"_mcePaste\" class=\"mcePaste\" style=\"position: absolute; left: -10000px; top: 0px; width: 1px; height: 1px; overflow: hidden;\"><\/div>\n<div id=\"_mcePaste\" class=\"mcePaste\" style=\"position: absolute; left: -10000px; top: 0px; width: 1px; height: 1px; overflow: hidden;\">Jornal da Orla &#8211; S\u00e9rgio Luiz Corr\u00eaa \/ Coluna do Corr\u00eaa &lt;correa@jornaldaorla.com.br&gt;;&nbsp;<\/div>\n<div id=\"_mcePaste\" class=\"mcePaste\" style=\"position: absolute; left: -10000px; top: 0px; width: 1px; height: 1px; overflow: hidden;\"><\/div>\n<div id=\"_mcePaste\" class=\"mcePaste\" style=\"position: absolute; left: -10000px; top: 0px; width: 1px; height: 1px; overflow: hidden;\">Jornal da Orla &#8211; Construir &amp; Decorar &lt;decoracao@jornaldaorla.com.br&gt;;&nbsp;<\/div>\n<div id=\"_mcePaste\" class=\"mcePaste\" style=\"position: absolute; left: -10000px; top: 0px; width: 1px; height: 1px; overflow: hidden;\"><\/div>\n<div id=\"_mcePaste\" class=\"mcePaste\" style=\"position: absolute; left: -10000px; top: 0px; width: 1px; height: 1px; overflow: hidden;\">Jornal da Orla &#8211; Turismo \/ Leandro Amaral &lt;turismo@jornaldaorla.com.br&gt;;&nbsp;<\/div>\n<div id=\"_mcePaste\" class=\"mcePaste\" style=\"position: absolute; left: -10000px; top: 0px; width: 1px; height: 1px; overflow: hidden;\"><\/div>\n<div id=\"_mcePaste\" class=\"mcePaste\" style=\"position: absolute; left: -10000px; top: 0px; width: 1px; height: 1px; overflow: hidden;\"><\/div>\n<div id=\"_mcePaste\" class=\"mcePaste\" style=\"position: absolute; left: -10000px; top: 0px; width: 1px; height: 1px; overflow: hidden;\"><\/div>\n<div id=\"_mcePaste\" class=\"mcePaste\" style=\"position: absolute; left: -10000px; top: 0px; width: 1px; height: 1px; overflow: hidden;\">A Est\u00e2ncia de Guaruj\u00e1 &#8211; Jornal &lt;estanciadeguaruja@miranet.com.br&gt;;&nbsp;<\/div>\n<div id=\"_mcePaste\" class=\"mcePaste\" style=\"position: absolute; left: -10000px; top: 0px; width: 1px; height: 1px; overflow: hidden;\"><\/div>\n<div id=\"_mcePaste\" class=\"mcePaste\" style=\"position: absolute; left: -10000px; top: 0px; width: 1px; height: 1px; overflow: hidden;\">Boqueir\u00e3o &#8211; Jairo S\u00e9rgio de Campos Abreu \/ Coluna 3 &lt;jairo@boqnews.com&gt;;&nbsp;<\/div>\n<div id=\"_mcePaste\" class=\"mcePaste\" style=\"position: absolute; left: -10000px; top: 0px; width: 1px; height: 1px; overflow: hidden;\"><\/div>\n<div id=\"_mcePaste\" class=\"mcePaste\" style=\"position: absolute; left: -10000px; top: 0px; width: 1px; height: 1px; overflow: hidden;\">Boqueir\u00e3o &#8211; Humberto Challoub \/ Diretor de Reda\u00e7\u00e3o &lt;challoub@boqnews.com&gt;;&nbsp;<\/div>\n<div id=\"_mcePaste\" class=\"mcePaste\" style=\"position: absolute; left: -10000px; top: 0px; width: 1px; height: 1px; overflow: hidden;\"><\/div>\n<div id=\"_mcePaste\" class=\"mcePaste\" style=\"position: absolute; left: -10000px; top: 0px; width: 1px; height: 1px; overflow: hidden;\">Boqueir\u00e3o &#8211; Panorama Regional \/ Fernando De Maria &lt;fernando@boqnews.com&gt;;&nbsp;<\/div>\n<div id=\"_mcePaste\" class=\"mcePaste\" style=\"position: absolute; left: -10000px; top: 0px; width: 1px; height: 1px; overflow: hidden;\"><\/div>\n<div id=\"_mcePaste\" class=\"mcePaste\" style=\"position: absolute; left: -10000px; top: 0px; width: 1px; height: 1px; overflow: hidden;\">Boqueir\u00e3o &#8211; Denise Covas &lt;denisecovas@boqnews.com&gt;;&nbsp;<\/div>\n<div id=\"_mcePaste\" class=\"mcePaste\" style=\"position: absolute; left: -10000px; top: 0px; width: 1px; height: 1px; overflow: hidden;\"><\/div>\n<div id=\"_mcePaste\" class=\"mcePaste\" style=\"position: absolute; left: -10000px; top: 0px; width: 1px; height: 1px; overflow: hidden;\">Boqueir\u00e3o &#8211; Panorama Regional \/ Fernando De Maria &lt;fernando@boqnews.com&gt;;&nbsp;<\/div>\n<div id=\"_mcePaste\" class=\"mcePaste\" style=\"position: absolute; left: -10000px; top: 0px; width: 1px; height: 1px; overflow: hidden;\"><\/div>\n<div id=\"_mcePaste\" class=\"mcePaste\" style=\"position: absolute; left: -10000px; top: 0px; width: 1px; height: 1px; overflow: hidden;\">Mariane &lt;mhbotelho@gmail.com&gt;;&nbsp;<\/div>\n<div id=\"_mcePaste\" class=\"mcePaste\" style=\"position: absolute; left: -10000px; top: 0px; width: 1px; height: 1px; overflow: hidden;\"><\/div>\n<div id=\"_mcePaste\" class=\"mcePaste\" style=\"position: absolute; left: -10000px; top: 0px; width: 1px; height: 1px; overflow: hidden;\">Boqueir\u00e3o &#8211; Anna &lt;anna@boqnews.com&gt;;&nbsp;<\/div>\n<div id=\"_mcePaste\" class=\"mcePaste\" style=\"position: absolute; left: -10000px; top: 0px; width: 1px; height: 1px; overflow: hidden;\"><\/div>\n<div id=\"_mcePaste\" class=\"mcePaste\" style=\"position: absolute; left: -10000px; top: 0px; width: 1px; height: 1px; overflow: hidden;\">Boqueir\u00e3o &#8211; Fernando De Maria &lt;fernando@boqnews.com&gt;;&nbsp;<\/div>\n<div id=\"_mcePaste\" class=\"mcePaste\" style=\"position: absolute; left: -10000px; top: 0px; width: 1px; height: 1px; overflow: hidden;\"><\/div>\n<div id=\"_mcePaste\" class=\"mcePaste\" style=\"position: absolute; left: -10000px; top: 0px; width: 1px; height: 1px; overflow: hidden;\"><\/div>\n<div id=\"_mcePaste\" class=\"mcePaste\" style=\"position: absolute; left: -10000px; top: 0px; width: 1px; height: 1px; overflow: hidden;\">Davi Franzon &lt;davi.franzon@metrojornal.com.br&gt;;&nbsp;<\/div>\n<div id=\"_mcePaste\" class=\"mcePaste\" style=\"position: absolute; left: -10000px; top: 0px; width: 1px; height: 1px; overflow: hidden;\"><\/div>\n<div id=\"_mcePaste\" class=\"mcePaste\" style=\"position: absolute; left: -10000px; top: 0px; width: 1px; height: 1px; overflow: hidden;\">Charlize Morais &#8211; Economia &lt;charlize.morais@metrojornal.com.br&gt;;&nbsp;<\/div>\n<div id=\"_mcePaste\" class=\"mcePaste\" style=\"position: absolute; left: -10000px; top: 0px; width: 1px; height: 1px; overflow: hidden;\"><\/div>\n<div id=\"_mcePaste\" class=\"mcePaste\" style=\"position: absolute; left: -10000px; top: 0px; width: 1px; height: 1px; overflow: hidden;\">Raquel Paulino &#8211; Cultura &lt;raquel.paulino@metrojornal.com.br&gt;;&nbsp;<\/div>\n<div id=\"_mcePaste\" class=\"mcePaste\" style=\"position: absolute; left: -10000px; top: 0px; width: 1px; height: 1px; overflow: hidden;\"><\/div>\n<div id=\"_mcePaste\" class=\"mcePaste\" style=\"position: absolute; left: -10000px; top: 0px; width: 1px; height: 1px; overflow: hidden;\">Ariel Kostman &lt;ariel.kostman@metrojornal.com.br&gt;;&nbsp;<\/div>\n<div id=\"_mcePaste\" class=\"mcePaste\" style=\"position: absolute; left: -10000px; top: 0px; width: 1px; height: 1px; overflow: hidden;\"><\/div>\n<div id=\"_mcePaste\" class=\"mcePaste\" style=\"position: absolute; left: -10000px; top: 0px; width: 1px; height: 1px; overflow: hidden;\">Guilherme Costa &#8211; Esporte &lt;guilherme.costa@metrojornal.com.br&gt;;<\/div>\n<div id=\"_mcePaste\" class=\"mcePaste\" style=\"position: absolute; left: -10000px; top: 0px; width: 1px; height: 1px; overflow: hidden;\"><\/div>\n<div id=\"_mcePaste\" class=\"mcePaste\" style=\"position: absolute; left: -10000px; top: 0px; width: 1px; height: 1px; overflow: hidden;\">Ana Paula Santos &lt;ana.santos@metrojornal.com.br&gt;;&nbsp;<\/div>\n<div id=\"_mcePaste\" class=\"mcePaste\" style=\"position: absolute; left: -10000px; top: 0px; width: 1px; height: 1px; overflow: hidden;\"><\/div>\n<div id=\"_mcePaste\" class=\"mcePaste\" style=\"position: absolute; left: -10000px; top: 0px; width: 1px; height: 1px; overflow: hidden;\">B\u00e1rbara Farias &#8211; Metro Brasil \/ Porto &lt;barbarafarias.metrojornal@uol.com.br&gt;;&nbsp;<\/div>\n<div id=\"_mcePaste\" class=\"mcePaste\" style=\"position: absolute; left: -10000px; top: 0px; width: 1px; height: 1px; overflow: hidden;\"><\/div>\n<div id=\"_mcePaste\" class=\"mcePaste\" style=\"position: absolute; left: -10000px; top: 0px; width: 1px; height: 1px; overflow: hidden;\"><\/div>\n<div id=\"_mcePaste\" class=\"mcePaste\" style=\"position: absolute; left: -10000px; top: 0px; width: 1px; height: 1px; overflow: hidden;\">Costa Norte &#8211; Reda\u00e7\u00e3o &lt;redacao@costanorte.com.br&gt;;&nbsp;<\/div>\n<div id=\"_mcePaste\" class=\"mcePaste\" style=\"position: absolute; left: -10000px; top: 0px; width: 1px; height: 1px; overflow: hidden;\"><\/div>\n<div id=\"_mcePaste\" class=\"mcePaste\" style=\"position: absolute; left: -10000px; top: 0px; width: 1px; height: 1px; overflow: hidden;\">Di\u00e1rio de S. Paulo &#8211; Fl\u00e1vio Leal &#8211; Na Praia &lt;miniguias@ig.com.br&gt;;&nbsp;<\/div>\n<div id=\"_mcePaste\" class=\"mcePaste\" style=\"position: absolute; left: -10000px; top: 0px; width: 1px; height: 1px; overflow: hidden;\"><\/div>\n<div id=\"_mcePaste\" class=\"mcePaste\" style=\"position: absolute; left: -10000px; top: 0px; width: 1px; height: 1px; overflow: hidden;\">Di\u00e1rio do Litoral &#8211; Editor &lt;editor@diariodolitoral.com.br&gt;;&nbsp;<\/div>\n<div id=\"_mcePaste\" class=\"mcePaste\" style=\"position: absolute; left: -10000px; top: 0px; width: 1px; height: 1px; overflow: hidden;\"><\/div>\n<div id=\"_mcePaste\" class=\"mcePaste\" style=\"position: absolute; left: -10000px; top: 0px; width: 1px; height: 1px; overflow: hidden;\">Di\u00e1rio do Litoral &#8211; Vivian Rigueira &lt;vivian_rigueira@hotmail.com&gt;;&nbsp;<\/div>\n<div id=\"_mcePaste\" class=\"mcePaste\" style=\"position: absolute; left: -10000px; top: 0px; width: 1px; height: 1px; overflow: hidden;\"><\/div>\n<div id=\"_mcePaste\" class=\"mcePaste\" style=\"position: absolute; left: -10000px; top: 0px; width: 1px; height: 1px; overflow: hidden;\">Di\u00e1rio do Litoral &#8211; S\u00e9rgio &lt;sergio@diariodolitoral.com.br&gt;;&nbsp;<\/div>\n<div id=\"_mcePaste\" class=\"mcePaste\" style=\"position: absolute; left: -10000px; top: 0px; width: 1px; height: 1px; overflow: hidden;\"><\/div>\n<div id=\"_mcePaste\" class=\"mcePaste\" style=\"position: absolute; left: -10000px; top: 0px; width: 1px; height: 1px; overflow: hidden;\">Di\u00e1rio Metropolitano &#8211; Not\u00edcias &lt;noticias@diariometropolitano.com&gt;;&nbsp;<\/div>\n<div id=\"_mcePaste\" class=\"mcePaste\" style=\"position: absolute; left: -10000px; top: 0px; width: 1px; height: 1px; overflow: hidden;\"><\/div>\n<div id=\"_mcePaste\" class=\"mcePaste\" style=\"position: absolute; left: -10000px; top: 0px; width: 1px; height: 1px; overflow: hidden;\">Di\u00e1rio Metropolitano &lt;santos@diariometropolitano.com&gt;;&nbsp;<\/div>\n<div id=\"_mcePaste\" class=\"mcePaste\" style=\"position: absolute; left: -10000px; top: 0px; width: 1px; height: 1px; overflow: hidden;\"><\/div>\n<div id=\"_mcePaste\" class=\"mcePaste\" style=\"position: absolute; left: -10000px; top: 0px; width: 1px; height: 1px; overflow: hidden;\">Di\u00e1rio Oficial de Santos &#8211; Omar &lt;omar-secom@santos.sp.gov.br&gt;;&nbsp;<\/div>\n<div id=\"_mcePaste\" class=\"mcePaste\" style=\"position: absolute; left: -10000px; top: 0px; width: 1px; height: 1px; overflow: hidden;\"><\/div>\n<div id=\"_mcePaste\" class=\"mcePaste\" style=\"position: absolute; left: -10000px; top: 0px; width: 1px; height: 1px; overflow: hidden;\">Di\u00e1rio Oficial de Santos &#8211; Luciana Claro \/ Secom Santos &lt;lucianaclaro-secom@santos.sp.gov.br&gt;;&nbsp;<\/div>\n<div id=\"_mcePaste\" class=\"mcePaste\" style=\"position: absolute; left: -10000px; top: 0px; width: 1px; height: 1px; overflow: hidden;\"><\/div>\n<div id=\"_mcePaste\" class=\"mcePaste\" style=\"position: absolute; left: -10000px; top: 0px; width: 1px; height: 1px; overflow: hidden;\">Di\u00e1rio Oficial de Santos &#8211; Lizete &lt;lizete@santos.sp.gov.br&gt;;&nbsp;<\/div>\n<div id=\"_mcePaste\" class=\"mcePaste\" style=\"position: absolute; left: -10000px; top: 0px; width: 1px; height: 1px; overflow: hidden;\"><\/div>\n<div id=\"_mcePaste\" class=\"mcePaste\" style=\"position: absolute; left: -10000px; top: 0px; width: 1px; height: 1px; overflow: hidden;\">Di\u00e1rio Oficial de Santos &#8211; Ana Hernandez &lt;anahernandez.secom@santos.sp.gov.br&gt;;&nbsp;<\/div>\n<div id=\"_mcePaste\" class=\"mcePaste\" style=\"position: absolute; left: -10000px; top: 0px; width: 1px; height: 1px; overflow: hidden;\"><\/div>\n<div id=\"_mcePaste\" class=\"mcePaste\" style=\"position: absolute; left: -10000px; top: 0px; width: 1px; height: 1px; overflow: hidden;\">Expresso Popular &lt;expressopopular@expressopopular.com.br&gt;;&nbsp;<\/div>\n<div id=\"_mcePaste\" class=\"mcePaste\" style=\"position: absolute; left: -10000px; top: 0px; width: 1px; height: 1px; overflow: hidden;\"><\/div>\n<div id=\"_mcePaste\" class=\"mcePaste\" style=\"position: absolute; left: -10000px; top: 0px; width: 1px; height: 1px; overflow: hidden;\">Folha de S. Paulo &#8211; Mariana Campos &lt;mcampos@folhasp.com.br&gt;;&nbsp;<\/div>\n<div id=\"_mcePaste\" class=\"mcePaste\" style=\"position: absolute; left: -10000px; top: 0px; width: 1px; height: 1px; overflow: hidden;\"><\/div>\n<div id=\"_mcePaste\" class=\"mcePaste\" style=\"position: absolute; left: -10000px; top: 0px; width: 1px; height: 1px; overflow: hidden;\">Gazeta do Litoral &#8211; Praia Grande &lt;jornalgazetadolitoral@uol.com.br&gt;;&nbsp;<\/div>\n<div id=\"_mcePaste\" class=\"mcePaste\" style=\"position: absolute; left: -10000px; top: 0px; width: 1px; height: 1px; overflow: hidden;\"><\/div>\n<div id=\"_mcePaste\" class=\"mcePaste\" style=\"position: absolute; left: -10000px; top: 0px; width: 1px; height: 1px; overflow: hidden;\">Gazeta do Litoral &#8211; Carmem Sanches &#8211; Editora &lt;editorgazetapg@uol.com.br&gt;;&nbsp;<\/div>\n<div id=\"_mcePaste\" class=\"mcePaste\" style=\"position: absolute; left: -10000px; top: 0px; width: 1px; height: 1px; overflow: hidden;\"><\/div>\n<div id=\"_mcePaste\" class=\"mcePaste\" style=\"position: absolute; left: -10000px; top: 0px; width: 1px; height: 1px; overflow: hidden;\">Jornal CidadeNews (Guaruj\u00e1) &#8211; Jorge Luiz Junior &lt;redacaocidade@yahoo.com.br &gt;;&nbsp;<\/div>\n<div id=\"_mcePaste\" class=\"mcePaste\" style=\"position: absolute; left: -10000px; top: 0px; width: 1px; height: 1px; overflow: hidden;\"><\/div>\n<div id=\"_mcePaste\" class=\"mcePaste\" style=\"position: absolute; left: -10000px; top: 0px; width: 1px; height: 1px; overflow: hidden;\">Jornal Acontece &#8211; Cubat\u00e3o &lt;jornalacontece@acontecedigital.com.br&gt;;&nbsp;<\/div>\n<div id=\"_mcePaste\" class=\"mcePaste\" style=\"position: absolute; left: -10000px; top: 0px; width: 1px; height: 1px; overflow: hidden;\"><\/div>\n<div id=\"_mcePaste\" class=\"mcePaste\" style=\"position: absolute; left: -10000px; top: 0px; width: 1px; height: 1px; overflow: hidden;\">Jornal Acontece &#8211; Peru\u00edbe \/ Quinzenal &lt;aconteceperuibe@yahoo.com.br&gt;;&nbsp;<\/div>\n<div id=\"_mcePaste\" class=\"mcePaste\" style=\"position: absolute; left: -10000px; top: 0px; width: 1px; height: 1px; overflow: hidden;\"><\/div>\n<div id=\"_mcePaste\" class=\"mcePaste\" style=\"position: absolute; left: -10000px; top: 0px; width: 1px; height: 1px; overflow: hidden;\">Jornal An\u00e1lise &#8211; Peru\u00edbe \/ Mensal &lt;marcos@caramico.com.br&gt;;&nbsp;<\/div>\n<div id=\"_mcePaste\" class=\"mcePaste\" style=\"position: absolute; left: -10000px; top: 0px; width: 1px; height: 1px; overflow: hidden;\"><\/div>\n<div id=\"_mcePaste\" class=\"mcePaste\" style=\"position: absolute; left: -10000px; top: 0px; width: 1px; height: 1px; overflow: hidden;\">Jornal da Baixada &#8211; Reda\u00e7\u00e3o &lt;redacao@jornaldabaixada.com.br&gt;;&nbsp;<\/div>\n<div id=\"_mcePaste\" class=\"mcePaste\" style=\"position: absolute; left: -10000px; top: 0px; width: 1px; height: 1px; overflow: hidden;\"><\/div>\n<div id=\"_mcePaste\" class=\"mcePaste\" style=\"position: absolute; left: -10000px; top: 0px; width: 1px; height: 1px; overflow: hidden;\">Jornal da Cidade (Cubat\u00e3o) &#8211; Erli Junior \/ Editor &lt;j-cidade@uol.com.br&gt;;&nbsp;<\/div>\n<div id=\"_mcePaste\" class=\"mcePaste\" style=\"position: absolute; left: -10000px; top: 0px; width: 1px; height: 1px; overflow: hidden;\"><\/div>\n<div id=\"_mcePaste\" class=\"mcePaste\" style=\"position: absolute; left: -10000px; top: 0px; width: 1px; height: 1px; overflow: hidden;\">Jornal da Orla &#8211; Leandro Amaral &lt;leandro@jornaldaorla.com.br&gt;;&nbsp;<\/div>\n<div id=\"_mcePaste\" class=\"mcePaste\" style=\"position: absolute; left: -10000px; top: 0px; width: 1px; height: 1px; overflow: hidden;\"><\/div>\n<div id=\"_mcePaste\" class=\"mcePaste\" style=\"position: absolute; left: -10000px; top: 0px; width: 1px; height: 1px; overflow: hidden;\">Jornal da Orla &#8211; Marco Santana &lt;editor@jornaldaorla.com.br&gt;;&nbsp;<\/div>\n<div id=\"_mcePaste\" class=\"mcePaste\" style=\"position: absolute; left: -10000px; top: 0px; width: 1px; height: 1px; overflow: hidden;\"><\/div>\n<div id=\"_mcePaste\" class=\"mcePaste\" style=\"position: absolute; left: -10000px; top: 0px; width: 1px; height: 1px; overflow: hidden;\">Jornal da Orla &#8211; Pauta &lt;pauta@jornaldaorla.com.br&gt;;&nbsp;<\/div>\n<div id=\"_mcePaste\" class=\"mcePaste\" style=\"position: absolute; left: -10000px; top: 0px; width: 1px; height: 1px; overflow: hidden;\"><\/div>\n<div id=\"_mcePaste\" class=\"mcePaste\" style=\"position: absolute; left: -10000px; top: 0px; width: 1px; height: 1px; overflow: hidden;\">Jornal da Orla &#8211; Edison Carpentieri &lt;edisoncarpentieri@jornaldaorla.com.br&gt;;&nbsp;<\/div>\n<div id=\"_mcePaste\" class=\"mcePaste\" style=\"position: absolute; left: -10000px; top: 0px; width: 1px; height: 1px; overflow: hidden;\"><\/div>\n<div id=\"_mcePaste\" class=\"mcePaste\" style=\"position: absolute; left: -10000px; top: 0px; width: 1px; height: 1px; overflow: hidden;\">Jornal da Orla &#8211; Clara Monforte &lt;claramonforte@jornaldaorla.com.br&gt;;&nbsp;<\/div>\n<div id=\"_mcePaste\" class=\"mcePaste\" style=\"position: absolute; left: -10000px; top: 0px; width: 1px; height: 1px; overflow: hidden;\"><\/div>\n<div id=\"_mcePaste\" class=\"mcePaste\" style=\"position: absolute; left: -10000px; top: 0px; width: 1px; height: 1px; overflow: hidden;\">Jornal De M\u00e3o Em M\u00e3o &#8211; Peru\u00edbe \/ Quinzenal &lt;jornaldemaoemmao@yahoo.com.br&gt;;&nbsp;<\/div>\n<div id=\"_mcePaste\" class=\"mcePaste\" style=\"position: absolute; left: -10000px; top: 0px; width: 1px; height: 1px; overflow: hidden;\"><\/div>\n<div id=\"_mcePaste\" class=\"mcePaste\" style=\"position: absolute; left: -10000px; top: 0px; width: 1px; height: 1px; overflow: hidden;\">Jornal dos Bairros &#8211; Rosana Salzedas &lt;clarkpub@clarkpub.com.br&gt;;&nbsp;<\/div>\n<div id=\"_mcePaste\" class=\"mcePaste\" style=\"position: absolute; left: -10000px; top: 0px; width: 1px; height: 1px; overflow: hidden;\"><\/div>\n<div id=\"_mcePaste\" class=\"mcePaste\" style=\"position: absolute; left: -10000px; top: 0px; width: 1px; height: 1px; overflow: hidden;\">Jornal dos Bairros &lt;edgarpedro@hotmail.com&gt;;&nbsp;<\/div>\n<div id=\"_mcePaste\" class=\"mcePaste\" style=\"position: absolute; left: -10000px; top: 0px; width: 1px; height: 1px; overflow: hidden;\"><\/div>\n<div id=\"_mcePaste\" class=\"mcePaste\" style=\"position: absolute; left: -10000px; top: 0px; width: 1px; height: 1px; overflow: hidden;\">Jornal Espa\u00e7o Aberto &#8211; Reda\u00e7\u00e3o &lt;espacoaberto@litoral.com.br&gt;;&nbsp;<\/div>\n<div id=\"_mcePaste\" class=\"mcePaste\" style=\"position: absolute; left: -10000px; top: 0px; width: 1px; height: 1px; overflow: hidden;\"><\/div>\n<div id=\"_mcePaste\" class=\"mcePaste\" style=\"position: absolute; left: -10000px; top: 0px; width: 1px; height: 1px; overflow: hidden;\">Jornal Fatos &#8211; Itanha\u00e9m &lt;jornal@uol.com.br&gt;;&nbsp;<\/div>\n<div id=\"_mcePaste\" class=\"mcePaste\" style=\"position: absolute; left: -10000px; top: 0px; width: 1px; height: 1px; overflow: hidden;\"><\/div>\n<div id=\"_mcePaste\" class=\"mcePaste\" style=\"position: absolute; left: -10000px; top: 0px; width: 1px; height: 1px; overflow: hidden;\">Jornal Folha da Cidade &#8211; Quinzenal &lt;folhadacidade@uol.com.br&gt;;&nbsp;<\/div>\n<div id=\"_mcePaste\" class=\"mcePaste\" style=\"position: absolute; left: -10000px; top: 0px; width: 1px; height: 1px; overflow: hidden;\"><\/div>\n<div id=\"_mcePaste\" class=\"mcePaste\" style=\"position: absolute; left: -10000px; top: 0px; width: 1px; height: 1px; overflow: hidden;\">Jornal Not\u00edcias do Litoral \/ Semanal &lt;redacao@noticiasdolitoral.com.br&gt;;&nbsp;<\/div>\n<div id=\"_mcePaste\" class=\"mcePaste\" style=\"position: absolute; left: -10000px; top: 0px; width: 1px; height: 1px; overflow: hidden;\"><\/div>\n<div id=\"_mcePaste\" class=\"mcePaste\" style=\"position: absolute; left: -10000px; top: 0px; width: 1px; height: 1px; overflow: hidden;\">Jornal O Mirante &#8211; Peru\u00edbe \/ Quinzenal &lt;redacao@omirante.com.br&gt;;&nbsp;<\/div>\n<div id=\"_mcePaste\" class=\"mcePaste\" style=\"position: absolute; left: -10000px; top: 0px; width: 1px; height: 1px; overflow: hidden;\"><\/div>\n<div id=\"_mcePaste\" class=\"mcePaste\" style=\"position: absolute; left: -10000px; top: 0px; width: 1px; height: 1px; overflow: hidden;\">Jornal Perspectiva &lt;redacao@jornalperspectiva.com.br&gt;;&nbsp;<\/div>\n<div id=\"_mcePaste\" class=\"mcePaste\" style=\"position: absolute; left: -10000px; top: 0px; width: 1px; height: 1px; overflow: hidden;\"><\/div>\n<div id=\"_mcePaste\" class=\"mcePaste\" style=\"position: absolute; left: -10000px; top: 0px; width: 1px; height: 1px; overflow: hidden;\">Jornal Peruibe News &#8211; Mensal &lt;peruibenews@yahoo.com.br&gt;;&nbsp;<\/div>\n<div id=\"_mcePaste\" class=\"mcePaste\" style=\"position: absolute; left: -10000px; top: 0px; width: 1px; height: 1px; overflow: hidden;\"><\/div>\n<div id=\"_mcePaste\" class=\"mcePaste\" style=\"position: absolute; left: -10000px; top: 0px; width: 1px; height: 1px; overflow: hidden;\">Jornal do Guaruj\u00e1 &#8211; Roberto Sassi \/ Editor &lt;jornaldoguaruja@gmail.com&gt;;&nbsp;<\/div>\n<div id=\"_mcePaste\" class=\"mcePaste\" style=\"position: absolute; left: -10000px; top: 0px; width: 1px; height: 1px; overflow: hidden;\"><\/div>\n<div id=\"_mcePaste\" class=\"mcePaste\" style=\"position: absolute; left: -10000px; top: 0px; width: 1px; height: 1px; overflow: hidden;\"><\/div>\n<div id=\"_mcePaste\" class=\"mcePaste\" style=\"position: absolute; left: -10000px; top: 0px; width: 1px; height: 1px; overflow: hidden;\"><\/div>\n<div id=\"_mcePaste\" class=\"mcePaste\" style=\"position: absolute; left: -10000px; top: 0px; width: 1px; height: 1px; overflow: hidden;\">Jornal Metropolis &lt;jornalmetropolis@hotmail.com&gt;;&nbsp;<\/div>\n<div id=\"_mcePaste\" class=\"mcePaste\" style=\"position: absolute; left: -10000px; top: 0px; width: 1px; height: 1px; overflow: hidden;\"><\/div>\n<div id=\"_mcePaste\" class=\"mcePaste\" style=\"position: absolute; left: -10000px; top: 0px; width: 1px; height: 1px; overflow: hidden;\">Jornal Vicentino &lt;jornalvicentino@yahoo.com.br&gt;;&nbsp;<\/div>\n<div id=\"_mcePaste\" class=\"mcePaste\" style=\"position: absolute; left: -10000px; top: 0px; width: 1px; height: 1px; overflow: hidden;\"><\/div>\n<div id=\"_mcePaste\" class=\"mcePaste\" style=\"position: absolute; left: -10000px; top: 0px; width: 1px; height: 1px; overflow: hidden;\">Jornal Vicentino &lt;jornalvicentino@uol.com.br&gt;;&nbsp;<\/div>\n<div id=\"_mcePaste\" class=\"mcePaste\" style=\"position: absolute; left: -10000px; top: 0px; width: 1px; height: 1px; overflow: hidden;\"><\/div>\n<div id=\"_mcePaste\" class=\"mcePaste\" style=\"position: absolute; left: -10000px; top: 0px; width: 1px; height: 1px; overflow: hidden;\">Metr\u00f3pole &#8211; Editor &lt;editor@metropoleonline.com.br&gt;;&nbsp;<\/div>\n<div id=\"_mcePaste\" class=\"mcePaste\" style=\"position: absolute; left: -10000px; top: 0px; width: 1px; height: 1px; overflow: hidden;\"><\/div>\n<div id=\"_mcePaste\" class=\"mcePaste\" style=\"position: absolute; left: -10000px; top: 0px; width: 1px; height: 1px; overflow: hidden;\">Marcela Biasi &lt;ma_biasi@hotmail.com&gt;;&nbsp;<\/div>\n<div id=\"_mcePaste\" class=\"mcePaste\" style=\"position: absolute; left: -10000px; top: 0px; width: 1px; height: 1px; overflow: hidden;\"><\/div>\n<div id=\"_mcePaste\" class=\"mcePaste\" style=\"position: absolute; left: -10000px; top: 0px; width: 1px; height: 1px; overflow: hidden;\">O Estado de S. Paulo &#8211; Rejane Lima &lt;rejane.lima@grupoestado.com.br&gt;;&nbsp;<\/div>\n<div id=\"_mcePaste\" class=\"mcePaste\" style=\"position: absolute; left: -10000px; top: 0px; width: 1px; height: 1px; overflow: hidden;\"><\/div>\n<div id=\"_mcePaste\" class=\"mcePaste\" style=\"position: absolute; left: -10000px; top: 0px; width: 1px; height: 1px; overflow: hidden;\">Santos e Regi\u00e3o Convention &amp; Visitors Bureau &#8211; Imprensa &lt;imprensa@srcvb.com.br&gt;;&nbsp;<\/div>\n<div id=\"_mcePaste\" class=\"mcePaste\" style=\"position: absolute; left: -10000px; top: 0px; width: 1px; height: 1px; overflow: hidden;\"><\/div>\n<div id=\"_mcePaste\" class=\"mcePaste\" style=\"position: absolute; left: -10000px; top: 0px; width: 1px; height: 1px; overflow: hidden;\">Imprensa Livre &#8211; Selma de Almeida \/ Redatora-Chefe e Editora &lt;selma@imprensalivre.com&gt;;<\/div>\n<div id=\"_mcePaste\" class=\"mcePaste\" style=\"position: absolute; left: -10000px; top: 0px; width: 1px; height: 1px; overflow: hidden;\">&nbsp;<\/div>\n<div id=\"_mcePaste\" class=\"mcePaste\" style=\"position: absolute; left: -10000px; top: 0px; width: 1px; height: 1px; overflow: hidden;\">Imprensa Livre &#8211; Cl\u00e1udio Milito \/ Gerente &lt;claudio@imprensalivre.com&gt;;<\/div>\n<div id=\"_mcePaste\" class=\"mcePaste\" style=\"position: absolute; left: -10000px; top: 0px; width: 1px; height: 1px; overflow: hidden;\"><\/div>\n<div id=\"_mcePaste\" class=\"mcePaste\" style=\"position: absolute; left: -10000px; top: 0px; width: 1px; height: 1px; overflow: hidden;\"><\/div>\n<div id=\"_mcePaste\" class=\"mcePaste\" style=\"position: absolute; left: -10000px; top: 0px; width: 1px; height: 1px; overflow: hidden;\">R\u00e1dio CBN Santos &#8211; Mayara Rached &lt;mayara@cbnsantos.com.br&gt;;&nbsp;<\/div>\n<div id=\"_mcePaste\" class=\"mcePaste\" style=\"position: absolute; left: -10000px; top: 0px; width: 1px; height: 1px; overflow: hidden;\"><\/div>\n<div id=\"_mcePaste\" class=\"mcePaste\" style=\"position: absolute; left: -10000px; top: 0px; width: 1px; height: 1px; overflow: hidden;\">R\u00e1dio Cultura &#8211; Jornalismo &lt;jornalismo@radiocultura.com.br&gt;;&nbsp;<\/div>\n<div id=\"_mcePaste\" class=\"mcePaste\" style=\"position: absolute; left: -10000px; top: 0px; width: 1px; height: 1px; overflow: hidden;\"><\/div>\n<div id=\"_mcePaste\" class=\"mcePaste\" style=\"position: absolute; left: -10000px; top: 0px; width: 1px; height: 1px; overflow: hidden;\">R\u00e1dio Globo \/ Santos &#8211; Meilin Neves &lt;producao@radioglobosantos.com.br&gt;;&nbsp;<\/div>\n<div id=\"_mcePaste\" class=\"mcePaste\" style=\"position: absolute; left: -10000px; top: 0px; width: 1px; height: 1px; overflow: hidden;\"><\/div>\n<div id=\"_mcePaste\" class=\"mcePaste\" style=\"position: absolute; left: -10000px; top: 0px; width: 1px; height: 1px; overflow: hidden;\">R\u00e1dio Globo &#8211; Alexandre Ventura &lt;alx_ventura@hotmail.com&gt;;&nbsp;<\/div>\n<div id=\"_mcePaste\" class=\"mcePaste\" style=\"position: absolute; left: -10000px; top: 0px; width: 1px; height: 1px; overflow: hidden;\"><\/div>\n<div id=\"_mcePaste\" class=\"mcePaste\" style=\"position: absolute; left: -10000px; top: 0px; width: 1px; height: 1px; overflow: hidden;\">R\u00e1dio Joven Pan Santos &#8211; Gustavo Silva &lt;programacao@classicpansantos.com.br&gt;;&nbsp;<\/div>\n<div id=\"_mcePaste\" class=\"mcePaste\" style=\"position: absolute; left: -10000px; top: 0px; width: 1px; height: 1px; overflow: hidden;\"><\/div>\n<div id=\"_mcePaste\" class=\"mcePaste\" style=\"position: absolute; left: -10000px; top: 0px; width: 1px; height: 1px; overflow: hidden;\">R\u00e1dio Jovem Pan &#8211; F\u00e1tima Belisso \/ Marco Katubi &lt;pautas@jovempan.com.br&gt;;&nbsp;<\/div>\n<div id=\"_mcePaste\" class=\"mcePaste\" style=\"position: absolute; left: -10000px; top: 0px; width: 1px; height: 1px; overflow: hidden;\"><\/div>\n<div id=\"_mcePaste\" class=\"mcePaste\" style=\"position: absolute; left: -10000px; top: 0px; width: 1px; height: 1px; overflow: hidden;\">R\u00e1dio Litoral FM &#8211; Juliana Franco &lt;ju_franco@hotmail.com&gt;;&nbsp;<\/div>\n<div id=\"_mcePaste\" class=\"mcePaste\" style=\"position: absolute; left: -10000px; top: 0px; width: 1px; height: 1px; overflow: hidden;\"><\/div>\n<div id=\"_mcePaste\" class=\"mcePaste\" style=\"position: absolute; left: -10000px; top: 0px; width: 1px; height: 1px; overflow: hidden;\">R\u00e1dio Santa Cec\u00edlia FM &#8211; Katy Lima \/ Produtora &lt;katy@unisanta.br&gt;;&nbsp;<\/div>\n<div id=\"_mcePaste\" class=\"mcePaste\" style=\"position: absolute; left: -10000px; top: 0px; width: 1px; height: 1px; overflow: hidden;\"><\/div>\n<div id=\"_mcePaste\" class=\"mcePaste\" style=\"position: absolute; left: -10000px; top: 0px; width: 1px; height: 1px; overflow: hidden;\">R\u00e1dio Tri FM &#8211; Deborah Abreu &lt;deborah@trifm.com.br&gt;;&nbsp;<\/div>\n<div id=\"_mcePaste\" class=\"mcePaste\" style=\"position: absolute; left: -10000px; top: 0px; width: 1px; height: 1px; overflow: hidden;\"><\/div>\n<div id=\"_mcePaste\" class=\"mcePaste\" style=\"position: absolute; left: -10000px; top: 0px; width: 1px; height: 1px; overflow: hidden;\"><\/div>\n<div id=\"_mcePaste\" class=\"mcePaste\" style=\"position: absolute; left: -10000px; top: 0px; width: 1px; height: 1px; overflow: hidden;\"><\/div>\n<div id=\"_mcePaste\" class=\"mcePaste\" style=\"position: absolute; left: -10000px; top: 0px; width: 1px; height: 1px; overflow: hidden;\"><\/div>\n<div id=\"_mcePaste\" class=\"mcePaste\" style=\"position: absolute; left: -10000px; top: 0px; width: 1px; height: 1px; overflow: hidden;\">Ag\u00eancia Brasil &lt;pauta@radiobras.gov.br&gt;;&nbsp;<\/div>\n<div id=\"_mcePaste\" class=\"mcePaste\" style=\"position: absolute; left: -10000px; top: 0px; width: 1px; height: 1px; overflow: hidden;\"><\/div>\n<div id=\"_mcePaste\" class=\"mcePaste\" style=\"position: absolute; left: -10000px; top: 0px; width: 1px; height: 1px; overflow: hidden;\">Ag\u00eancia Brasil &#8211; Flavia &lt;flavias@ebc.com.br&gt;;&nbsp;<\/div>\n<div id=\"_mcePaste\" class=\"mcePaste\" style=\"position: absolute; left: -10000px; top: 0px; width: 1px; height: 1px; overflow: hidden;\"><\/div>\n<div id=\"_mcePaste\" class=\"mcePaste\" style=\"position: absolute; left: -10000px; top: 0px; width: 1px; height: 1px; overflow: hidden;\">Di\u00e1rio de S. Paulo &#8211; Eric Fujita &lt;eric.fujita@diariosp.com.br&gt;;&nbsp;<\/div>\n<div id=\"_mcePaste\" class=\"mcePaste\" style=\"position: absolute; left: -10000px; top: 0px; width: 1px; height: 1px; overflow: hidden;\"><\/div>\n<div id=\"_mcePaste\" class=\"mcePaste\" style=\"position: absolute; left: -10000px; top: 0px; width: 1px; height: 1px; overflow: hidden;\">Folha de S. Paulo &#8211; Cotidiano &lt;cotidiano@uol.com.br&gt;;&nbsp;<\/div>\n<div id=\"_mcePaste\" class=\"mcePaste\" style=\"position: absolute; left: -10000px; top: 0px; width: 1px; height: 1px; overflow: hidden;\"><\/div>\n<div id=\"_mcePaste\" class=\"mcePaste\" style=\"position: absolute; left: -10000px; top: 0px; width: 1px; height: 1px; overflow: hidden;\">Folha de S. Paulo &#8211; Gitanio Fortes &lt;gitaniofortes@folhasp.com.br&gt;;&nbsp;<\/div>\n<div id=\"_mcePaste\" class=\"mcePaste\" style=\"position: absolute; left: -10000px; top: 0px; width: 1px; height: 1px; overflow: hidden;\"><\/div>\n<div id=\"_mcePaste\" class=\"mcePaste\" style=\"position: absolute; left: -10000px; top: 0px; width: 1px; height: 1px; overflow: hidden;\">G1 \/ S\u00e3o Paulo &lt;saopaulog1@corp.globo.com&gt;;&nbsp;<\/div>\n<div id=\"_mcePaste\" class=\"mcePaste\" style=\"position: absolute; left: -10000px; top: 0px; width: 1px; height: 1px; overflow: hidden;\"><\/div>\n<div id=\"_mcePaste\" class=\"mcePaste\" style=\"position: absolute; left: -10000px; top: 0px; width: 1px; height: 1px; overflow: hidden;\">G1 \/ Mariana Oliveira &#8211; Rep\u00f3rter &lt;mariana.oliveira@tvglobo.com.br&gt;;<\/div>\n<div id=\"_mcePaste\" class=\"mcePaste\" style=\"position: absolute; left: -10000px; top: 0px; width: 1px; height: 1px; overflow: hidden;\"><\/div>\n<div id=\"_mcePaste\" class=\"mcePaste\" style=\"position: absolute; left: -10000px; top: 0px; width: 1px; height: 1px; overflow: hidden;\">Globonews &#8211; Mylene Guerra &lt;mylene.guerra@tvglobo.com.br&gt;;&nbsp;<\/div>\n<div id=\"_mcePaste\" class=\"mcePaste\" style=\"position: absolute; left: -10000px; top: 0px; width: 1px; height: 1px; overflow: hidden;\"><\/div>\n<div id=\"_mcePaste\" class=\"mcePaste\" style=\"position: absolute; left: -10000px; top: 0px; width: 1px; height: 1px; overflow: hidden;\">O Estado de S. Paulo &#8211; Julia Duailibi &lt;juliaduailibi@estadao.com.br&gt;;&nbsp;<\/div>\n<div id=\"_mcePaste\" class=\"mcePaste\" style=\"position: absolute; left: -10000px; top: 0px; width: 1px; height: 1px; overflow: hidden;\"><\/div>\n<div id=\"_mcePaste\" class=\"mcePaste\" style=\"position: absolute; left: -10000px; top: 0px; width: 1px; height: 1px; overflow: hidden;\">O Globo &#8211; Fl\u00e1vio Freire &lt;flaviof@sp.oglobo.com.br&gt;;&nbsp;<\/div>\n<div id=\"_mcePaste\" class=\"mcePaste\" style=\"position: absolute; left: -10000px; top: 0px; width: 1px; height: 1px; overflow: hidden;\"><\/div>\n<div id=\"_mcePaste\" class=\"mcePaste\" style=\"position: absolute; left: -10000px; top: 0px; width: 1px; height: 1px; overflow: hidden;\">TV Brasil &#8211; Paula Sacchetta &lt;paula.sacchetta@ebc.com.br&gt;;<\/div>\n<div id=\"_mcePaste\" class=\"mcePaste\" style=\"position: absolute; left: -10000px; top: 0px; width: 1px; height: 1px; overflow: hidden;\"><\/div>\n<div id=\"_mcePaste\" class=\"mcePaste\" style=\"position: absolute; left: -10000px; top: 0px; width: 1px; height: 1px; overflow: hidden;\">TV Brasil &#8211; Silvia Araujo &lt;silvia.araujo@ebc.com.br&gt;;<\/div>\n<div id=\"_mcePaste\" class=\"mcePaste\" style=\"position: absolute; left: -10000px; top: 0px; width: 1px; height: 1px; overflow: hidden;\"><\/div>\n<div id=\"_mcePaste\" class=\"mcePaste\" style=\"position: absolute; left: -10000px; top: 0px; width: 1px; height: 1px; overflow: hidden;\">Cristina Frias &lt;cristina.frias@uol.com.br&gt;;&nbsp;<\/div>\n<div id=\"_mcePaste\" class=\"mcePaste\" style=\"position: absolute; left: -10000px; top: 0px; width: 1px; height: 1px; overflow: hidden;\"><\/div>\n<div id=\"_mcePaste\" class=\"mcePaste\" style=\"position: absolute; left: -10000px; top: 0px; width: 1px; height: 1px; overflow: hidden;\">Alessandra Kianek &lt;alessandra.kianek@grupofolha.com.br&gt;;&nbsp;<\/div>\n<div id=\"_mcePaste\" class=\"mcePaste\" style=\"position: absolute; left: -10000px; top: 0px; width: 1px; height: 1px; overflow: hidden;\"><\/div>\n<div id=\"_mcePaste\" class=\"mcePaste\" style=\"position: absolute; left: -10000px; top: 0px; width: 1px; height: 1px; overflow: hidden;\">Associa\u00e7\u00e3o Comercial de S\u00e3o Paulo &#8211; Vin\u00edcius Prado de Morais &lt;vprado@acsp.com.br&gt;;&nbsp;<\/div>\n<div id=\"_mcePaste\" class=\"mcePaste\" style=\"position: absolute; left: -10000px; top: 0px; width: 1px; height: 1px; overflow: hidden;\"><\/div>\n<div id=\"_mcePaste\" class=\"mcePaste\" style=\"position: absolute; left: -10000px; top: 0px; width: 1px; height: 1px; overflow: hidden;\">DCI &#8211; Camila Brunelli &lt;camilab@dci.com.br&gt;;&nbsp;<\/div>\n<div id=\"_mcePaste\" class=\"mcePaste\" style=\"position: absolute; left: -10000px; top: 0px; width: 1px; height: 1px; overflow: hidden;\"><\/div>\n<div id=\"_mcePaste\" class=\"mcePaste\" style=\"position: absolute; left: -10000px; top: 0px; width: 1px; height: 1px; overflow: hidden;\">DCI &#8211; Di\u00e1rio Com\u00e9rcio Ind\u00fastria &amp; Servi\u00e7os &lt;redacao@dci.com.br&gt;;&nbsp;<\/div>\n<div id=\"_mcePaste\" class=\"mcePaste\" style=\"position: absolute; left: -10000px; top: 0px; width: 1px; height: 1px; overflow: hidden;\"><\/div>\n<div id=\"_mcePaste\" class=\"mcePaste\" style=\"position: absolute; left: -10000px; top: 0px; width: 1px; height: 1px; overflow: hidden;\">Folha de S. Paulo &#8211; Dinheiro &lt;dinheiro@uol.com.br&gt;;&nbsp;<\/div>\n<div id=\"_mcePaste\" class=\"mcePaste\" style=\"position: absolute; left: -10000px; top: 0px; width: 1px; height: 1px; overflow: hidden;\"><\/div>\n<div id=\"_mcePaste\" class=\"mcePaste\" style=\"position: absolute; left: -10000px; top: 0px; width: 1px; height: 1px; overflow: hidden;\">Folha de S. Paulo &#8211; Coluna Mercado Aberto &#8211; Maria Cristina Farias &lt;cristina.farias@uol.com.br&gt;;&nbsp;<\/div>\n<div id=\"_mcePaste\" class=\"mcePaste\" style=\"position: absolute; left: -10000px; top: 0px; width: 1px; height: 1px; overflow: hidden;\"><\/div>\n<div id=\"_mcePaste\" class=\"mcePaste\" style=\"position: absolute; left: -10000px; top: 0px; width: 1px; height: 1px; overflow: hidden;\">Jornal do Commercio &#8211; Ivanir Cardoso \/ Pauta &lt;icardoso@jcom.com.br&gt;;&nbsp;<\/div>\n<div id=\"_mcePaste\" class=\"mcePaste\" style=\"position: absolute; left: -10000px; top: 0px; width: 1px; height: 1px; overflow: hidden;\"><\/div>\n<div id=\"_mcePaste\" class=\"mcePaste\" style=\"position: absolute; left: -10000px; top: 0px; width: 1px; height: 1px; overflow: hidden;\">Jornal do Commercio &#8211; Rio de Janeiro &lt;jornaldocommercio@jcom.com.br&gt;;&nbsp;<\/div>\n<div id=\"_mcePaste\" class=\"mcePaste\" style=\"position: absolute; left: -10000px; top: 0px; width: 1px; height: 1px; overflow: hidden;\"><\/div>\n<div id=\"_mcePaste\" class=\"mcePaste\" style=\"position: absolute; left: -10000px; top: 0px; width: 1px; height: 1px; overflow: hidden;\">Jornal do Commercio \/ Rio &#8211; J\u00f4 Galazi = Editora de Produ\u00e7\u00e3o &lt;reportagem@jcom.com.br&gt;;&nbsp;<\/div>\n<div id=\"_mcePaste\" class=\"mcePaste\" style=\"position: absolute; left: -10000px; top: 0px; width: 1px; height: 1px; overflow: hidden;\"><\/div>\n<div id=\"_mcePaste\" class=\"mcePaste\" style=\"position: absolute; left: -10000px; top: 0px; width: 1px; height: 1px; overflow: hidden;\">Jornal Monitor Mercantil &#8211; Rio &lt;marcos.oliveira@monitormercantil.com.br&gt;;&nbsp;<\/div>\n<div id=\"_mcePaste\" class=\"mcePaste\" style=\"position: absolute; left: -10000px; top: 0px; width: 1px; height: 1px; overflow: hidden;\"><\/div>\n<div id=\"_mcePaste\" class=\"mcePaste\" style=\"position: absolute; left: -10000px; top: 0px; width: 1px; height: 1px; overflow: hidden;\">O Estado de S. Paulo &#8211; Cley Scholz \/ Economia &lt;cley.scholz@grupoestado.com.br&gt;;&nbsp;<\/div>\n<div id=\"_mcePaste\" class=\"mcePaste\" style=\"position: absolute; left: -10000px; top: 0px; width: 1px; height: 1px; overflow: hidden;\"><\/div>\n<div id=\"_mcePaste\" class=\"mcePaste\" style=\"position: absolute; left: -10000px; top: 0px; width: 1px; height: 1px; overflow: hidden;\">Valor Econ\u00f4mico &#8211; Fernanda Pires &lt;fernanda.pires@valor.com.br&gt;;<\/div>\n<div id=\"_mcePaste\" class=\"mcePaste\" style=\"position: absolute; left: -10000px; top: 0px; width: 1px; height: 1px; overflow: hidden;\"><\/div>\n<div id=\"_mcePaste\" class=\"mcePaste\" style=\"position: absolute; left: -10000px; top: 0px; width: 1px; height: 1px; overflow: hidden;\">Valor Econ\u00f4mico &#8211; Luciana Marinelli \/ Tend\u00eancias e Consumo &lt;luciana.marinelli@valor.com.br&gt;;&nbsp;<\/div>\n<div id=\"_mcePaste\" class=\"mcePaste\" style=\"position: absolute; left: -10000px; top: 0px; width: 1px; height: 1px; overflow: hidden;\">&nbsp;<\/div>\n<div id=\"_mcePaste\" class=\"mcePaste\" style=\"position: absolute; left: -10000px; top: 0px; width: 1px; height: 1px; overflow: hidden;\">Brasil Econ\u00f4mico &#8211; Rita Caram &lt;rcaram@brasileconomico.com.br&gt;;&nbsp;<\/div>\n<div id=\"_mcePaste\" class=\"mcePaste\" style=\"position: absolute; left: -10000px; top: 0px; width: 1px; height: 1px; overflow: hidden;\"><\/div>\n<div id=\"_mcePaste\" class=\"mcePaste\" style=\"position: absolute; left: -10000px; top: 0px; width: 1px; height: 1px; overflow: hidden;\">Brasil Econ\u00f4mico &#8211; Arnaldo Comim &lt;acomim@brasileconomico.com.br&gt;;&nbsp;<\/div>\n<div id=\"_mcePaste\" class=\"mcePaste\" style=\"position: absolute; left: -10000px; top: 0px; width: 1px; height: 1px; overflow: hidden;\"><\/div>\n<div id=\"_mcePaste\" class=\"mcePaste\" style=\"position: absolute; left: -10000px; top: 0px; width: 1px; height: 1px; overflow: hidden;\">Revista da Ind\u00fastria \/ Fiesp &lt;indusnet@fiesp.com.br&gt;;&nbsp;<\/div>\n<div id=\"_mcePaste\" class=\"mcePaste\" style=\"position: absolute; left: -10000px; top: 0px; width: 1px; height: 1px; overflow: hidden;\"><\/div>\n<div id=\"_mcePaste\" class=\"mcePaste\" style=\"position: absolute; left: -10000px; top: 0px; width: 1px; height: 1px; overflow: hidden;\">LogWeb &lt;jornalismo@logweb.com.br&gt;;&nbsp;<\/div>\n<div id=\"_mcePaste\" class=\"mcePaste\" style=\"position: absolute; left: -10000px; top: 0px; width: 1px; height: 1px; overflow: hidden;\"><\/div>\n<div id=\"_mcePaste\" class=\"mcePaste\" style=\"position: absolute; left: -10000px; top: 0px; width: 1px; height: 1px; overflow: hidden;\">Revista Cargo News &#8211; Luiz Augusto &lt;guto@cargonews.com.br&gt;;&nbsp;<\/div>\n<div id=\"_mcePaste\" class=\"mcePaste\" style=\"position: absolute; left: -10000px; top: 0px; width: 1px; height: 1px; overflow: hidden;\"><\/div>\n<div id=\"_mcePaste\" class=\"mcePaste\" style=\"position: absolute; left: -10000px; top: 0px; width: 1px; height: 1px; overflow: hidden;\">Revista Correio do Porto &lt;correiodoporto@uol.com.br&gt;;&nbsp;<\/div>\n<div id=\"_mcePaste\" class=\"mcePaste\" style=\"position: absolute; left: -10000px; top: 0px; width: 1px; height: 1px; overflow: hidden;\"><\/div>\n<div id=\"_mcePaste\" class=\"mcePaste\" style=\"position: absolute; left: -10000px; top: 0px; width: 1px; height: 1px; overflow: hidden;\">Revista CNT &lt;acsmidia@gmail.com&gt;;&nbsp;<\/div>\n<div id=\"_mcePaste\" class=\"mcePaste\" style=\"position: absolute; left: -10000px; top: 0px; width: 1px; height: 1px; overflow: hidden;\"><\/div>\n<div id=\"_mcePaste\" class=\"mcePaste\" style=\"position: absolute; left: -10000px; top: 0px; width: 1px; height: 1px; overflow: hidden;\">Revista Conex\u00e3o Mar\u00edtima &#8211; Diniz J\u00fanior &lt;diniz@conexaomaritima.com.br&gt;;&nbsp;<\/div>\n<div id=\"_mcePaste\" class=\"mcePaste\" style=\"position: absolute; left: -10000px; top: 0px; width: 1px; height: 1px; overflow: hidden;\"><\/div>\n<div id=\"_mcePaste\" class=\"mcePaste\" style=\"position: absolute; left: -10000px; top: 0px; width: 1px; height: 1px; overflow: hidden;\">Revista Global &lt;editor@guiamaritimo.com.br&gt;;&nbsp;<\/div>\n<div id=\"_mcePaste\" class=\"mcePaste\" style=\"position: absolute; left: -10000px; top: 0px; width: 1px; height: 1px; overflow: hidden;\"><\/div>\n<div id=\"_mcePaste\" class=\"mcePaste\" style=\"position: absolute; left: -10000px; top: 0px; width: 1px; height: 1px; overflow: hidden;\">Revista Guia Mar\u00edtimo &lt;guiamar@guiamaritimo.com.br&gt;;&nbsp;<\/div>\n<div id=\"_mcePaste\" class=\"mcePaste\" style=\"position: absolute; left: -10000px; top: 0px; width: 1px; height: 1px; overflow: hidden;\"><\/div>\n<div id=\"_mcePaste\" class=\"mcePaste\" style=\"position: absolute; left: -10000px; top: 0px; width: 1px; height: 1px; overflow: hidden;\">Revista O Cont\u00eainer &lt;carlosfreire@oconteiner.com.br&gt;;&nbsp;<\/div>\n<div id=\"_mcePaste\" class=\"mcePaste\" style=\"position: absolute; left: -10000px; top: 0px; width: 1px; height: 1px; overflow: hidden;\"><\/div>\n<div id=\"_mcePaste\" class=\"mcePaste\" style=\"position: absolute; left: -10000px; top: 0px; width: 1px; height: 1px; overflow: hidden;\">Revista Panorama Rural &lt;panrural@panrural.com.br&gt;;&nbsp;<\/div>\n<div id=\"_mcePaste\" class=\"mcePaste\" style=\"position: absolute; left: -10000px; top: 0px; width: 1px; height: 1px; overflow: hidden;\"><\/div>\n<div id=\"_mcePaste\" class=\"mcePaste\" style=\"position: absolute; left: -10000px; top: 0px; width: 1px; height: 1px; overflow: hidden;\">Revista Porto S.A. &lt;portossaonline@gmail.com&gt;;&nbsp;<\/div>\n<div id=\"_mcePaste\" class=\"mcePaste\" style=\"position: absolute; left: -10000px; top: 0px; width: 1px; height: 1px; overflow: hidden;\"><\/div>\n<div id=\"_mcePaste\" class=\"mcePaste\" style=\"position: absolute; left: -10000px; top: 0px; width: 1px; height: 1px; overflow: hidden;\">Revista Porto S.A. &lt;akioportosa@gmail.com&gt;;<\/div>\n<div id=\"_mcePaste\" class=\"mcePaste\" style=\"position: absolute; left: -10000px; top: 0px; width: 1px; height: 1px; overflow: hidden;\"><\/div>\n<div id=\"_mcePaste\" class=\"mcePaste\" style=\"position: absolute; left: -10000px; top: 0px; width: 1px; height: 1px; overflow: hidden;\">Revista Portos e Navios \/ Marcos &lt;marcos@portosenavios.com.br&gt;;&nbsp;<\/div>\n<div id=\"_mcePaste\" class=\"mcePaste\" style=\"position: absolute; left: -10000px; top: 0px; width: 1px; height: 1px; overflow: hidden;\"><\/div>\n<div id=\"_mcePaste\" class=\"mcePaste\" style=\"position: absolute; left: -10000px; top: 0px; width: 1px; height: 1px; overflow: hidden;\">Revista Portos e Navios \/ Ros\u00e2ngela Vieira &lt;rosangela@portosenavios.com.br&gt;;&nbsp;<\/div>\n<div id=\"_mcePaste\" class=\"mcePaste\" style=\"position: absolute; left: -10000px; top: 0px; width: 1px; height: 1px; overflow: hidden;\"><\/div>\n<div id=\"_mcePaste\" class=\"mcePaste\" style=\"position: absolute; left: -10000px; top: 0px; width: 1px; height: 1px; overflow: hidden;\">Revista Santos Modal &lt;jornalismo@santosmodal.com.br&gt;;&nbsp;<\/div>\n<div id=\"_mcePaste\" class=\"mcePaste\" style=\"position: absolute; left: -10000px; top: 0px; width: 1px; height: 1px; overflow: hidden;\"><\/div>\n<div id=\"_mcePaste\" class=\"mcePaste\" style=\"position: absolute; left: -10000px; top: 0px; width: 1px; height: 1px; overflow: hidden;\">Tecnolog\u00edstica Online &lt;tecnologisticaonline@publicare.com.br&gt;;&nbsp;<\/div>\n<div id=\"_mcePaste\" class=\"mcePaste\" style=\"position: absolute; left: -10000px; top: 0px; width: 1px; height: 1px; overflow: hidden;\"><\/div>\n<div id=\"_mcePaste\" class=\"mcePaste\" style=\"position: absolute; left: -10000px; top: 0px; width: 1px; height: 1px; overflow: hidden;\">Revista Tecnolog\u00edstica &lt;redacao@publicare.com.br&gt;;&nbsp;<\/div>\n<div id=\"_mcePaste\" class=\"mcePaste\" style=\"position: absolute; left: -10000px; top: 0px; width: 1px; height: 1px; overflow: hidden;\"><\/div>\n<div id=\"_mcePaste\" class=\"mcePaste\" style=\"position: absolute; left: -10000px; top: 0px; width: 1px; height: 1px; overflow: hidden;\">Revista Trade and Transport \/ C\u00e1ssio Tureta &#8211; Editor &lt;cassio@tradeandtransport.com.br&gt;;&nbsp;<\/div>\n<div id=\"_mcePaste\" class=\"mcePaste\" style=\"position: absolute; left: -10000px; top: 0px; width: 1px; height: 1px; overflow: hidden;\"><\/div>\n<div id=\"_mcePaste\" class=\"mcePaste\" style=\"position: absolute; left: -10000px; top: 0px; width: 1px; height: 1px; overflow: hidden;\">Revista Transporte Moderno &lt;redacao@otmeditora.com.br&gt;;&nbsp;<\/div>\n<div id=\"_mcePaste\" class=\"mcePaste\" style=\"position: absolute; left: -10000px; top: 0px; width: 1px; height: 1px; overflow: hidden;\"><\/div>\n<div id=\"_mcePaste\" class=\"mcePaste\" style=\"position: absolute; left: -10000px; top: 0px; width: 1px; height: 1px; overflow: hidden;\">S\u00e9rgio Barreto Motta &lt;smotta@centroin.com.br&gt;;&nbsp;<\/div>\n<div id=\"_mcePaste\" class=\"mcePaste\" style=\"position: absolute; left: -10000px; top: 0px; width: 1px; height: 1px; overflow: hidden;\"><\/div>\n<div id=\"_mcePaste\" class=\"mcePaste\" style=\"position: absolute; left: -10000px; top: 0px; width: 1px; height: 1px; overflow: hidden;\"><\/div>\n<div id=\"_mcePaste\" class=\"mcePaste\" style=\"position: absolute; left: -10000px; top: 0px; width: 1px; height: 1px; overflow: hidden;\"><\/div>\n<div id=\"_mcePaste\" class=\"mcePaste\" style=\"position: absolute; left: -10000px; top: 0px; width: 1px; height: 1px; overflow: hidden;\"><\/div>\n<div id=\"_mcePaste\" class=\"mcePaste\" style=\"position: absolute; left: -10000px; top: 0px; width: 1px; height: 1px; overflow: hidden;\">Site Busca Santos &lt;leandromeira@buscasantos.com.br&gt;;&nbsp;<\/div>\n<div id=\"_mcePaste\" class=\"mcePaste\" style=\"position: absolute; left: -10000px; top: 0px; width: 1px; height: 1px; overflow: hidden;\"><\/div>\n<div id=\"_mcePaste\" class=\"mcePaste\" style=\"position: absolute; left: -10000px; top: 0px; width: 1px; height: 1px; overflow: hidden;\">Site Click Litoral &lt;imprensa@clicklitoral.com.br&gt;;&nbsp;<\/div>\n<div id=\"_mcePaste\" class=\"mcePaste\" style=\"position: absolute; left: -10000px; top: 0px; width: 1px; height: 1px; overflow: hidden;\"><\/div>\n<div id=\"_mcePaste\" class=\"mcePaste\" style=\"position: absolute; left: -10000px; top: 0px; width: 1px; height: 1px; overflow: hidden;\">Site \u00d3 minha Santos &lt;omsantos@omsantos.com.br&gt;;&nbsp;<\/div>\n<div id=\"_mcePaste\" class=\"mcePaste\" style=\"position: absolute; left: -10000px; top: 0px; width: 1px; height: 1px; overflow: hidden;\"><\/div>\n<div id=\"_mcePaste\" class=\"mcePaste\" style=\"position: absolute; left: -10000px; top: 0px; width: 1px; height: 1px; overflow: hidden;\">Site Trupe da Terra &#8211; Jos\u00e9 Luiz Lousada \/ Editor &lt;jllousada@uol.com.br&gt;;&nbsp;<\/div>\n<div id=\"_mcePaste\" class=\"mcePaste\" style=\"position: absolute; left: -10000px; top: 0px; width: 1px; height: 1px; overflow: hidden;\"><\/div>\n<div id=\"_mcePaste\" class=\"mcePaste\" style=\"position: absolute; left: -10000px; top: 0px; width: 1px; height: 1px; overflow: hidden;\">Site Via Santos &#8211; Mauri Alexandrino &lt;mauri@viasantos.com&gt;;&nbsp;<\/div>\n<div id=\"_mcePaste\" class=\"mcePaste\" style=\"position: absolute; left: -10000px; top: 0px; width: 1px; height: 1px; overflow: hidden;\"><\/div>\n<div id=\"_mcePaste\" class=\"mcePaste\" style=\"position: absolute; left: -10000px; top: 0px; width: 1px; height: 1px; overflow: hidden;\">Site Viva Santos &lt;agenda@vivasantos.com.br&gt;;&nbsp;<\/div>\n<div id=\"_mcePaste\" class=\"mcePaste\" style=\"position: absolute; left: -10000px; top: 0px; width: 1px; height: 1px; overflow: hidden;\"><\/div>\n<div id=\"_mcePaste\" class=\"mcePaste\" style=\"position: absolute; left: -10000px; top: 0px; width: 1px; height: 1px; overflow: hidden;\"><\/div>\n<div id=\"_mcePaste\" class=\"mcePaste\" style=\"position: absolute; left: -10000px; top: 0px; width: 1px; height: 1px; overflow: hidden;\"><\/div>\n<div id=\"_mcePaste\" class=\"mcePaste\" style=\"position: absolute; left: -10000px; top: 0px; width: 1px; height: 1px; overflow: hidden;\"><\/div>\n<div id=\"_mcePaste\" class=\"mcePaste\" style=\"position: absolute; left: -10000px; top: 0px; width: 1px; height: 1px; overflow: hidden;\">Site Brazil Modal &lt;redacao@brazilmodal.com.br&gt;;&nbsp;<\/div>\n<div id=\"_mcePaste\" class=\"mcePaste\" style=\"position: absolute; left: -10000px; top: 0px; width: 1px; height: 1px; overflow: hidden;\"><\/div>\n<div id=\"_mcePaste\" class=\"mcePaste\" style=\"position: absolute; left: -10000px; top: 0px; width: 1px; height: 1px; overflow: hidden;\">Site Fator Brasil &lt;fatorbrasil@revistafatorbrasil.com.br&gt;;&nbsp;<\/div>\n<div id=\"_mcePaste\" class=\"mcePaste\" style=\"position: absolute; left: -10000px; top: 0px; width: 1px; height: 1px; overflow: hidden;\"><\/div>\n<div id=\"_mcePaste\" class=\"mcePaste\" style=\"position: absolute; left: -10000px; top: 0px; width: 1px; height: 1px; overflow: hidden;\">Site NetMarinha &lt;jornalismo@netmarinha.com.br&gt;;&nbsp;<\/div>\n<div id=\"_mcePaste\" class=\"mcePaste\" style=\"position: absolute; left: -10000px; top: 0px; width: 1px; height: 1px; overflow: hidden;\"><\/div>\n<div id=\"_mcePaste\" class=\"mcePaste\" style=\"position: absolute; left: -10000px; top: 0px; width: 1px; height: 1px; overflow: hidden;\">Site P\u00e1gina Dois &#8211; Moyses Fernandes &#8211; Editor &lt;editor@paginadois.com&gt;;&nbsp;<\/div>\n<div id=\"_mcePaste\" class=\"mcePaste\" style=\"position: absolute; left: -10000px; top: 0px; width: 1px; height: 1px; overflow: hidden;\"><\/div>\n<div id=\"_mcePaste\" class=\"mcePaste\" style=\"position: absolute; left: -10000px; top: 0px; width: 1px; height: 1px; overflow: hidden;\">Site Porto Gente &#8211; Bruno Rios &lt;brunorios@portogente.com.br&gt;;&nbsp;<\/div>\n<div id=\"_mcePaste\" class=\"mcePaste\" style=\"position: absolute; left: -10000px; top: 0px; width: 1px; height: 1px; overflow: hidden;\"><\/div>\n<div id=\"_mcePaste\" class=\"mcePaste\" style=\"position: absolute; left: -10000px; top: 0px; width: 1px; height: 1px; overflow: hidden;\"><\/div>\n<div id=\"_mcePaste\" class=\"mcePaste\" style=\"position: absolute; left: -10000px; top: 0px; width: 1px; height: 1px; overflow: hidden;\"><\/div>\n<div id=\"_mcePaste\" class=\"mcePaste\" style=\"position: absolute; left: -10000px; top: 0px; width: 1px; height: 1px; overflow: hidden;\"><\/div>\n<div id=\"_mcePaste\" class=\"mcePaste\" style=\"position: absolute; left: -10000px; top: 0px; width: 1px; height: 1px; overflow: hidden;\">Rede TV &#8211; S\u00e3o Paulo &lt;karlinhasan@hotmail.com&gt;;&nbsp;<\/div>\n<div id=\"_mcePaste\" class=\"mcePaste\" style=\"position: absolute; left: -10000px; top: 0px; width: 1px; height: 1px; overflow: hidden;\"><\/div>\n<div id=\"_mcePaste\" class=\"mcePaste\" style=\"position: absolute; left: -10000px; top: 0px; width: 1px; height: 1px; overflow: hidden;\"><\/div>\n<div id=\"_mcePaste\" class=\"mcePaste\" style=\"position: absolute; left: -10000px; top: 0px; width: 1px; height: 1px; overflow: hidden;\"><\/div>\n<div id=\"_mcePaste\" class=\"mcePaste\" style=\"position: absolute; left: -10000px; top: 0px; width: 1px; height: 1px; overflow: hidden;\"><\/div>\n<div id=\"_mcePaste\" class=\"mcePaste\" style=\"position: absolute; left: -10000px; top: 0px; width: 1px; height: 1px; overflow: hidden;\"><\/div>\n<div id=\"_mcePaste\" class=\"mcePaste\" style=\"position: absolute; left: -10000px; top: 0px; width: 1px; height: 1px; overflow: hidden;\"><\/div>\n<div id=\"_mcePaste\" class=\"mcePaste\" style=\"position: absolute; left: -10000px; top: 0px; width: 1px; height: 1px; overflow: hidden;\">TV Primeira &#8211; K\u00e1tia Locatelli &lt;tvprimeira@vivax.com.br&gt;;&nbsp;<\/div>\n<div id=\"_mcePaste\" class=\"mcePaste\" style=\"position: absolute; left: -10000px; top: 0px; width: 1px; height: 1px; overflow: hidden;\"><\/div>\n<div id=\"_mcePaste\" class=\"mcePaste\" style=\"position: absolute; left: -10000px; top: 0px; width: 1px; height: 1px; overflow: hidden;\">TV Record Litoral &#8211; Balan\u00e7o Geral &lt;bgeral@rederecord.com.br&gt;;&nbsp;<\/div>\n<div id=\"_mcePaste\" class=\"mcePaste\" style=\"position: absolute; left: -10000px; top: 0px; width: 1px; height: 1px; overflow: hidden;\"><\/div>\n<div id=\"_mcePaste\" class=\"mcePaste\" style=\"position: absolute; left: -10000px; top: 0px; width: 1px; height: 1px; overflow: hidden;\">TV Record Litoral &#8211; Debora Pedroso Couceiro &lt;dcouceiro@sp.rederecord.com.br&gt;;&nbsp;<\/div>\n<div id=\"_mcePaste\" class=\"mcePaste\" style=\"position: absolute; left: -10000px; top: 0px; width: 1px; height: 1px; overflow: hidden;\"><\/div>\n<div id=\"_mcePaste\" class=\"mcePaste\" style=\"position: absolute; left: -10000px; top: 0px; width: 1px; height: 1px; overflow: hidden;\">TV Record Litoral &#8211; Alexandre &lt;apiqui@tvmar.com.br&gt;;&nbsp;<\/div>\n<div id=\"_mcePaste\" class=\"mcePaste\" style=\"position: absolute; left: -10000px; top: 0px; width: 1px; height: 1px; overflow: hidden;\"><\/div>\n<div id=\"_mcePaste\" class=\"mcePaste\" style=\"position: absolute; left: -10000px; top: 0px; width: 1px; height: 1px; overflow: hidden;\">TV Record Litoral &lt;sp-record@rederecord.com.br&gt;;&nbsp;<\/div>\n<div id=\"_mcePaste\" class=\"mcePaste\" style=\"position: absolute; left: -10000px; top: 0px; width: 1px; height: 1px; overflow: hidden;\"><\/div>\n<div id=\"_mcePaste\" class=\"mcePaste\" style=\"position: absolute; left: -10000px; top: 0px; width: 1px; height: 1px; overflow: hidden;\">TV Record Litoral &#8211; Jornalismo &lt;jornalismo@tvrecordlitoral.com&gt;;&nbsp;<\/div>\n<div id=\"_mcePaste\" class=\"mcePaste\" style=\"position: absolute; left: -10000px; top: 0px; width: 1px; height: 1px; overflow: hidden;\"><\/div>\n<div id=\"_mcePaste\" class=\"mcePaste\" style=\"position: absolute; left: -10000px; top: 0px; width: 1px; height: 1px; overflow: hidden;\">TV Record Litoral &#8211; Silvia Barreto &lt;scfabarreto@recordlitoral.com&gt;;&nbsp;<\/div>\n<div id=\"_mcePaste\" class=\"mcePaste\" style=\"position: absolute; left: -10000px; top: 0px; width: 1px; height: 1px; overflow: hidden;\"><\/div>\n<div id=\"_mcePaste\" class=\"mcePaste\" style=\"position: absolute; left: -10000px; top: 0px; width: 1px; height: 1px; overflow: hidden;\">TV Record Litoral &#8211; Juliana &lt;jmolinari@sp.rederecord.com.br&gt;;<\/div>\n<div id=\"_mcePaste\" class=\"mcePaste\" style=\"position: absolute; left: -10000px; top: 0px; width: 1px; height: 1px; overflow: hidden;\"><\/div>\n<div id=\"_mcePaste\" class=\"mcePaste\" style=\"position: absolute; left: -10000px; top: 0px; width: 1px; height: 1px; overflow: hidden;\">R7 &#8211; Giselli Souza &lt;gfdsouza@sp.r7.com&gt;;<\/div>\n<div id=\"_mcePaste\" class=\"mcePaste\" style=\"position: absolute; left: -10000px; top: 0px; width: 1px; height: 1px; overflow: hidden;\"><\/div>\n<div id=\"_mcePaste\" class=\"mcePaste\" style=\"position: absolute; left: -10000px; top: 0px; width: 1px; height: 1px; overflow: hidden;\">TV Santa Cec\u00edlia &#8211; Mariana &lt;rpmariana@unisanta.br&gt;;&nbsp;<\/div>\n<div id=\"_mcePaste\" class=\"mcePaste\" style=\"position: absolute; left: -10000px; top: 0px; width: 1px; height: 1px; overflow: hidden;\"><\/div>\n<div id=\"_mcePaste\" class=\"mcePaste\" style=\"position: absolute; left: -10000px; top: 0px; width: 1px; height: 1px; overflow: hidden;\">TV Santa Cec\u00edlia &#8211; Antonio Marques Fidalgo &lt;fidalgo@unisanta.br&gt;;&nbsp;<\/div>\n<div id=\"_mcePaste\" class=\"mcePaste\" style=\"position: absolute; left: -10000px; top: 0px; width: 1px; height: 1px; overflow: hidden;\"><\/div>\n<div id=\"_mcePaste\" class=\"mcePaste\" style=\"position: absolute; left: -10000px; top: 0px; width: 1px; height: 1px; overflow: hidden;\">TV Santa Cec\u00edlia &#8211; Antonio Marques Fidalgo \/ UOL &lt;amfidalgo@uol.com.br&gt;;&nbsp;<\/div>\n<div id=\"_mcePaste\" class=\"mcePaste\" style=\"position: absolute; left: -10000px; top: 0px; width: 1px; height: 1px; overflow: hidden;\"><\/div>\n<div id=\"_mcePaste\" class=\"mcePaste\" style=\"position: absolute; left: -10000px; top: 0px; width: 1px; height: 1px; overflow: hidden;\">TV Santa Cecilia &lt;santacecilia.tvfm@unisanta.br&gt;;&nbsp;<\/div>\n<div id=\"_mcePaste\" class=\"mcePaste\" style=\"position: absolute; left: -10000px; top: 0px; width: 1px; height: 1px; overflow: hidden;\"><\/div>\n<div id=\"_mcePaste\" class=\"mcePaste\" style=\"position: absolute; left: -10000px; top: 0px; width: 1px; height: 1px; overflow: hidden;\">TV Santa Cec\u00edlia &#8211; Programa JB &lt;roberto@programajb.com.br&gt;;&nbsp;<\/div>\n<div id=\"_mcePaste\" class=\"mcePaste\" style=\"position: absolute; left: -10000px; top: 0px; width: 1px; height: 1px; overflow: hidden;\"><\/div>\n<div id=\"_mcePaste\" class=\"mcePaste\" style=\"position: absolute; left: -10000px; top: 0px; width: 1px; height: 1px; overflow: hidden;\">TV Santa Cec\u00edlia &#8211; Caderno Regional &lt;cadernoregional@uol.com.br&gt;;&nbsp;<\/div>\n<div id=\"_mcePaste\" class=\"mcePaste\" style=\"position: absolute; left: -10000px; top: 0px; width: 1px; height: 1px; overflow: hidden;\"><\/div>\n<div id=\"_mcePaste\" class=\"mcePaste\" style=\"position: absolute; left: -10000px; top: 0px; width: 1px; height: 1px; overflow: hidden;\">TV Santa Cec\u00edlia &#8211; Painel Regional &lt;painelregionarl@gmail.com&gt;;&nbsp;<\/div>\n<div id=\"_mcePaste\" class=\"mcePaste\" style=\"position: absolute; left: -10000px; top: 0px; width: 1px; height: 1px; overflow: hidden;\"><\/div>\n<div id=\"_mcePaste\" class=\"mcePaste\" style=\"position: absolute; left: -10000px; top: 0px; width: 1px; height: 1px; overflow: hidden;\">TV Santa Cec\u00edlia &#8211; Andr\u00e9 Mendes &lt;andremendes@unisanta.br&gt;;&nbsp;<\/div>\n<div id=\"_mcePaste\" class=\"mcePaste\" style=\"position: absolute; left: -10000px; top: 0px; width: 1px; height: 1px; overflow: hidden;\"><\/div>\n<div id=\"_mcePaste\" class=\"mcePaste\" style=\"position: absolute; left: -10000px; top: 0px; width: 1px; height: 1px; overflow: hidden;\">TV Tribuna &#8211; Eduardo Silva &lt;eduardo.silva@atribuna.com&gt;;&nbsp;<\/div>\n<div id=\"_mcePaste\" class=\"mcePaste\" style=\"position: absolute; left: -10000px; top: 0px; width: 1px; height: 1px; overflow: hidden;\"><\/div>\n<div id=\"_mcePaste\" class=\"mcePaste\" style=\"position: absolute; left: -10000px; top: 0px; width: 1px; height: 1px; overflow: hidden;\">TV Tribuna &#8211; Produ\u00e7\u00e3o &lt;producao@tvtribuna.com&gt;;&nbsp;<\/div>\n<div id=\"_mcePaste\" class=\"mcePaste\" style=\"position: absolute; left: -10000px; top: 0px; width: 1px; height: 1px; overflow: hidden;\"><\/div>\n<div id=\"_mcePaste\" class=\"mcePaste\" style=\"position: absolute; left: -10000px; top: 0px; width: 1px; height: 1px; overflow: hidden;\">TV Tribuna &#8211; Jornalismo &lt;jornalismo@tvtribuna.com&gt;;&nbsp;<\/div>\n<div id=\"_mcePaste\" class=\"mcePaste\" style=\"position: absolute; left: -10000px; top: 0px; width: 1px; height: 1px; overflow: hidden;\"><\/div>\n<div id=\"_mcePaste\" class=\"mcePaste\" style=\"position: absolute; left: -10000px; top: 0px; width: 1px; height: 1px; overflow: hidden;\">TV Tribuna &#8211; Eduardo Silva &lt;eduardo.silva@tvtribuna.com&gt;;&nbsp;<\/div>\n<div id=\"_mcePaste\" class=\"mcePaste\" style=\"position: absolute; left: -10000px; top: 0px; width: 1px; height: 1px; overflow: hidden;\"><\/div>\n<div id=\"_mcePaste\" class=\"mcePaste\" style=\"position: absolute; left: -10000px; top: 0px; width: 1px; height: 1px; overflow: hidden;\">VTV &#8211; Lu\u00eds Fernando &lt;luisfernando@redevtv.com.br&gt;;<\/div>\n<div id=\"_mcePaste\" class=\"mcePaste\" style=\"position: absolute; left: -10000px; top: 0px; width: 1px; height: 1px; overflow: hidden;\"><\/div>\n<div id=\"_mcePaste\" class=\"mcePaste\" style=\"position: absolute; left: -10000px; top: 0px; width: 1px; height: 1px; overflow: hidden;\">VTV &#8211; Jornalismo &lt;jornalismo@redevtv.com.br&gt;;<\/div>\n<div id=\"_mcePaste\" class=\"mcePaste\" style=\"position: absolute; left: -10000px; top: 0px; width: 1px; height: 1px; overflow: hidden;\"><\/div>\n<div id=\"_mcePaste\" class=\"mcePaste\" style=\"position: absolute; left: -10000px; top: 0px; width: 1px; height: 1px; overflow: hidden;\">Rede TV &#8211; Luis Fernando &lt;luisfernando@redevtv.com.br&gt;;<\/div>\n<div id=\"_mcePaste\" class=\"mcePaste\" style=\"position: absolute; left: -10000px; top: 0px; width: 1px; height: 1px; overflow: hidden;\"><\/div>\n<div id=\"_mcePaste\" class=\"mcePaste\" style=\"position: absolute; left: -10000px; top: 0px; width: 1px; height: 1px; overflow: hidden;\">Juliana &lt;julymolinari@hotmail.com&gt;;&nbsp;<\/div>\n<div id=\"_mcePaste\" class=\"mcePaste\" style=\"position: absolute; left: -10000px; top: 0px; width: 1px; height: 1px; overflow: hidden;\"><\/div>\n<div id=\"_mcePaste\" class=\"mcePaste\" style=\"position: absolute; left: -10000px; top: 0px; width: 1px; height: 1px; overflow: hidden;\">VTV &#8211; D\u00e9bora &lt;deborah@redevtv.com.br&gt;;&nbsp;<\/div>\n<div id=\"_mcePaste\" class=\"mcePaste\" style=\"position: absolute; left: -10000px; top: 0px; width: 1px; height: 1px; overflow: hidden;\"><\/div>\n<div id=\"_mcePaste\" class=\"mcePaste\" style=\"position: absolute; left: -10000px; top: 0px; width: 1px; height: 1px; overflow: hidden;\"><\/div>\n<div id=\"_mcePaste\" class=\"mcePaste\" style=\"position: absolute; left: -10000px; top: 0px; width: 1px; height: 1px; overflow: hidden;\">VTV &#8211; Destaques \/ Pedro Alc\u00e2ntara &lt;destaque@redevtv.com.br&gt;;&nbsp;<\/div>\n<div id=\"_mcePaste\" class=\"mcePaste\" style=\"position: absolute; left: -10000px; top: 0px; width: 1px; height: 1px; overflow: hidden;\"><\/div>\n<div id=\"_mcePaste\" class=\"mcePaste\" style=\"position: absolute; left: -10000px; top: 0px; width: 1px; height: 1px; overflow: hidden;\">VTV &#8211; Programa Pedro Alc\u00e2ntara &lt;programa@pedroalcantara.com.br&gt;<\/div>\n<div id=\"_mcePaste\" class=\"mcePaste\" style=\"position: absolute; left: -10000px; top: 0px; width: 1px; height: 1px; overflow: hidden;\"><\/div>\n<div id=\"_mcePaste\" class=\"mcePaste\" style=\"position: absolute; left: -10000px; top: 0px; width: 1px; height: 1px; overflow: hidden;\">VTV &#8211; Pedro Alc\u00e2ntara &lt;pedroalcantara@redetv.com.br&gt;;&nbsp;<\/div>\n<div id=\"_mcePaste\" class=\"mcePaste\" style=\"position: absolute; left: -10000px; top: 0px; width: 1px; height: 1px; overflow: hidden;\"><\/div>\n<div id=\"_mcePaste\" class=\"mcePaste\" style=\"position: absolute; left: -10000px; top: 0px; width: 1px; height: 1px; overflow: hidden;\">Canal Aquavi\u00e1rio \/ Band TV &lt;producao@settaport.com.br&gt;;&nbsp;<\/div>\n<div id=\"_mcePaste\" class=\"mcePaste\" style=\"position: absolute; left: -10000px; top: 0px; width: 1px; height: 1px; overflow: hidden;\"><\/div>\n<div id=\"_mcePaste\" class=\"mcePaste\" style=\"position: absolute; left: -10000px; top: 0px; width: 1px; height: 1px; overflow: hidden;\">Rodrigo Oliveira &#8211; Editor \/ Rede Internacional de TV &lt;rsoliveira@estadao.com.br&gt;;&nbsp;<\/div>\n<div id=\"_mcePaste\" class=\"mcePaste\" style=\"position: absolute; left: -10000px; top: 0px; width: 1px; height: 1px; overflow: hidden;\"><\/div>\n<div id=\"_mcePaste\" class=\"mcePaste\" style=\"position: absolute; left: -10000px; top: 0px; width: 1px; height: 1px; overflow: hidden;\"><\/div>\n<div id=\"_mcePaste\" class=\"mcePaste\" style=\"position: absolute; left: -10000px; top: 0px; width: 1px; height: 1px; overflow: hidden;\">Rubens Mejias &lt;rubensmejias@gmail.com&gt;;&nbsp;<\/div>\n<div id=\"_mcePaste\" class=\"mcePaste\" style=\"position: absolute; left: -10000px; top: 0px; width: 1px; height: 1px; overflow: hidden;\"><\/div>\n<div id=\"_mcePaste\" class=\"mcePaste\" style=\"position: absolute; left: -10000px; top: 0px; width: 1px; height: 1px; overflow: hidden;\">Zuleide Barros &#8211; O Estado de S. Paulo &lt;zu.barros@terra.com.br&gt;;&nbsp;<\/div>\n<div id=\"_mcePaste\" class=\"mcePaste\" style=\"position: absolute; left: -10000px; top: 0px; width: 1px; height: 1px; overflow: hidden;\"><\/div>\n<div id=\"_mcePaste\" class=\"mcePaste\" style=\"position: absolute; left: -10000px; top: 0px; width: 1px; height: 1px; overflow: hidden;\">Marco Antonio Damy &lt;marcoantoniodamy@gmail.com&gt;;&nbsp;<\/div>\n<div id=\"_mcePaste\" class=\"mcePaste\" style=\"position: absolute; left: -10000px; top: 0px; width: 1px; height: 1px; overflow: hidden;\"><\/div>\n<div id=\"_mcePaste\" class=\"mcePaste\" style=\"position: absolute; left: -10000px; top: 0px; width: 1px; height: 1px; overflow: hidden;\">Alpha Anjos &lt;alphanjos@gmail.com&gt;;&nbsp;<\/div>\n<div id=\"_mcePaste\" class=\"mcePaste\" style=\"position: absolute; left: -10000px; top: 0px; width: 1px; height: 1px; overflow: hidden;\"><\/div>\n<div id=\"_mcePaste\" class=\"mcePaste\" style=\"position: absolute; left: -10000px; top: 0px; width: 1px; height: 1px; overflow: hidden;\">Celina Linhares &lt;celinalinhares@yahoo.com.br&gt;;&nbsp;<\/div>\n<div id=\"_mcePaste\" class=\"mcePaste\" style=\"position: absolute; left: -10000px; top: 0px; width: 1px; height: 1px; overflow: hidden;\"><\/div>\n<div id=\"_mcePaste\" class=\"mcePaste\" style=\"position: absolute; left: -10000px; top: 0px; width: 1px; height: 1px; overflow: hidden;\">Claudia Bozzani &lt;claudiabozzani@uol.com.br&gt;;&nbsp;<\/div>\n<div id=\"_mcePaste\" class=\"mcePaste\" style=\"position: absolute; left: -10000px; top: 0px; width: 1px; height: 1px; overflow: hidden;\"><\/div>\n<div id=\"_mcePaste\" class=\"mcePaste\" style=\"position: absolute; left: -10000px; top: 0px; width: 1px; height: 1px; overflow: hidden;\">D\u00e9bora &lt;deborapc1@hotmail.com&gt;;&nbsp;<\/div>\n<div id=\"_mcePaste\" class=\"mcePaste\" style=\"position: absolute; left: -10000px; top: 0px; width: 1px; height: 1px; overflow: hidden;\"><\/div>\n<div id=\"_mcePaste\" class=\"mcePaste\" style=\"position: absolute; left: -10000px; top: 0px; width: 1px; height: 1px; overflow: hidden;\">De Tudo Um Pouco &lt;detudoumpoucoa@gmail.com&gt;;&nbsp;<\/div>\n<div id=\"_mcePaste\" class=\"mcePaste\" style=\"position: absolute; left: -10000px; top: 0px; width: 1px; height: 1px; overflow: hidden;\"><\/div>\n<div id=\"_mcePaste\" class=\"mcePaste\" style=\"position: absolute; left: -10000px; top: 0px; width: 1px; height: 1px; overflow: hidden;\">Diana Xuri &lt;dianaxuri@gmail.com&gt;;&nbsp;<\/div>\n<div id=\"_mcePaste\" class=\"mcePaste\" style=\"position: absolute; left: -10000px; top: 0px; width: 1px; height: 1px; overflow: hidden;\"><\/div>\n<div id=\"_mcePaste\" class=\"mcePaste\" style=\"position: absolute; left: -10000px; top: 0px; width: 1px; height: 1px; overflow: hidden;\">Fabio &#8211; Um Mais Um &lt;fabio@ummaisum.com&gt;;&nbsp;<\/div>\n<div id=\"_mcePaste\" class=\"mcePaste\" style=\"position: absolute; left: -10000px; top: 0px; width: 1px; height: 1px; overflow: hidden;\"><\/div>\n<div id=\"_mcePaste\" class=\"mcePaste\" style=\"position: absolute; left: -10000px; top: 0px; width: 1px; height: 1px; overflow: hidden;\">Fe Burger &lt;feburger@hotmail.com&gt;;&nbsp;<\/div>\n<div id=\"_mcePaste\" class=\"mcePaste\" style=\"position: absolute; left: -10000px; top: 0px; width: 1px; height: 1px; overflow: hidden;\"><\/div>\n<div id=\"_mcePaste\" class=\"mcePaste\" style=\"position: absolute; left: -10000px; top: 0px; width: 1px; height: 1px; overflow: hidden;\">Associa\u00e7\u00e3o Comercial de S\u00e3o Paulo &#8211; F. Salgado &lt;fsalgado@acsp.com.br&gt;;&nbsp;<\/div>\n<div id=\"_mcePaste\" class=\"mcePaste\" style=\"position: absolute; left: -10000px; top: 0px; width: 1px; height: 1px; overflow: hidden;\"><\/div>\n<div id=\"_mcePaste\" class=\"mcePaste\" style=\"position: absolute; left: -10000px; top: 0px; width: 1px; height: 1px; overflow: hidden;\">M. Luz Moura &lt;mluzmoura@ig.com.br&gt;;&nbsp;<\/div>\n<div id=\"_mcePaste\" class=\"mcePaste\" style=\"position: absolute; left: -10000px; top: 0px; width: 1px; height: 1px; overflow: hidden;\"><\/div>\n<div id=\"_mcePaste\" class=\"mcePaste\" style=\"position: absolute; left: -10000px; top: 0px; width: 1px; height: 1px; overflow: hidden;\">M. A. Cruz &lt;maccruz_2000@yahoo.com.br&gt;; programa@pedroalcantara.com.br; claramonforte@jornaldaorla.com.br<\/div>\n<div id=\"_mcePaste\" class=\"mcePaste\" style=\"position: absolute; left: -10000px; top: 0px; width: 1px; height: 1px; overflow: hidden;\"><\/div>\n<div id=\"_mcePaste\" class=\"mcePaste\" style=\"position: absolute; left: -10000px; top: 0px; width: 1px; height: 1px; overflow: hidden;\">Nayr Bueno &lt;nayrbueno@hotmail.com&gt;;&nbsp;<\/div>\n<div id=\"_mcePaste\" class=\"mcePaste\" style=\"position: absolute; left: -10000px; top: 0px; width: 1px; height: 1px; overflow: hidden;\"><\/div>\n<div id=\"_mcePaste\" class=\"mcePaste\" style=\"position: absolute; left: -10000px; top: 0px; width: 1px; height: 1px; overflow: hidden;\">Pires Curti &lt;pires.curti@gmail.com&gt;;&nbsp;<\/div>\n<div id=\"_mcePaste\" class=\"mcePaste\" style=\"position: absolute; left: -10000px; top: 0px; width: 1px; height: 1px; overflow: hidden;\"><\/div>\n<div id=\"_mcePaste\" class=\"mcePaste\" style=\"position: absolute; left: -10000px; top: 0px; width: 1px; height: 1px; overflow: hidden;\">Simone Martins &lt;smartins34@hotmail.com&gt;;&nbsp;<\/div>\n<div id=\"_mcePaste\" class=\"mcePaste\" style=\"position: absolute; left: -10000px; top: 0px; width: 1px; height: 1px; overflow: hidden;\"><\/div>\n<div id=\"_mcePaste\" class=\"mcePaste\" style=\"position: absolute; left: -10000px; top: 0px; width: 1px; height: 1px; overflow: hidden;\">T. Freitas &lt;tfreitas@acsp.com.br&gt;;&nbsp;<\/div>\n<div id=\"_mcePaste\" class=\"mcePaste\" style=\"position: absolute; left: -10000px; top: 0px; width: 1px; height: 1px; overflow: hidden;\"><\/div>\n<div id=\"_mcePaste\" class=\"mcePaste\" style=\"position: absolute; left: -10000px; top: 0px; width: 1px; height: 1px; overflow: hidden;\">T\u00e2nia Maria &lt;taniamariamar@yahoo.com.br&gt;;&nbsp;<\/div>\n<div id=\"_mcePaste\" class=\"mcePaste\" style=\"position: absolute; left: -10000px; top: 0px; width: 1px; height: 1px; overflow: hidden;\"><\/div>\n<div id=\"_mcePaste\" class=\"mcePaste\" style=\"position: absolute; left: -10000px; top: 0px; width: 1px; height: 1px; overflow: hidden;\">Ver Ouvir e Falar &lt;verouvirefalar@bol.com.br&gt;;&nbsp;<\/div>\n<div id=\"_mcePaste\" class=\"mcePaste\" style=\"position: absolute; left: -10000px; top: 0px; width: 1px; height: 1px; overflow: hidden;\"><\/div>\n<div id=\"_mcePaste\" class=\"mcePaste\" style=\"position: absolute; left: -10000px; top: 0px; width: 1px; height: 1px; overflow: hidden;\">Associa\u00e7\u00e3o Comercial de S\u00e3o Paulo &#8211; V. Morais &lt;vmorais@acsp.com.br&gt;;&nbsp;<\/div>\n<div id=\"_mcePaste\" class=\"mcePaste\" style=\"position: absolute; left: -10000px; top: 0px; width: 1px; height: 1px; overflow: hidden;\"><\/div>\n<div id=\"_mcePaste\" class=\"mcePaste\" style=\"position: absolute; left: -10000px; top: 0px; width: 1px; height: 1px; overflow: hidden;\">V. R. Faccioli &lt;vrfaccioli@hotmail.com&gt;;&nbsp;<\/div>\n<div id=\"_mcePaste\" class=\"mcePaste\" style=\"position: absolute; left: -10000px; top: 0px; width: 1px; height: 1px; overflow: hidden;\"><\/div>\n<div id=\"_mcePaste\" class=\"mcePaste\" style=\"position: absolute; left: -10000px; top: 0px; width: 1px; height: 1px; overflow: hidden;\">Waldir J. Santos &lt;waldirjsantos@yahoo.com.br&gt;;<\/div>\n<div id=\"_mcePaste\" class=\"mcePaste\" style=\"position: absolute; left: -10000px; top: 0px; width: 1px; height: 1px; overflow: hidden;\"><\/div>\n<div id=\"_mcePaste\" class=\"mcePaste\" style=\"position: absolute; left: -10000px; top: 0px; width: 1px; height: 1px; overflow: hidden;\">L. Felix &lt;lfelix@band.com.br&gt;;<\/div>\n<div id=\"_mcePaste\" class=\"mcePaste\" style=\"position: absolute; left: -10000px; top: 0px; width: 1px; height: 1px; overflow: hidden;\"><\/div>\n<div id=\"_mcePaste\" class=\"mcePaste\" style=\"position: absolute; left: -10000px; top: 0px; width: 1px; height: 1px; overflow: hidden;\">R\u00e1dio Terra &lt;radioterra650am@gmail.com&gt;<\/div>\n<div id=\"_mcePaste\" class=\"mcePaste\" style=\"position: absolute; left: -10000px; top: 0px; width: 1px; height: 1px; overflow: hidden;\"><\/div>\n<div id=\"_mcePaste\" class=\"mcePaste\" style=\"position: absolute; left: -10000px; top: 0px; width: 1px; height: 1px; overflow: hidden;\">Santa Portal &lt;santaportal@unisanta.br&gt;<\/div>\n<div id=\"_mcePaste\" class=\"mcePaste\" style=\"position: absolute; left: -10000px; top: 0px; width: 1px; height: 1px; overflow: hidden;\">Santa Portal &lt;santaportal@unisanta.br&gt;<\/div>\n<\/div>\n","protected":false},"excerpt":{"rendered":"<p>Fonte: Assessoria de imprensa ACS Em sua primeira reuni\u00e3o, realizada nesta ter\u00e7a-feira (9) na Universidade Santa Cec\u00edlia, ap\u00f3s a elei\u00e7\u00e3o dos coordenadores das C\u00e2maras Setoriais da Associa\u00e7\u00e3o Comercial de Santos (gest\u00e3o 2017\/2020), os novos dirigentes da C\u00e2mara Setorial de Institui\u00e7\u00f5es de Ensino apresentaram grandes projetos, entre eles encontros com autoridades nacionais e uma rede de [&hellip;]<\/p>\n","protected":false},"author":1,"featured_media":77593,"comment_status":"open","ping_status":"open","sticky":false,"template":"","format":"standard","meta":{"footnotes":""},"categories":[84],"tags":[],"_links":{"self":[{"href":"https:\/\/acs.org.br\/academy\/wp-json\/wp\/v2\/posts\/77599"}],"collection":[{"href":"https:\/\/acs.org.br\/academy\/wp-json\/wp\/v2\/posts"}],"about":[{"href":"https:\/\/acs.org.br\/academy\/wp-json\/wp\/v2\/types\/post"}],"author":[{"embeddable":true,"href":"https:\/\/acs.org.br\/academy\/wp-json\/wp\/v2\/users\/1"}],"replies":[{"embeddable":true,"href":"https:\/\/acs.org.br\/academy\/wp-json\/wp\/v2\/comments?post=77599"}],"version-history":[{"count":0,"href":"https:\/\/acs.org.br\/academy\/wp-json\/wp\/v2\/posts\/77599\/revisions"}],"wp:featuredmedia":[{"embeddable":true,"href":"https:\/\/acs.org.br\/academy\/wp-json\/wp\/v2\/media\/77593"}],"wp:attachment":[{"href":"https:\/\/acs.org.br\/academy\/wp-json\/wp\/v2\/media?parent=77599"}],"wp:term":[{"taxonomy":"category","embeddable":true,"href":"https:\/\/acs.org.br\/academy\/wp-json\/wp\/v2\/categories?post=77599"},{"taxonomy":"post_tag","embeddable":true,"href":"https:\/\/acs.org.br\/academy\/wp-json\/wp\/v2\/tags?post=77599"}],"curies":[{"name":"wp","href":"https:\/\/api.w.org\/{rel}","templated":true}]}}