{"id":77370,"date":"2017-05-15T00:00:00","date_gmt":"2017-05-15T03:00:00","guid":{"rendered":"http:\/\/127.0.0.1\/acs\/eleicoes-na-acs-confira-os-resultados-das-votacoes-para-o-conselho-de-camaras-e-para-as-camaras-setoriais\/"},"modified":"2017-05-15T00:00:00","modified_gmt":"2017-05-15T03:00:00","slug":"eleicoes-na-acs-confira-os-resultados-das-votacoes-para-o-conselho-de-camaras-e-para-as-camaras-setoriais","status":"publish","type":"post","link":"https:\/\/acs.org.br\/academy\/eleicoes-na-acs-confira-os-resultados-das-votacoes-para-o-conselho-de-camaras-e-para-as-camaras-setoriais\/","title":{"rendered":"Elei\u00e7\u00f5es na ACS: confira os resultados das vota\u00e7\u00f5es para o conselho de c\u00e2maras e para as c\u00e2maras setoriais"},"content":{"rendered":"<p>Fonte: Assessoria de imprensa ACS<\/p>\n<p>Confira os resultados das elei\u00e7\u00f5es do conselho de c\u00e2maras e das c\u00e2maras setoriais:<\/p>\n<p>\u00a0<\/p>\n<p><span style=\"text-decoration: underline;\">CONSELHO DE C\u00c2MARAS SETORIAIS<\/span><\/p>\n<p>Elei\u00e7\u00e3o realizada dia 15 de maio, \u00e0s 16 horas. Resultado:<\/p>\n<p>Presidente: Mike Sealy (Stolthaven Santos Ltda)<\/p>\n<p>Vice-presidente: Luiz Alberto Levy Junior (D\u00ednamo Inter Agr\u00edcola Ltda)<\/p>\n<p>1\u00ba Secret\u00e1ria: Silvia Teixeira Penteado (Institui\u00e7\u00e3o Superior de Educa\u00e7\u00e3o Santa Cec\u00edlia &#8211; UNISANTA)<\/p>\n<p>2\u00ba Secret\u00e1rio: Rodrigo Zanethi (Zanethi Advogados Associados)<\/p>\n<\/p>\n<p><img loading=\"lazy\" decoding=\"async\" class=\" size-full wp-image-77314\" src=\"http:\/\/127.0.0.1\/acs\/wp-content\/uploads\/2017\/05\/WEB_2017_MAIO_COORDENADORIA-W_COORDENADORIA_0082.jpg\" width=\"570\" height=\"421\" srcset=\"https:\/\/acs.org.br\/academy\/wp-content\/uploads\/2017\/05\/WEB_2017_MAIO_COORDENADORIA-W_COORDENADORIA_0082.jpg 570w, https:\/\/acs.org.br\/academy\/wp-content\/uploads\/2017\/05\/WEB_2017_MAIO_COORDENADORIA-W_COORDENADORIA_0082-300x222.jpg 300w\" sizes=\"(max-width: 570px) 100vw, 570px\" \/><\/p>\n<p><img loading=\"lazy\" decoding=\"async\" class=\" size-full wp-image-77315\" src=\"http:\/\/127.0.0.1\/acs\/wp-content\/uploads\/2017\/05\/WEB_2017_MAIO_COORDENADORIA-W_COORDENADORIA_0085.jpg\" width=\"570\" height=\"428\" srcset=\"https:\/\/acs.org.br\/academy\/wp-content\/uploads\/2017\/05\/WEB_2017_MAIO_COORDENADORIA-W_COORDENADORIA_0085.jpg 570w, https:\/\/acs.org.br\/academy\/wp-content\/uploads\/2017\/05\/WEB_2017_MAIO_COORDENADORIA-W_COORDENADORIA_0085-300x225.jpg 300w\" sizes=\"(max-width: 570px) 100vw, 570px\" \/><\/p>\n<p>\u00a0<\/p>\n<p><span style=\"text-decoration: underline;\">C\u00c2MARA SETORIAL DE EMPRESAS DE FUMIGA\u00c7\u00c3O E SERVI\u00c7OS FITOSSANIT\u00c1RIOS<\/span><\/p>\n<p>Elei\u00e7\u00e3o realizada dia 12 de maio, \u00e0s 10h00. Resultado:<\/p>\n<p>Coordenador: Pedro Alberto Nunes de Matos (Superinspect Ltda)<\/p>\n<p>Vice-coordenador: Maria Aparecida Menezes (SVI Ambiental Ltda)<\/p>\n<p>Secret\u00e1rio Setorial: Lainor Ruivo Junior (Brasfito Servi\u00e7os T\u00e9cnicos e Agroengenharia Ltda)<\/p>\n<p><img loading=\"lazy\" decoding=\"async\" class=\" size-full wp-image-77316\" src=\"http:\/\/127.0.0.1\/acs\/wp-content\/uploads\/2017\/05\/WEB_2017_MAIO_FUMIGACAO-W_FUMIGACAO-1.jpg\" width=\"570\" height=\"621\" srcset=\"https:\/\/acs.org.br\/academy\/wp-content\/uploads\/2017\/05\/WEB_2017_MAIO_FUMIGACAO-W_FUMIGACAO-1.jpg 570w, https:\/\/acs.org.br\/academy\/wp-content\/uploads\/2017\/05\/WEB_2017_MAIO_FUMIGACAO-W_FUMIGACAO-1-275x300.jpg 275w\" sizes=\"(max-width: 570px) 100vw, 570px\" \/><\/p>\n<p><img loading=\"lazy\" decoding=\"async\" class=\" size-full wp-image-77317\" src=\"http:\/\/127.0.0.1\/acs\/wp-content\/uploads\/2017\/05\/WEB_2017_MAIO_FUMIGACAO-W_FUMIGACAO-3.jpg\" width=\"570\" height=\"380\" srcset=\"https:\/\/acs.org.br\/academy\/wp-content\/uploads\/2017\/05\/WEB_2017_MAIO_FUMIGACAO-W_FUMIGACAO-3.jpg 570w, https:\/\/acs.org.br\/academy\/wp-content\/uploads\/2017\/05\/WEB_2017_MAIO_FUMIGACAO-W_FUMIGACAO-3-300x200.jpg 300w\" sizes=\"(max-width: 570px) 100vw, 570px\" \/><\/p>\n<p><img loading=\"lazy\" decoding=\"async\" class=\" size-full wp-image-77318\" src=\"http:\/\/127.0.0.1\/acs\/wp-content\/uploads\/2017\/05\/WEB_2017_MAIO_FUMIGACAO-W_FUMIGACAO-2.jpg\" width=\"570\" height=\"1013\" srcset=\"https:\/\/acs.org.br\/academy\/wp-content\/uploads\/2017\/05\/WEB_2017_MAIO_FUMIGACAO-W_FUMIGACAO-2.jpg 570w, https:\/\/acs.org.br\/academy\/wp-content\/uploads\/2017\/05\/WEB_2017_MAIO_FUMIGACAO-W_FUMIGACAO-2-169x300.jpg 169w\" sizes=\"(max-width: 570px) 100vw, 570px\" \/><\/p>\n<p>\u00a0<\/p>\n<p><span style=\"text-decoration: underline;\">C\u00c2MARA SETORIAL DE TERMINAIS DE GRAN\u00c9IS L\u00cdQUIDOS<\/span><\/p>\n<p>Elei\u00e7\u00e3o realizada dia 4 de maio, \u00e0s 14h30. Resultado:<\/p>\n<p>Coordenador: Miguel Jaime Sealy (Stolthaven Santos Ltda )<\/p>\n<p>Vice-coordenador:&nbsp;Am\u00e9rico Relvas (Adonai Qu\u00edmica S\/A)<\/p>\n<p>Secret\u00e1ria Setorial: Iara Silva (Vopak Brasil S\/A)<\/p>\n<p><img loading=\"lazy\" decoding=\"async\" class=\" size-full wp-image-77319\" src=\"http:\/\/127.0.0.1\/acs\/wp-content\/uploads\/2017\/05\/WEB_2017_MAIO_TERMINAISLIQUIDOS-W_TERMINAISLIQUIDOS_0008.JPG\" width=\"570\" height=\"428\" srcset=\"https:\/\/acs.org.br\/academy\/wp-content\/uploads\/2017\/05\/WEB_2017_MAIO_TERMINAISLIQUIDOS-W_TERMINAISLIQUIDOS_0008.JPG 570w, https:\/\/acs.org.br\/academy\/wp-content\/uploads\/2017\/05\/WEB_2017_MAIO_TERMINAISLIQUIDOS-W_TERMINAISLIQUIDOS_0008-300x225.jpg 300w\" sizes=\"(max-width: 570px) 100vw, 570px\" \/><\/p>\n<p><img loading=\"lazy\" decoding=\"async\" class=\" size-full wp-image-77320\" src=\"http:\/\/127.0.0.1\/acs\/wp-content\/uploads\/2017\/05\/WEB_2017_MAIO_TERMINAISLIQUIDOS-W_TERMINAISLIQUIDOS_0003.JPG\" width=\"570\" height=\"428\" srcset=\"https:\/\/acs.org.br\/academy\/wp-content\/uploads\/2017\/05\/WEB_2017_MAIO_TERMINAISLIQUIDOS-W_TERMINAISLIQUIDOS_0003.JPG 570w, https:\/\/acs.org.br\/academy\/wp-content\/uploads\/2017\/05\/WEB_2017_MAIO_TERMINAISLIQUIDOS-W_TERMINAISLIQUIDOS_0003-300x225.jpg 300w\" sizes=\"(max-width: 570px) 100vw, 570px\" \/><\/p>\n<p><img loading=\"lazy\" decoding=\"async\" class=\" size-full wp-image-77321\" src=\"http:\/\/127.0.0.1\/acs\/wp-content\/uploads\/2017\/05\/WEB_2017_MAIO_TERMINAISLIQUIDOS-W_TERMINAISLIQUIDOS_0002.JPG\" width=\"570\" height=\"428\" srcset=\"https:\/\/acs.org.br\/academy\/wp-content\/uploads\/2017\/05\/WEB_2017_MAIO_TERMINAISLIQUIDOS-W_TERMINAISLIQUIDOS_0002.JPG 570w, https:\/\/acs.org.br\/academy\/wp-content\/uploads\/2017\/05\/WEB_2017_MAIO_TERMINAISLIQUIDOS-W_TERMINAISLIQUIDOS_0002-300x225.jpg 300w\" sizes=\"(max-width: 570px) 100vw, 570px\" \/><\/p>\n<p>\u00a0<\/p>\n<p><span style=\"text-decoration-line: underline;\">C\u00c2MARA SETORIAL DE TRANSPORTES<\/span><\/p>\n<p>Elei\u00e7\u00e3o realizada dia 13 de abril, \u00e0s 17h30. Resultado:<\/p>\n<p>Coordenador:&nbsp;Margareth Fernandes e Fernandes (International Mar\u00edtima Ltda.)<\/p>\n<p>Vice-coordenadora: Roseneide Fassina (Transporte e Com\u00e9rcio Fassina Ltda.)<\/p>\n<p>Secret\u00e1rio Setorial:&nbsp;Leonardo Sorbello (Transportes Estrela Ltda.)<\/p>\n<p><img loading=\"lazy\" decoding=\"async\" class=\" size-full wp-image-77322\" src=\"http:\/\/127.0.0.1\/acs\/wp-content\/uploads\/2017\/05\/WEB_2017_ABRIL_TRANSPORTES-W_CAMARA-048.JPG\" width=\"570\" height=\"428\" srcset=\"https:\/\/acs.org.br\/academy\/wp-content\/uploads\/2017\/05\/WEB_2017_ABRIL_TRANSPORTES-W_CAMARA-048.JPG 570w, https:\/\/acs.org.br\/academy\/wp-content\/uploads\/2017\/05\/WEB_2017_ABRIL_TRANSPORTES-W_CAMARA-048-300x225.jpg 300w\" sizes=\"(max-width: 570px) 100vw, 570px\" \/><\/p>\n<p><img loading=\"lazy\" decoding=\"async\" class=\" size-full wp-image-77323\" src=\"http:\/\/127.0.0.1\/acs\/wp-content\/uploads\/2017\/05\/WEB_2017_ABRIL_TRANSPORTES-W_CAMARA-054.JPG\" width=\"570\" height=\"428\" srcset=\"https:\/\/acs.org.br\/academy\/wp-content\/uploads\/2017\/05\/WEB_2017_ABRIL_TRANSPORTES-W_CAMARA-054.JPG 570w, https:\/\/acs.org.br\/academy\/wp-content\/uploads\/2017\/05\/WEB_2017_ABRIL_TRANSPORTES-W_CAMARA-054-300x225.jpg 300w\" sizes=\"(max-width: 570px) 100vw, 570px\" \/><\/p>\n<p><img loading=\"lazy\" decoding=\"async\" class=\" size-full wp-image-77324\" src=\"http:\/\/127.0.0.1\/acs\/wp-content\/uploads\/2017\/05\/WEB_2017_ABRIL_TRANSPORTES-W_CAMARA-056.JPG\" width=\"570\" height=\"428\" srcset=\"https:\/\/acs.org.br\/academy\/wp-content\/uploads\/2017\/05\/WEB_2017_ABRIL_TRANSPORTES-W_CAMARA-056.JPG 570w, https:\/\/acs.org.br\/academy\/wp-content\/uploads\/2017\/05\/WEB_2017_ABRIL_TRANSPORTES-W_CAMARA-056-300x225.jpg 300w\" sizes=\"(max-width: 570px) 100vw, 570px\" \/><\/p>\n<p>\u00a0<\/p>\n<p><span style=\"text-decoration: underline;\">C\u00c2MARA SETORIAL DE COMUNICA\u00c7\u00c3O, TURISMO E EVENTOS<\/span><\/p>\n<p>Elei\u00e7\u00e3o realizada dia 13 de abril, \u00e0s 17 horas. Resultado:<\/p>\n<p>Coordenador:&nbsp;Fabricio Guimar\u00e3es Juli\u00e3o (Una marketing e Eventos Ltda.)<\/p>\n<p>Vice-coordenador:&nbsp;Airton Vasconcelos<\/p>\n<p>Secret\u00e1rio Setorial:&nbsp;Vitor de Souza (Ag\u00eancia de Turismo Vasco da Gama Ltda.)<\/p>\n<p><img loading=\"lazy\" decoding=\"async\" class=\" size-full wp-image-77325\" src=\"http:\/\/127.0.0.1\/acs\/wp-content\/uploads\/2017\/05\/WEB_2017_ABRIL_TURISMO-W_CAMARA-044.JPG\" width=\"570\" height=\"428\" srcset=\"https:\/\/acs.org.br\/academy\/wp-content\/uploads\/2017\/05\/WEB_2017_ABRIL_TURISMO-W_CAMARA-044.JPG 570w, https:\/\/acs.org.br\/academy\/wp-content\/uploads\/2017\/05\/WEB_2017_ABRIL_TURISMO-W_CAMARA-044-300x225.jpg 300w\" sizes=\"(max-width: 570px) 100vw, 570px\" \/><\/p>\n<p><img loading=\"lazy\" decoding=\"async\" class=\" size-full wp-image-77326\" src=\"http:\/\/127.0.0.1\/acs\/wp-content\/uploads\/2017\/05\/WEB_2017_ABRIL_TURISMO-W_CAMARA-042.JPG\" width=\"570\" height=\"428\" srcset=\"https:\/\/acs.org.br\/academy\/wp-content\/uploads\/2017\/05\/WEB_2017_ABRIL_TURISMO-W_CAMARA-042.JPG 570w, https:\/\/acs.org.br\/academy\/wp-content\/uploads\/2017\/05\/WEB_2017_ABRIL_TURISMO-W_CAMARA-042-300x225.jpg 300w\" sizes=\"(max-width: 570px) 100vw, 570px\" \/><\/p>\n<p><img loading=\"lazy\" decoding=\"async\" class=\" size-full wp-image-77327\" src=\"http:\/\/127.0.0.1\/acs\/wp-content\/uploads\/2017\/05\/WEB_2017_ABRIL_TURISMO-W_CAMARA-045.JPG\" width=\"570\" height=\"428\" srcset=\"https:\/\/acs.org.br\/academy\/wp-content\/uploads\/2017\/05\/WEB_2017_ABRIL_TURISMO-W_CAMARA-045.JPG 570w, https:\/\/acs.org.br\/academy\/wp-content\/uploads\/2017\/05\/WEB_2017_ABRIL_TURISMO-W_CAMARA-045-300x225.jpg 300w\" sizes=\"(max-width: 570px) 100vw, 570px\" \/><\/p>\n<p>\u00a0<\/p>\n<p><span style=\"text-decoration: underline;\">C\u00c2MARA SETORIAL DE AGENTES DE CARGA<\/span><\/p>\n<p>Elei\u00e7\u00e3o realizada dia 13 de abril, \u00e0s 16 horas. Resultado:<\/p>\n<p>Coordenador:&nbsp;Jorge Silva (Flipper Log\u00edstica Internacional Ltda.)<\/p>\n<p>Vice-coordenador:&nbsp;Fernando Reis (S. Magalh\u00e3es S\/A Log\u00edstica em Com\u00e9rcio Exterior)<\/p>\n<p>Secret\u00e1rio Setorial:&nbsp;Noslen Lopes Botelho (Excel Santos Transportes Rodovi\u00e1rios Ltda.)<\/p>\n<p><img loading=\"lazy\" decoding=\"async\" class=\" size-full wp-image-77328\" src=\"http:\/\/127.0.0.1\/acs\/wp-content\/uploads\/2017\/05\/WEB_2017_ABRIL_AGENTES-W_CAMARA-033.JPG\" width=\"570\" height=\"424\" srcset=\"https:\/\/acs.org.br\/academy\/wp-content\/uploads\/2017\/05\/WEB_2017_ABRIL_AGENTES-W_CAMARA-033.JPG 570w, https:\/\/acs.org.br\/academy\/wp-content\/uploads\/2017\/05\/WEB_2017_ABRIL_AGENTES-W_CAMARA-033-300x223.jpg 300w\" sizes=\"(max-width: 570px) 100vw, 570px\" \/><\/p>\n<p><img loading=\"lazy\" decoding=\"async\" class=\" size-full wp-image-77329\" src=\"http:\/\/127.0.0.1\/acs\/wp-content\/uploads\/2017\/05\/WEB_2017_ABRIL_AGENTES-W_CAMARA-034.JPG\" width=\"570\" height=\"428\" srcset=\"https:\/\/acs.org.br\/academy\/wp-content\/uploads\/2017\/05\/WEB_2017_ABRIL_AGENTES-W_CAMARA-034.JPG 570w, https:\/\/acs.org.br\/academy\/wp-content\/uploads\/2017\/05\/WEB_2017_ABRIL_AGENTES-W_CAMARA-034-300x225.jpg 300w\" sizes=\"(max-width: 570px) 100vw, 570px\" \/><\/p>\n<p><img loading=\"lazy\" decoding=\"async\" class=\" size-full wp-image-77330\" src=\"http:\/\/127.0.0.1\/acs\/wp-content\/uploads\/2017\/05\/WEB_2017_ABRIL_AGENTES-W_CAMARA-036.JPG\" width=\"570\" height=\"428\" srcset=\"https:\/\/acs.org.br\/academy\/wp-content\/uploads\/2017\/05\/WEB_2017_ABRIL_AGENTES-W_CAMARA-036.JPG 570w, https:\/\/acs.org.br\/academy\/wp-content\/uploads\/2017\/05\/WEB_2017_ABRIL_AGENTES-W_CAMARA-036-300x225.jpg 300w\" sizes=\"(max-width: 570px) 100vw, 570px\" \/><\/p>\n<p>\u00a0<\/p>\n<p><span style=\"text-decoration: underline;\">C\u00c2MARA SETORIAL DE ASSUNTOS ADUANEIROS E PORTU\u00c1RIOS<\/span><\/p>\n<p>Elei\u00e7\u00e3o realizada dia 13 de abril, \u00e0s 16 horas. Resultado:<\/p>\n<p>Coordenador: Rodrigo Luiz Zanethi (Zanethi Advogados Associados)<\/p>\n<p>Vice-coordenador: Sergio Perrucci Aquino (Solu\u00e7\u00f5es Portu\u00e1rias Aplicadas &#8211; SPA Ltda.)<\/p>\n<p>Secret\u00e1rio Setorial: Jo\u00e3o Luiz Zanethi (Sindicato dos Ajudantes de Despachantes Aduaneiros de Santos)<\/p>\n<p><img loading=\"lazy\" decoding=\"async\" class=\" size-full wp-image-77331\" src=\"http:\/\/127.0.0.1\/acs\/wp-content\/uploads\/2017\/05\/WEB_2017_ABRIL_ADUANEIROS-W_CAMARA-029.JPG\" width=\"570\" height=\"428\" srcset=\"https:\/\/acs.org.br\/academy\/wp-content\/uploads\/2017\/05\/WEB_2017_ABRIL_ADUANEIROS-W_CAMARA-029.JPG 570w, https:\/\/acs.org.br\/academy\/wp-content\/uploads\/2017\/05\/WEB_2017_ABRIL_ADUANEIROS-W_CAMARA-029-300x225.jpg 300w\" sizes=\"(max-width: 570px) 100vw, 570px\" \/><\/p>\n<p><img loading=\"lazy\" decoding=\"async\" class=\" size-full wp-image-77332\" src=\"http:\/\/127.0.0.1\/acs\/wp-content\/uploads\/2017\/05\/WEB_2017_ABRIL_ADUANEIROS-W_CAMARA-039.JPG\" width=\"570\" height=\"428\" srcset=\"https:\/\/acs.org.br\/academy\/wp-content\/uploads\/2017\/05\/WEB_2017_ABRIL_ADUANEIROS-W_CAMARA-039.JPG 570w, https:\/\/acs.org.br\/academy\/wp-content\/uploads\/2017\/05\/WEB_2017_ABRIL_ADUANEIROS-W_CAMARA-039-300x225.jpg 300w\" sizes=\"(max-width: 570px) 100vw, 570px\" \/><\/p>\n<p><img loading=\"lazy\" decoding=\"async\" class=\" size-full wp-image-77333\" src=\"http:\/\/127.0.0.1\/acs\/wp-content\/uploads\/2017\/05\/WEB_2017_ABRIL_ADUANEIROS-W_CAMARA-038.JPG\" width=\"570\" height=\"428\" srcset=\"https:\/\/acs.org.br\/academy\/wp-content\/uploads\/2017\/05\/WEB_2017_ABRIL_ADUANEIROS-W_CAMARA-038.JPG 570w, https:\/\/acs.org.br\/academy\/wp-content\/uploads\/2017\/05\/WEB_2017_ABRIL_ADUANEIROS-W_CAMARA-038-300x225.jpg 300w\" sizes=\"(max-width: 570px) 100vw, 570px\" \/><\/p>\n<p>\u00a0<\/p>\n<p><span style=\"text-decoration: underline;\"><span style=\"text-decoration-line: underline;\">C\u00c2MARA SETORIAL DE OPERADORES PORTU\u00c1RIOS<\/span><\/span><\/p>\n<p>Elei\u00e7\u00e3o realizada dia 13 de abril, \u00e0s 10 horas. Resultado:<\/p>\n<p>Coordenador: Willy Reginaldo Maxwell (Rodrimar S\/A. Transp. Equip. Industriais e Armaz\u00e9ns)<\/p>\n<p>Vice-coordenador: Marcelo Ratton (Reliance Agenciamento e Servi\u00e7os Portu\u00e1rios Ltda.)<\/p>\n<p>Secret\u00e1rio Setorial: Claudio Pires (Conport Afretamentos Mar\u00edtimos O.K. Ltda.)<\/p>\n<p><img loading=\"lazy\" decoding=\"async\" class=\" size-full wp-image-77334\" src=\"http:\/\/127.0.0.1\/acs\/wp-content\/uploads\/2017\/05\/WEB_2017_ABRIL_PORTUARIOS-W_CAMARA-013.JPG\" width=\"570\" height=\"406\" srcset=\"https:\/\/acs.org.br\/academy\/wp-content\/uploads\/2017\/05\/WEB_2017_ABRIL_PORTUARIOS-W_CAMARA-013.JPG 570w, https:\/\/acs.org.br\/academy\/wp-content\/uploads\/2017\/05\/WEB_2017_ABRIL_PORTUARIOS-W_CAMARA-013-300x214.jpg 300w\" sizes=\"(max-width: 570px) 100vw, 570px\" \/><\/p>\n<p><img loading=\"lazy\" decoding=\"async\" class=\" size-full wp-image-77335\" src=\"http:\/\/127.0.0.1\/acs\/wp-content\/uploads\/2017\/05\/WEB_2017_ABRIL_PORTUARIOS-W_CAMARA-018.JPG\" width=\"570\" height=\"442\" srcset=\"https:\/\/acs.org.br\/academy\/wp-content\/uploads\/2017\/05\/WEB_2017_ABRIL_PORTUARIOS-W_CAMARA-018.JPG 570w, https:\/\/acs.org.br\/academy\/wp-content\/uploads\/2017\/05\/WEB_2017_ABRIL_PORTUARIOS-W_CAMARA-018-300x233.jpg 300w\" sizes=\"(max-width: 570px) 100vw, 570px\" \/><\/p>\n<p><img loading=\"lazy\" decoding=\"async\" class=\" size-full wp-image-77336\" src=\"http:\/\/127.0.0.1\/acs\/wp-content\/uploads\/2017\/05\/WEB_2017_ABRIL_PORTUARIOS-W_CAMARA-020.JPG\" width=\"570\" height=\"416\" srcset=\"https:\/\/acs.org.br\/academy\/wp-content\/uploads\/2017\/05\/WEB_2017_ABRIL_PORTUARIOS-W_CAMARA-020.JPG 570w, https:\/\/acs.org.br\/academy\/wp-content\/uploads\/2017\/05\/WEB_2017_ABRIL_PORTUARIOS-W_CAMARA-020-300x219.jpg 300w\" sizes=\"(max-width: 570px) 100vw, 570px\" \/><\/p>\n<p>\u00a0<\/p>\n<p><span style=\"text-decoration: underline;\"><span style=\"text-decoration-line: underline;\">C\u00c2MARA SETORIAL DE TECNOLOGIA<\/span><\/span><\/p>\n<p>Elei\u00e7\u00e3o realizada dia 13 de abril, \u00e0s 9 horas. Resultado:<\/p>\n<p>Coordenador: Pedro Veras dos Anjos &nbsp;(Gest\u00e3o Empresarial por Observa\u00e7\u00e3o &#8211; GEO Ltda.)<\/p>\n<p>Vice-coordenador:&nbsp;Alexandre Garrido Ehrenberger (AGE Desenvolvimento de Sistemas Ltda.)<\/p>\n<p>Secret\u00e1rio Setorial: Ronald Ataulo (Consuldata Teleprocessamento, Com\u00e9rcio e Servi\u00e7os Ltda.)<\/p>\n<p><img loading=\"lazy\" decoding=\"async\" class=\" size-full wp-image-77337\" src=\"http:\/\/127.0.0.1\/acs\/wp-content\/uploads\/2017\/05\/WEB_2017_ABRIL_TECNOLOGIA-W_CAMARA-004.JPG\" width=\"570\" height=\"428\" srcset=\"https:\/\/acs.org.br\/academy\/wp-content\/uploads\/2017\/05\/WEB_2017_ABRIL_TECNOLOGIA-W_CAMARA-004.JPG 570w, https:\/\/acs.org.br\/academy\/wp-content\/uploads\/2017\/05\/WEB_2017_ABRIL_TECNOLOGIA-W_CAMARA-004-300x225.jpg 300w\" sizes=\"(max-width: 570px) 100vw, 570px\" \/><\/p>\n<p><img loading=\"lazy\" decoding=\"async\" class=\" size-full wp-image-77338\" src=\"http:\/\/127.0.0.1\/acs\/wp-content\/uploads\/2017\/05\/WEB_2017_ABRIL_TECNOLOGIA-W_CAMARA-023.JPG\" width=\"570\" height=\"428\" srcset=\"https:\/\/acs.org.br\/academy\/wp-content\/uploads\/2017\/05\/WEB_2017_ABRIL_TECNOLOGIA-W_CAMARA-023.JPG 570w, https:\/\/acs.org.br\/academy\/wp-content\/uploads\/2017\/05\/WEB_2017_ABRIL_TECNOLOGIA-W_CAMARA-023-300x225.jpg 300w\" sizes=\"(max-width: 570px) 100vw, 570px\" \/><\/p>\n<p><img loading=\"lazy\" decoding=\"async\" class=\" size-full wp-image-77339\" src=\"http:\/\/127.0.0.1\/acs\/wp-content\/uploads\/2017\/05\/WEB_2017_ABRIL_TECNOLOGIA-W_CAMARA-025.JPG\" width=\"570\" height=\"400\" srcset=\"https:\/\/acs.org.br\/academy\/wp-content\/uploads\/2017\/05\/WEB_2017_ABRIL_TECNOLOGIA-W_CAMARA-025.JPG 570w, https:\/\/acs.org.br\/academy\/wp-content\/uploads\/2017\/05\/WEB_2017_ABRIL_TECNOLOGIA-W_CAMARA-025-300x211.jpg 300w\" sizes=\"(max-width: 570px) 100vw, 570px\" \/><\/p>\n<p>\u00a0<\/p>\n<p><span style=\"text-decoration: underline;\">C\u00c2MARA SETORIAL DE NAVEGA\u00c7\u00c3O<\/span><\/p>\n<p>Elei\u00e7\u00e3o realizada dia 13 de abril, \u00e0s 9 horas. Resultado:<\/p>\n<p>Coordenador:&nbsp;Mauro Sammarco (Brazil P&amp;I Ltda.)<\/p>\n<p>Vice-coordenador: Vanderlei Santos Lopes (MSC)<\/p>\n<p>Secret\u00e1rio Setorial: Ricardo Martins (Representa\u00e7\u00f5es Proinde)<\/p>\n<p><img loading=\"lazy\" decoding=\"async\" class=\" size-full wp-image-77340\" src=\"http:\/\/127.0.0.1\/acs\/wp-content\/uploads\/2017\/05\/WEB_2017_ABRIL_NAVEGACAO-W_CAMARA-002.JPG\" width=\"570\" height=\"428\" srcset=\"https:\/\/acs.org.br\/academy\/wp-content\/uploads\/2017\/05\/WEB_2017_ABRIL_NAVEGACAO-W_CAMARA-002.JPG 570w, https:\/\/acs.org.br\/academy\/wp-content\/uploads\/2017\/05\/WEB_2017_ABRIL_NAVEGACAO-W_CAMARA-002-300x225.jpg 300w\" sizes=\"(max-width: 570px) 100vw, 570px\" \/><\/p>\n<p><img loading=\"lazy\" decoding=\"async\" class=\" size-full wp-image-77341\" src=\"http:\/\/127.0.0.1\/acs\/wp-content\/uploads\/2017\/05\/WEB_2017_ABRIL_NAVEGACAO-W_CAMARA-007.JPG\" width=\"570\" height=\"428\" srcset=\"https:\/\/acs.org.br\/academy\/wp-content\/uploads\/2017\/05\/WEB_2017_ABRIL_NAVEGACAO-W_CAMARA-007.JPG 570w, https:\/\/acs.org.br\/academy\/wp-content\/uploads\/2017\/05\/WEB_2017_ABRIL_NAVEGACAO-W_CAMARA-007-300x225.jpg 300w\" sizes=\"(max-width: 570px) 100vw, 570px\" \/><\/p>\n<p><img loading=\"lazy\" decoding=\"async\" class=\" size-full wp-image-77342\" src=\"http:\/\/127.0.0.1\/acs\/wp-content\/uploads\/2017\/05\/WEB_2017_ABRIL_NAVEGACAO-W_CAMARA-009.JPG\" width=\"570\" height=\"428\" srcset=\"https:\/\/acs.org.br\/academy\/wp-content\/uploads\/2017\/05\/WEB_2017_ABRIL_NAVEGACAO-W_CAMARA-009.JPG 570w, https:\/\/acs.org.br\/academy\/wp-content\/uploads\/2017\/05\/WEB_2017_ABRIL_NAVEGACAO-W_CAMARA-009-300x225.jpg 300w\" sizes=\"(max-width: 570px) 100vw, 570px\" \/><\/p>\n<p>\u00a0<\/p>\n<p>\u00a0<\/p>\n<p><span style=\"text-decoration: underline;\">C\u00c2MARA SETORIAL DE EXPORTADORES DE CAF\u00c9<\/span><\/p>\n<p>Elei\u00e7\u00e3o realizada dia 12 de abril, \u00e0s 15 horas. Resultado:<\/p>\n<p>Coordenador: Moacir Leite Soares (Unicaf\u00e9 &#8211; Companhia de Com\u00e9rcio Exterior)<\/p>\n<p>Vice-coordenador:&nbsp;Gunter Ekkehard Hausler (Stockler Comercial e Exportadora Ltda.)<\/p>\n<p>Secret\u00e1rio Setorial: Nicolas Rueda (Volcaf\u00e9 Ltda)<\/p>\n<p><img loading=\"lazy\" decoding=\"async\" class=\" size-full wp-image-77343\" src=\"http:\/\/127.0.0.1\/acs\/wp-content\/uploads\/2017\/05\/WEB_2017_ABRIL_EXPORTADORES-W_EXPORTADORES-015.JPG\" width=\"570\" height=\"428\" srcset=\"https:\/\/acs.org.br\/academy\/wp-content\/uploads\/2017\/05\/WEB_2017_ABRIL_EXPORTADORES-W_EXPORTADORES-015.JPG 570w, https:\/\/acs.org.br\/academy\/wp-content\/uploads\/2017\/05\/WEB_2017_ABRIL_EXPORTADORES-W_EXPORTADORES-015-300x225.jpg 300w\" sizes=\"(max-width: 570px) 100vw, 570px\" \/><\/p>\n<p><img loading=\"lazy\" decoding=\"async\" class=\" size-full wp-image-77344\" src=\"http:\/\/127.0.0.1\/acs\/wp-content\/uploads\/2017\/05\/WEB_2017_ABRIL_EXPORTADORES-W_EXPORTADORES-022.JPG\" width=\"570\" height=\"428\" srcset=\"https:\/\/acs.org.br\/academy\/wp-content\/uploads\/2017\/05\/WEB_2017_ABRIL_EXPORTADORES-W_EXPORTADORES-022.JPG 570w, https:\/\/acs.org.br\/academy\/wp-content\/uploads\/2017\/05\/WEB_2017_ABRIL_EXPORTADORES-W_EXPORTADORES-022-300x225.jpg 300w\" sizes=\"(max-width: 570px) 100vw, 570px\" \/><\/p>\n<p><img loading=\"lazy\" decoding=\"async\" class=\" size-full wp-image-77345\" src=\"http:\/\/127.0.0.1\/acs\/wp-content\/uploads\/2017\/05\/WEB_2017_ABRIL_EXPORTADORES-W_EXPORTADORES-023.JPG\" width=\"570\" height=\"428\" srcset=\"https:\/\/acs.org.br\/academy\/wp-content\/uploads\/2017\/05\/WEB_2017_ABRIL_EXPORTADORES-W_EXPORTADORES-023.JPG 570w, https:\/\/acs.org.br\/academy\/wp-content\/uploads\/2017\/05\/WEB_2017_ABRIL_EXPORTADORES-W_EXPORTADORES-023-300x225.jpg 300w\" sizes=\"(max-width: 570px) 100vw, 570px\" \/><\/p>\n<p>\u00a0<\/p>\n<p><span style=\"text-decoration: underline;\">C\u00c2MARA SETORIAL DE COOPERATIVAS DE CAF\u00c9<\/span><\/p>\n<p>Elei\u00e7\u00e3o realizada dia 12 de abril, \u00e0s 14H30. Resultado:<\/p>\n<p>Coordenador: Ronald Pires de Moraes&nbsp;(Cooperativa Regional de Cafeicultores em Guaxup\u00e9 Ltda. &#8211; Cooxup\u00e9)<\/p>\n<p>Vice-Coordenadora: Ana Carmen Sampel Borges (Cooperativa Regional de Cafeicultores em Guaxup\u00e9 Ltda. &#8211; Cooxup\u00e9)<\/p>\n<p>Secret\u00e1rio Setorial:<\/p>\n<p><img loading=\"lazy\" decoding=\"async\" class=\" size-full wp-image-77346\" src=\"http:\/\/127.0.0.1\/acs\/wp-content\/uploads\/2017\/05\/WEB_2017_ABRIL_COOPERATIVA-W_COOPERATIVA-002.JPG\" width=\"570\" height=\"428\" srcset=\"https:\/\/acs.org.br\/academy\/wp-content\/uploads\/2017\/05\/WEB_2017_ABRIL_COOPERATIVA-W_COOPERATIVA-002.JPG 570w, https:\/\/acs.org.br\/academy\/wp-content\/uploads\/2017\/05\/WEB_2017_ABRIL_COOPERATIVA-W_COOPERATIVA-002-300x225.jpg 300w\" sizes=\"(max-width: 570px) 100vw, 570px\" \/><\/p>\n<p><img loading=\"lazy\" decoding=\"async\" class=\" size-full wp-image-77347\" src=\"http:\/\/127.0.0.1\/acs\/wp-content\/uploads\/2017\/05\/WEB_2017_ABRIL_COOPERATIVA-W_COOPERATIVA-005.JPG\" width=\"570\" height=\"428\" srcset=\"https:\/\/acs.org.br\/academy\/wp-content\/uploads\/2017\/05\/WEB_2017_ABRIL_COOPERATIVA-W_COOPERATIVA-005.JPG 570w, https:\/\/acs.org.br\/academy\/wp-content\/uploads\/2017\/05\/WEB_2017_ABRIL_COOPERATIVA-W_COOPERATIVA-005-300x225.jpg 300w\" sizes=\"(max-width: 570px) 100vw, 570px\" \/><\/p>\n<p><img loading=\"lazy\" decoding=\"async\" class=\" size-full wp-image-77348\" src=\"http:\/\/127.0.0.1\/acs\/wp-content\/uploads\/2017\/05\/WEB_2017_ABRIL_COOPERATIVA-W_COOPERATIVA-004.JPG\" width=\"570\" height=\"428\" srcset=\"https:\/\/acs.org.br\/academy\/wp-content\/uploads\/2017\/05\/WEB_2017_ABRIL_COOPERATIVA-W_COOPERATIVA-004.JPG 570w, https:\/\/acs.org.br\/academy\/wp-content\/uploads\/2017\/05\/WEB_2017_ABRIL_COOPERATIVA-W_COOPERATIVA-004-300x225.jpg 300w\" sizes=\"(max-width: 570px) 100vw, 570px\" \/><\/p>\n<p>\u00a0<\/p>\n<p><span style=\"text-decoration: underline;\">C\u00c2MARA SETORIAL DE CAF\u00c9 SOL\u00daVEL<\/span><\/p>\n<p>Elei\u00e7\u00e3o realizada dia 12 de abril, \u00e0s 11 horas. Resultado:<\/p>\n<p>Coordenador: Elcio Martiniano de Carvalho (Companhia Cacique de Caf\u00e9 Sol\u00favel)<\/p>\n<p>Vice-Coordenador: Luiz Geraldo Rodrigues de Queiroz (Companhia Igua\u00e7u de Caf\u00e9 Sol\u00favel)<\/p>\n<p>Secret\u00e1rio Setorial: Lewis George Collard (Cocam Companhia de Caf\u00e9 Sol\u00favel e Derivados)<\/p>\n<p><img loading=\"lazy\" decoding=\"async\" class=\" size-full wp-image-77349\" src=\"http:\/\/127.0.0.1\/acs\/wp-content\/uploads\/2017\/05\/WEB_2017_ABRIL_SOLUVEL-W_SOLUVEL-001.JPG\" width=\"570\" height=\"428\" srcset=\"https:\/\/acs.org.br\/academy\/wp-content\/uploads\/2017\/05\/WEB_2017_ABRIL_SOLUVEL-W_SOLUVEL-001.JPG 570w, https:\/\/acs.org.br\/academy\/wp-content\/uploads\/2017\/05\/WEB_2017_ABRIL_SOLUVEL-W_SOLUVEL-001-300x225.jpg 300w\" sizes=\"(max-width: 570px) 100vw, 570px\" \/><\/p>\n<p><img loading=\"lazy\" decoding=\"async\" class=\" size-full wp-image-77350\" src=\"http:\/\/127.0.0.1\/acs\/wp-content\/uploads\/2017\/05\/WEB_2017_ABRIL_SOLUVEL-W_SOLUVEL-003.JPG\" width=\"570\" height=\"428\" srcset=\"https:\/\/acs.org.br\/academy\/wp-content\/uploads\/2017\/05\/WEB_2017_ABRIL_SOLUVEL-W_SOLUVEL-003.JPG 570w, https:\/\/acs.org.br\/academy\/wp-content\/uploads\/2017\/05\/WEB_2017_ABRIL_SOLUVEL-W_SOLUVEL-003-300x225.jpg 300w\" sizes=\"(max-width: 570px) 100vw, 570px\" \/><\/p>\n<p><img loading=\"lazy\" decoding=\"async\" class=\" size-full wp-image-77351\" src=\"http:\/\/127.0.0.1\/acs\/wp-content\/uploads\/2017\/05\/WEB_2017_ABRIL_SOLUVEL-W_SOLUVEL-004.JPG\" width=\"570\" height=\"428\" srcset=\"https:\/\/acs.org.br\/academy\/wp-content\/uploads\/2017\/05\/WEB_2017_ABRIL_SOLUVEL-W_SOLUVEL-004.JPG 570w, https:\/\/acs.org.br\/academy\/wp-content\/uploads\/2017\/05\/WEB_2017_ABRIL_SOLUVEL-W_SOLUVEL-004-300x225.jpg 300w\" sizes=\"(max-width: 570px) 100vw, 570px\" \/><\/p>\n<p>\u00a0<\/p>\n<p><span style=\"text-decoration: underline;\">C\u00c2MARA SETORIAL DE INCORPORA\u00c7\u00c3O E CONSTRU\u00c7\u00c3O CIVIL<\/span><\/p>\n<p>Elei\u00e7\u00e3o realizada dia 11 de abril, \u00e0s 15 horas. Resultado:<\/p>\n<p>Coordenador:&nbsp;Rog\u00e9rio Mathias Conde (Engeterpa Engenharia Terraplenagem e Pavimenta\u00e7\u00e3o)<\/p>\n<p>Vice-coordenador:&nbsp;Jos\u00e9 Ram\u00f3n Crego Carnero (Crego Painceira Constru\u00e7\u00f5es e Empreendimentos Imobili\u00e1rios)<\/p>\n<p>Secret\u00e1rio Setorial:&nbsp;Delchi Migotto (Delchi Migotto Filho Constru\u00e7\u00f5es e Engenharia)<\/p>\n<p><img loading=\"lazy\" decoding=\"async\" class=\" size-full wp-image-77352\" src=\"http:\/\/127.0.0.1\/acs\/wp-content\/uploads\/2017\/05\/WEB_2017_ABRIL_CONSTRUCAO-W_CONSTRUCAO-009.JPG\" width=\"570\" height=\"416\" srcset=\"https:\/\/acs.org.br\/academy\/wp-content\/uploads\/2017\/05\/WEB_2017_ABRIL_CONSTRUCAO-W_CONSTRUCAO-009.JPG 570w, https:\/\/acs.org.br\/academy\/wp-content\/uploads\/2017\/05\/WEB_2017_ABRIL_CONSTRUCAO-W_CONSTRUCAO-009-300x219.jpg 300w\" sizes=\"(max-width: 570px) 100vw, 570px\" \/><\/p>\n<p><img loading=\"lazy\" decoding=\"async\" class=\" size-full wp-image-77353\" src=\"http:\/\/127.0.0.1\/acs\/wp-content\/uploads\/2017\/05\/WEB_2017_ABRIL_CONSTRUCAO-W_CONSTRUCAO-013.JPG\" width=\"570\" height=\"428\" srcset=\"https:\/\/acs.org.br\/academy\/wp-content\/uploads\/2017\/05\/WEB_2017_ABRIL_CONSTRUCAO-W_CONSTRUCAO-013.JPG 570w, https:\/\/acs.org.br\/academy\/wp-content\/uploads\/2017\/05\/WEB_2017_ABRIL_CONSTRUCAO-W_CONSTRUCAO-013-300x225.jpg 300w\" sizes=\"(max-width: 570px) 100vw, 570px\" \/><\/p>\n<p><img loading=\"lazy\" decoding=\"async\" class=\" size-full wp-image-77354\" src=\"http:\/\/127.0.0.1\/acs\/wp-content\/uploads\/2017\/05\/WEB_2017_ABRIL_CONSTRUCAO-W_CONSTRUCAO-014.JPG\" width=\"570\" height=\"428\" srcset=\"https:\/\/acs.org.br\/academy\/wp-content\/uploads\/2017\/05\/WEB_2017_ABRIL_CONSTRUCAO-W_CONSTRUCAO-014.JPG 570w, https:\/\/acs.org.br\/academy\/wp-content\/uploads\/2017\/05\/WEB_2017_ABRIL_CONSTRUCAO-W_CONSTRUCAO-014-300x225.jpg 300w\" sizes=\"(max-width: 570px) 100vw, 570px\" \/><\/p>\n<p>\u00a0<\/p>\n<p><span style=\"text-decoration: underline;\">C\u00c2MARA SETORIAL DE SA\u00daDE<\/span><\/p>\n<p>Elei\u00e7\u00e3o realizada dia 11 de abril, \u00e0s 14 horas. Resultado:<\/p>\n<p>Coordenador: Claudino Guerra (Unimed de Santos &#8211; Cooperativa de Trabalho M\u00e9dico)<\/p>\n<p>Vice-coordenador: Alberto Augusto Guimar\u00e3es Gon\u00e7alves (Instituto de An\u00e1lises Cl\u00ednicas de Santos Ltda)<\/p>\n<p>Secret\u00e1rio Setorial: Eli Cielici Dias (Funda\u00e7\u00e3o Plural)<\/p>\n<p><img loading=\"lazy\" decoding=\"async\" class=\" size-full wp-image-77355\" src=\"http:\/\/127.0.0.1\/acs\/wp-content\/uploads\/2017\/05\/WEB_2017_ABRIL_SAUDE-W_SAUDE-001.JPG\" width=\"570\" height=\"431\" srcset=\"https:\/\/acs.org.br\/academy\/wp-content\/uploads\/2017\/05\/WEB_2017_ABRIL_SAUDE-W_SAUDE-001.JPG 570w, https:\/\/acs.org.br\/academy\/wp-content\/uploads\/2017\/05\/WEB_2017_ABRIL_SAUDE-W_SAUDE-001-300x227.jpg 300w\" sizes=\"(max-width: 570px) 100vw, 570px\" \/><\/p>\n<p><img loading=\"lazy\" decoding=\"async\" class=\" size-full wp-image-77356\" src=\"http:\/\/127.0.0.1\/acs\/wp-content\/uploads\/2017\/05\/WEB_2017_ABRIL_SAUDE-W_SAUDE-002.JPG\" width=\"570\" height=\"428\" srcset=\"https:\/\/acs.org.br\/academy\/wp-content\/uploads\/2017\/05\/WEB_2017_ABRIL_SAUDE-W_SAUDE-002.JPG 570w, https:\/\/acs.org.br\/academy\/wp-content\/uploads\/2017\/05\/WEB_2017_ABRIL_SAUDE-W_SAUDE-002-300x225.jpg 300w\" sizes=\"(max-width: 570px) 100vw, 570px\" \/><\/p>\n<p><img loading=\"lazy\" decoding=\"async\" class=\" size-full wp-image-77357\" src=\"http:\/\/127.0.0.1\/acs\/wp-content\/uploads\/2017\/05\/WEB_2017_ABRIL_SAUDE-W_SAUDE-004.JPG\" width=\"570\" height=\"428\" srcset=\"https:\/\/acs.org.br\/academy\/wp-content\/uploads\/2017\/05\/WEB_2017_ABRIL_SAUDE-W_SAUDE-004.JPG 570w, https:\/\/acs.org.br\/academy\/wp-content\/uploads\/2017\/05\/WEB_2017_ABRIL_SAUDE-W_SAUDE-004-300x225.jpg 300w\" sizes=\"(max-width: 570px) 100vw, 570px\" \/><\/p>\n<p>\u00a0<\/p>\n<p><span style=\"text-decoration: underline;\">C\u00c2MARA SETORIAL DE PETR\u00d3LEO E G\u00c1S<\/span><\/p>\n<p>Elei\u00e7\u00e3o realizada dia 11 de abril, \u00e0s 11 horas. Resultado:&nbsp;<\/p>\n<p>Coordenador: Vicente de Paulo Vieira do Valle (Ciesa S.A.)<\/p>\n<p>Vice-coordenador: Gustavo Assef Pierotti (G. Pierotti Ship Supplier Ltda)<\/p>\n<p>Secret\u00e1rio Setorial: Rodrigo Bitencourt Pinho (Unimar Agenciamentos Mar\u00edtimos Ltda)<\/p>\n<p><img loading=\"lazy\" decoding=\"async\" class=\" size-full wp-image-77358\" src=\"http:\/\/127.0.0.1\/acs\/wp-content\/uploads\/2017\/05\/WEB_2017_ABRIL_PETROLEO-W_PETROLEO-003.JPG\" width=\"570\" height=\"428\" srcset=\"https:\/\/acs.org.br\/academy\/wp-content\/uploads\/2017\/05\/WEB_2017_ABRIL_PETROLEO-W_PETROLEO-003.JPG 570w, https:\/\/acs.org.br\/academy\/wp-content\/uploads\/2017\/05\/WEB_2017_ABRIL_PETROLEO-W_PETROLEO-003-300x225.jpg 300w\" sizes=\"(max-width: 570px) 100vw, 570px\" \/><\/p>\n<p><img loading=\"lazy\" decoding=\"async\" class=\" size-full wp-image-77359\" src=\"http:\/\/127.0.0.1\/acs\/wp-content\/uploads\/2017\/05\/WEB_2017_ABRIL_PETROLEO-W_PETROLEO-008.JPG\" width=\"570\" height=\"428\" srcset=\"https:\/\/acs.org.br\/academy\/wp-content\/uploads\/2017\/05\/WEB_2017_ABRIL_PETROLEO-W_PETROLEO-008.JPG 570w, https:\/\/acs.org.br\/academy\/wp-content\/uploads\/2017\/05\/WEB_2017_ABRIL_PETROLEO-W_PETROLEO-008-300x225.jpg 300w\" sizes=\"(max-width: 570px) 100vw, 570px\" \/><\/p>\n<p><img loading=\"lazy\" decoding=\"async\" class=\" size-full wp-image-77360\" src=\"http:\/\/127.0.0.1\/acs\/wp-content\/uploads\/2017\/05\/WEB_2017_ABRIL_PETROLEO-W_PETROLEO-006.JPG\" width=\"570\" height=\"428\" srcset=\"https:\/\/acs.org.br\/academy\/wp-content\/uploads\/2017\/05\/WEB_2017_ABRIL_PETROLEO-W_PETROLEO-006.JPG 570w, https:\/\/acs.org.br\/academy\/wp-content\/uploads\/2017\/05\/WEB_2017_ABRIL_PETROLEO-W_PETROLEO-006-300x225.jpg 300w\" sizes=\"(max-width: 570px) 100vw, 570px\" \/><\/p>\n<p>\u00a0<\/p>\n<p><span style=\"text-decoration: underline;\">C\u00c2MARA SETORIAL DE ARMAZ\u00c9NS GERAIS, TERMINAIS E CONT\u00caINERES<\/span><\/p>\n<p>Elei\u00e7\u00e3o realizada dia 10 de abril, \u00e0s 15 horas. Resultado:<\/p>\n<p>Coordenador: Luiz Alberto M. Levy Jr. (D\u00ednamo Inter Agr\u00edcola Ltda)<\/p>\n<p>Vice-coordenador: Wagner Rodrigo Cruz de Souza (ABTTC &#8211; Associa\u00e7\u00e3o Brasileira dos Terminais Retroportu\u00e1rios e das Empresas Transportadoras de Cont\u00eaineres)<\/p>\n<p>Secret\u00e1rio Setorial: Ramiro Marote&nbsp;(Grieg Retroporto Ltda)<\/p>\n<p><img loading=\"lazy\" decoding=\"async\" class=\" size-full wp-image-77361\" src=\"http:\/\/127.0.0.1\/acs\/wp-content\/uploads\/2017\/05\/WEB_2017_ABRIL_ARMAZENS-W_ARMAZENS-004.JPG\" width=\"570\" height=\"428\" srcset=\"https:\/\/acs.org.br\/academy\/wp-content\/uploads\/2017\/05\/WEB_2017_ABRIL_ARMAZENS-W_ARMAZENS-004.JPG 570w, https:\/\/acs.org.br\/academy\/wp-content\/uploads\/2017\/05\/WEB_2017_ABRIL_ARMAZENS-W_ARMAZENS-004-300x225.jpg 300w\" sizes=\"(max-width: 570px) 100vw, 570px\" \/><\/p>\n<p><img loading=\"lazy\" decoding=\"async\" class=\" size-full wp-image-77362\" src=\"http:\/\/127.0.0.1\/acs\/wp-content\/uploads\/2017\/05\/WEB_2017_ABRIL_ARMAZENS-W_ARMAZENS-005.JPG\" width=\"570\" height=\"428\" srcset=\"https:\/\/acs.org.br\/academy\/wp-content\/uploads\/2017\/05\/WEB_2017_ABRIL_ARMAZENS-W_ARMAZENS-005.JPG 570w, https:\/\/acs.org.br\/academy\/wp-content\/uploads\/2017\/05\/WEB_2017_ABRIL_ARMAZENS-W_ARMAZENS-005-300x225.jpg 300w\" sizes=\"(max-width: 570px) 100vw, 570px\" \/><\/p>\n<p><img loading=\"lazy\" decoding=\"async\" class=\" size-full wp-image-77363\" src=\"http:\/\/127.0.0.1\/acs\/wp-content\/uploads\/2017\/05\/WEB_2017_ABRIL_ARMAZENS-W_ARMAZENS-007.JPG\" width=\"570\" height=\"412\" srcset=\"https:\/\/acs.org.br\/academy\/wp-content\/uploads\/2017\/05\/WEB_2017_ABRIL_ARMAZENS-W_ARMAZENS-007.JPG 570w, https:\/\/acs.org.br\/academy\/wp-content\/uploads\/2017\/05\/WEB_2017_ABRIL_ARMAZENS-W_ARMAZENS-007-300x217.jpg 300w\" sizes=\"(max-width: 570px) 100vw, 570px\" \/><\/p>\n<p>\u00a0<\/p>\n<p><span style=\"text-decoration: underline;\">C\u00c2MARA SETORIAL DE INSTITUI\u00c7\u00d5ES DE ENSINO<\/span><\/p>\n<p>Elei\u00e7\u00e3o realizada dia 10 de abril, \u00e0s 10 horas. Resultado:<\/p>\n<p>Coordenadora: Silvia Teixeira Penteado (Unisanta)<\/p>\n<p>Vice-coordenador: Adalto Correa de Souza Jr. (Unimonte)<\/p>\n<p>Secret\u00e1rio Setorial: Danilo Nunes (Unibr)<\/p>\n<p><img loading=\"lazy\" decoding=\"async\" class=\" size-full wp-image-77364\" src=\"http:\/\/127.0.0.1\/acs\/wp-content\/uploads\/2017\/05\/WEB_2017_ABRIL_ENSINO-W_ENSINO-001.JPG\" width=\"570\" height=\"416\" srcset=\"https:\/\/acs.org.br\/academy\/wp-content\/uploads\/2017\/05\/WEB_2017_ABRIL_ENSINO-W_ENSINO-001.JPG 570w, https:\/\/acs.org.br\/academy\/wp-content\/uploads\/2017\/05\/WEB_2017_ABRIL_ENSINO-W_ENSINO-001-300x219.jpg 300w\" sizes=\"(max-width: 570px) 100vw, 570px\" \/><\/p>\n<p><img loading=\"lazy\" decoding=\"async\" class=\" size-full wp-image-77365\" src=\"http:\/\/127.0.0.1\/acs\/wp-content\/uploads\/2017\/05\/WEB_2017_ABRIL_ENSINO-W_ENSINO-002.JPG\" width=\"570\" height=\"428\" srcset=\"https:\/\/acs.org.br\/academy\/wp-content\/uploads\/2017\/05\/WEB_2017_ABRIL_ENSINO-W_ENSINO-002.JPG 570w, https:\/\/acs.org.br\/academy\/wp-content\/uploads\/2017\/05\/WEB_2017_ABRIL_ENSINO-W_ENSINO-002-300x225.jpg 300w\" sizes=\"(max-width: 570px) 100vw, 570px\" \/><\/p>\n<p><img loading=\"lazy\" decoding=\"async\" class=\" size-full wp-image-77366\" src=\"http:\/\/127.0.0.1\/acs\/wp-content\/uploads\/2017\/05\/WEB_2017_ABRIL_ENSINO-W_ENSINO-005.JPG\" width=\"570\" height=\"428\" srcset=\"https:\/\/acs.org.br\/academy\/wp-content\/uploads\/2017\/05\/WEB_2017_ABRIL_ENSINO-W_ENSINO-005.JPG 570w, https:\/\/acs.org.br\/academy\/wp-content\/uploads\/2017\/05\/WEB_2017_ABRIL_ENSINO-W_ENSINO-005-300x225.jpg 300w\" sizes=\"(max-width: 570px) 100vw, 570px\" \/><\/p>\n<p>\u00a0<\/p>\n<p><span style=\"text-decoration: underline;\"><span style=\"text-decoration-line: underline;\">C\u00c2MARA SETORIAL DE COM\u00c9RCIO VAREJISTA<\/span><\/span><\/p>\n<p>Elei\u00e7\u00e3o realizada dia 6 de abril, \u00e0s 11 horas. Resultado:<\/p>\n<p>Coordenador: Omar Abdul Assaf (Supermercado Pir\u00e2mide Ltda)<\/p>\n<p>Vice-coordenador: Paulo Sim\u00f5es Mirabelli (Sindicato do Com\u00e9rcio Varejista da Baixada Santista)<\/p>\n<p>Secret\u00e1rio Setorial: Humberto Emanuel Dutra (Mantiqueira Alimentos Ltda)<\/p>\n<p><img loading=\"lazy\" decoding=\"async\" class=\" size-full wp-image-77367\" src=\"http:\/\/127.0.0.1\/acs\/wp-content\/uploads\/2017\/05\/WEB_2017_ABRIL_COMERCIO-W_COMERCIO-001.JPG\" width=\"570\" height=\"428\" srcset=\"https:\/\/acs.org.br\/academy\/wp-content\/uploads\/2017\/05\/WEB_2017_ABRIL_COMERCIO-W_COMERCIO-001.JPG 570w, https:\/\/acs.org.br\/academy\/wp-content\/uploads\/2017\/05\/WEB_2017_ABRIL_COMERCIO-W_COMERCIO-001-300x225.jpg 300w\" sizes=\"(max-width: 570px) 100vw, 570px\" \/><\/p>\n<p><img loading=\"lazy\" decoding=\"async\" class=\" size-full wp-image-77368\" src=\"http:\/\/127.0.0.1\/acs\/wp-content\/uploads\/2017\/05\/WEB_2017_ABRIL_COMERCIO-W_COMERCIO-004.JPG\" width=\"570\" height=\"428\" srcset=\"https:\/\/acs.org.br\/academy\/wp-content\/uploads\/2017\/05\/WEB_2017_ABRIL_COMERCIO-W_COMERCIO-004.JPG 570w, https:\/\/acs.org.br\/academy\/wp-content\/uploads\/2017\/05\/WEB_2017_ABRIL_COMERCIO-W_COMERCIO-004-300x225.jpg 300w\" sizes=\"(max-width: 570px) 100vw, 570px\" \/><\/p>\n<div>\n<div><\/div>\n<div><img loading=\"lazy\" decoding=\"async\" class=\" size-full wp-image-77369\" src=\"http:\/\/127.0.0.1\/acs\/wp-content\/uploads\/2017\/05\/WEB_2017_ABRIL_COMERCIO-W_COMERCIO-008.JPG\" width=\"570\" height=\"428\" srcset=\"https:\/\/acs.org.br\/academy\/wp-content\/uploads\/2017\/05\/WEB_2017_ABRIL_COMERCIO-W_COMERCIO-008.JPG 570w, https:\/\/acs.org.br\/academy\/wp-content\/uploads\/2017\/05\/WEB_2017_ABRIL_COMERCIO-W_COMERCIO-008-300x225.jpg 300w\" sizes=\"(max-width: 570px) 100vw, 570px\" \/><\/div>\n<\/div>\n","protected":false},"excerpt":{"rendered":"<p>Fonte: Assessoria de imprensa ACS Confira os resultados das elei\u00e7\u00f5es do conselho de c\u00e2maras e das c\u00e2maras setoriais: \u00a0 CONSELHO DE C\u00c2MARAS SETORIAIS Elei\u00e7\u00e3o realizada dia 15 de maio, \u00e0s 16 horas. Resultado: Presidente: Mike Sealy (Stolthaven Santos Ltda) Vice-presidente: Luiz Alberto Levy Junior (D\u00ednamo Inter Agr\u00edcola Ltda) 1\u00ba Secret\u00e1ria: Silvia Teixeira Penteado (Institui\u00e7\u00e3o Superior [&hellip;]<\/p>\n","protected":false},"author":1,"featured_media":77313,"comment_status":"open","ping_status":"open","sticky":false,"template":"","format":"standard","meta":{"footnotes":""},"categories":[84],"tags":[],"_links":{"self":[{"href":"https:\/\/acs.org.br\/academy\/wp-json\/wp\/v2\/posts\/77370"}],"collection":[{"href":"https:\/\/acs.org.br\/academy\/wp-json\/wp\/v2\/posts"}],"about":[{"href":"https:\/\/acs.org.br\/academy\/wp-json\/wp\/v2\/types\/post"}],"author":[{"embeddable":true,"href":"https:\/\/acs.org.br\/academy\/wp-json\/wp\/v2\/users\/1"}],"replies":[{"embeddable":true,"href":"https:\/\/acs.org.br\/academy\/wp-json\/wp\/v2\/comments?post=77370"}],"version-history":[{"count":0,"href":"https:\/\/acs.org.br\/academy\/wp-json\/wp\/v2\/posts\/77370\/revisions"}],"wp:featuredmedia":[{"embeddable":true,"href":"https:\/\/acs.org.br\/academy\/wp-json\/wp\/v2\/media\/77313"}],"wp:attachment":[{"href":"https:\/\/acs.org.br\/academy\/wp-json\/wp\/v2\/media?parent=77370"}],"wp:term":[{"taxonomy":"category","embeddable":true,"href":"https:\/\/acs.org.br\/academy\/wp-json\/wp\/v2\/categories?post=77370"},{"taxonomy":"post_tag","embeddable":true,"href":"https:\/\/acs.org.br\/academy\/wp-json\/wp\/v2\/tags?post=77370"}],"curies":[{"name":"wp","href":"https:\/\/api.w.org\/{rel}","templated":true}]}}