{"id":77284,"date":"2017-04-03T18:23:33","date_gmt":"2017-04-03T21:23:33","guid":{"rendered":"http:\/\/127.0.0.1\/acs\/confira-as-convocacoes-para-as-eleicoes-das-camaras-setoriais-da-acs\/"},"modified":"2017-04-03T18:23:33","modified_gmt":"2017-04-03T21:23:33","slug":"confira-as-convocacoes-para-as-eleicoes-das-camaras-setoriais-da-acs","status":"publish","type":"post","link":"https:\/\/acs.org.br\/academy\/confira-as-convocacoes-para-as-eleicoes-das-camaras-setoriais-da-acs\/","title":{"rendered":"Confira as convoca\u00e7\u00f5es para as elei\u00e7\u00f5es das C\u00e2maras Setoriais da ACS"},"content":{"rendered":"<p>Confira a convoca\u00e7\u00e3o para as elei\u00e7\u00f5es das C\u00e2mara Setoriais da ACS, clicando <a href=\"http:\/\/127.0.0.1\/acs\/wp-content\/uploads\/2017\/04\/PDF_2017_ABRIL_camaras.PDF\" target=\"_blank\" rel=\"noopener\">aqui<\/a>.<\/p>\n","protected":false},"excerpt":{"rendered":"<p>Confira a convoca\u00e7\u00e3o para as elei\u00e7\u00f5es das C\u00e2mara Setoriais da ACS, clicando aqui.<\/p>\n","protected":false},"author":1,"featured_media":0,"comment_status":"open","ping_status":"open","sticky":false,"template":"","format":"standard","meta":{"footnotes":""},"categories":[84],"tags":[],"_links":{"self":[{"href":"https:\/\/acs.org.br\/academy\/wp-json\/wp\/v2\/posts\/77284"}],"collection":[{"href":"https:\/\/acs.org.br\/academy\/wp-json\/wp\/v2\/posts"}],"about":[{"href":"https:\/\/acs.org.br\/academy\/wp-json\/wp\/v2\/types\/post"}],"author":[{"embeddable":true,"href":"https:\/\/acs.org.br\/academy\/wp-json\/wp\/v2\/users\/1"}],"replies":[{"embeddable":true,"href":"https:\/\/acs.org.br\/academy\/wp-json\/wp\/v2\/comments?post=77284"}],"version-history":[{"count":0,"href":"https:\/\/acs.org.br\/academy\/wp-json\/wp\/v2\/posts\/77284\/revisions"}],"wp:attachment":[{"href":"https:\/\/acs.org.br\/academy\/wp-json\/wp\/v2\/media?parent=77284"}],"wp:term":[{"taxonomy":"category","embeddable":true,"href":"https:\/\/acs.org.br\/academy\/wp-json\/wp\/v2\/categories?post=77284"},{"taxonomy":"post_tag","embeddable":true,"href":"https:\/\/acs.org.br\/academy\/wp-json\/wp\/v2\/tags?post=77284"}],"curies":[{"name":"wp","href":"https:\/\/api.w.org\/{rel}","templated":true}]}}