{"id":77282,"date":"2017-04-03T17:41:29","date_gmt":"2017-04-03T20:41:29","guid":{"rendered":"http:\/\/127.0.0.1\/acs\/associacao-comercial-de-santos-acs-pode-firmar-parceria-com-o-porto-de-algeciras-na-espanha\/"},"modified":"2017-04-03T17:41:29","modified_gmt":"2017-04-03T20:41:29","slug":"associacao-comercial-de-santos-acs-pode-firmar-parceria-com-o-porto-de-algeciras-na-espanha","status":"publish","type":"post","link":"https:\/\/acs.org.br\/academy\/associacao-comercial-de-santos-acs-pode-firmar-parceria-com-o-porto-de-algeciras-na-espanha\/","title":{"rendered":"Associa\u00e7\u00e3o Comercial de Santos (ACS) pode firmar parceria com o Porto de Algeciras, na Espanha"},"content":{"rendered":"<p style=\"text-align: left;\" align=\"center\"><i>Possibilidade foi debatida&nbsp;durante visita \u00e0 ACS de uma comitiva de empres\u00e1rios dos setores portu\u00e1rio, naval e log\u00edstico do Sul da Espanha (Andaluzia), juntamente com a diretoria do Cecaf\u00e9<\/i><\/p>\n<p>Fonte: Assessoria de imprensa ACS&nbsp;<\/p>\n<p>Durante uma visita de empres\u00e1rios dos setores portu\u00e1rio, naval e log\u00edstico do Sul da Espanha (Andaluzia), nesta segunda-feira (3), \u00e0 Associa\u00e7\u00e3o Comercial de Santos (ACS) foi debatida a possibilidade de ser firmada uma parceria entre a casa do empres\u00e1rio (ACS) e o Porto de Algeciras, na Espanha, visando a troca permanente de informa\u00e7\u00f5es e experi\u00eancias e colabora\u00e7\u00e3o institucional.<\/p>\n<p>A possibilidade de parceria foi debatida logo ap\u00f3s o subdiretor-geral do Porto de Algeciras, Gerardo Landaluce, apresentar dados e caracter\u00edsticas do Porto espanhol.<\/p>\n<\/p>\n<p>Segundo o diretor executivo da ACS, Marcio Calves, o processo pode ser iniciado com uma troca de minuta para an\u00e1lise das respectivas diretorias e departamentos jur\u00eddicos. \u201cA representatividade da ACS \u00e9 muito grande nos mais variados setores e um dos principais objetivo da nossa institui\u00e7\u00e3o \u00e9 fomentar novos neg\u00f3cios\u201d.<\/p>\n<p><img loading=\"lazy\" decoding=\"async\" class=\" size-full wp-image-77276\" src=\"http:\/\/127.0.0.1\/acs\/wp-content\/uploads\/2017\/04\/WEB_2017_ABRIL_ESPANHA-W_ESPANHA-021.JPG\" width=\"570\" height=\"432\" srcset=\"https:\/\/acs.org.br\/academy\/wp-content\/uploads\/2017\/04\/WEB_2017_ABRIL_ESPANHA-W_ESPANHA-021.JPG 570w, https:\/\/acs.org.br\/academy\/wp-content\/uploads\/2017\/04\/WEB_2017_ABRIL_ESPANHA-W_ESPANHA-021-300x227.jpg 300w\" sizes=\"(max-width: 570px) 100vw, 570px\" \/><\/p>\n<p><img loading=\"lazy\" decoding=\"async\" class=\" size-full wp-image-77277\" src=\"http:\/\/127.0.0.1\/acs\/wp-content\/uploads\/2017\/04\/WEB_2017_ABRIL_ESPANHA-W_ESPANHA-015.JPG\" width=\"570\" height=\"428\" srcset=\"https:\/\/acs.org.br\/academy\/wp-content\/uploads\/2017\/04\/WEB_2017_ABRIL_ESPANHA-W_ESPANHA-015.JPG 570w, https:\/\/acs.org.br\/academy\/wp-content\/uploads\/2017\/04\/WEB_2017_ABRIL_ESPANHA-W_ESPANHA-015-300x225.jpg 300w\" sizes=\"(max-width: 570px) 100vw, 570px\" \/><\/p>\n<p>A resposta de Landaluce foi positiva. \u201cSeria muito interessante firmar esse tipo de acordo\u201d.<\/p>\n<p>Em sua apresenta\u00e7\u00e3o, o representante do Porto Espanhol mostrou dados como, por exemplo, a movimenta\u00e7\u00e3o de cargas em 2016, que foi de 102,8 milh\u00f5es de toneladas. \u201cPor isso somos o primeiro porto do sul da Europa e do mediterr\u00e2neo em tr\u00e1fego\u201d.<\/p>\n<p><b><span style=\"text-decoration: underline;\"> <\/span><\/b><\/p>\n<p><img loading=\"lazy\" decoding=\"async\" class=\" size-full wp-image-77278\" src=\"http:\/\/127.0.0.1\/acs\/wp-content\/uploads\/2017\/04\/WEB_2017_ABRIL_ESPANHA-W_ESPANHA-090.JPG\" width=\"570\" height=\"413\" srcset=\"https:\/\/acs.org.br\/academy\/wp-content\/uploads\/2017\/04\/WEB_2017_ABRIL_ESPANHA-W_ESPANHA-090.JPG 570w, https:\/\/acs.org.br\/academy\/wp-content\/uploads\/2017\/04\/WEB_2017_ABRIL_ESPANHA-W_ESPANHA-090-300x217.jpg 300w\" sizes=\"(max-width: 570px) 100vw, 570px\" \/><\/p>\n<p><b><span style=\"text-decoration: underline;\">Sobre a visita<\/span><\/b><\/p>\n<p>A pedido da chamada <em>Oficina de Promoci\u00f3n de Negocios Extenda en Brasil<\/em>, a diretoria do Conselho de Exportadores de Caf\u00e9 do Brasil (Cecaf\u00e9) recebeu os empres\u00e1rios espanh\u00f3is, para que eles apresentassem aos exportadores brasileiros, em especial de caf\u00e9, as ofertas do setor log\u00edstico-portu\u00e1rio da regi\u00e3o e para que eles conhecessem tamb\u00e9m a demanda dos exportadores brasileiros, em especial de caf\u00e9, para prospec\u00e7\u00e3o de neg\u00f3cios futuros.<\/p>\n<p>Considerando que a Espanha est\u00e1 entre os 10 principais mercados de destino dos caf\u00e9s brasileiros, o Cecaf\u00e9 organizou tamb\u00e9m a visita \u00e0 Associa\u00e7\u00e3o Comercial de Santos, para estreitar rela\u00e7\u00f5es entre as entidades envolvidas.<\/p>\n<p>Durante a reuni\u00e3o, o diretor-geral do Cecaf\u00e9, Marcos Matos, falou sobre o Conselho, que representa 96% de todo caf\u00e9 exportado no Brasil para mais de 50 pa\u00edses.<\/p>\n<p><img loading=\"lazy\" decoding=\"async\" class=\" size-full wp-image-77279\" src=\"http:\/\/127.0.0.1\/acs\/wp-content\/uploads\/2017\/04\/WEB_2017_ABRIL_ESPANHA-W_ESPANHA-033.JPG\" width=\"571\" height=\"398\" srcset=\"https:\/\/acs.org.br\/academy\/wp-content\/uploads\/2017\/04\/WEB_2017_ABRIL_ESPANHA-W_ESPANHA-033.JPG 571w, https:\/\/acs.org.br\/academy\/wp-content\/uploads\/2017\/04\/WEB_2017_ABRIL_ESPANHA-W_ESPANHA-033-300x209.jpg 300w\" sizes=\"(max-width: 571px) 100vw, 571px\" \/><\/p>\n<p><img loading=\"lazy\" decoding=\"async\" class=\" size-full wp-image-77280\" src=\"http:\/\/127.0.0.1\/acs\/wp-content\/uploads\/2017\/04\/WEB_2017_ABRIL_ESPANHA-W_ESPANHA-010.JPG\" width=\"570\" height=\"428\" srcset=\"https:\/\/acs.org.br\/academy\/wp-content\/uploads\/2017\/04\/WEB_2017_ABRIL_ESPANHA-W_ESPANHA-010.JPG 570w, https:\/\/acs.org.br\/academy\/wp-content\/uploads\/2017\/04\/WEB_2017_ABRIL_ESPANHA-W_ESPANHA-010-300x225.jpg 300w\" sizes=\"(max-width: 570px) 100vw, 570px\" \/><\/p>\n<p>\u201cAtuamos com foco nos assuntos do caf\u00e9: infraestrutura, assuntos jur\u00eddicos e tribut\u00e1rios e muito fortemente em sustentabilidade, tend\u00eancias de mercado e estat\u00edsticas\u201d.<\/p>\n<p>J\u00e1 o diretor-t\u00e9cnico do Cecaf\u00e9, Eduardo Heron, em sua fala, ressaltou a import\u00e2ncia da Espanha para o mercado de caf\u00e9 brasileiro. \u201cTemos 67 empresas que exportam para a Espanha\u201d.<\/p>\n<p><img loading=\"lazy\" decoding=\"async\" class=\" size-full wp-image-77281\" src=\"http:\/\/127.0.0.1\/acs\/wp-content\/uploads\/2017\/04\/WEB_2017_ABRIL_ESPANHA-W_ESPANHA-046.JPG\" width=\"570\" height=\"428\" srcset=\"https:\/\/acs.org.br\/academy\/wp-content\/uploads\/2017\/04\/WEB_2017_ABRIL_ESPANHA-W_ESPANHA-046.JPG 570w, https:\/\/acs.org.br\/academy\/wp-content\/uploads\/2017\/04\/WEB_2017_ABRIL_ESPANHA-W_ESPANHA-046-300x225.jpg 300w\" sizes=\"(max-width: 570px) 100vw, 570px\" \/>&nbsp;<\/p>\n","protected":false},"excerpt":{"rendered":"<p>Possibilidade foi debatida&nbsp;durante visita \u00e0 ACS de uma comitiva de empres\u00e1rios dos setores portu\u00e1rio, naval e log\u00edstico do Sul da Espanha (Andaluzia), juntamente com a diretoria do Cecaf\u00e9 Fonte: Assessoria de imprensa ACS&nbsp; Durante uma visita de empres\u00e1rios dos setores portu\u00e1rio, naval e log\u00edstico do Sul da Espanha (Andaluzia), nesta segunda-feira (3), \u00e0 Associa\u00e7\u00e3o Comercial [&hellip;]<\/p>\n","protected":false},"author":1,"featured_media":77275,"comment_status":"open","ping_status":"open","sticky":false,"template":"","format":"standard","meta":{"footnotes":""},"categories":[84],"tags":[],"_links":{"self":[{"href":"https:\/\/acs.org.br\/academy\/wp-json\/wp\/v2\/posts\/77282"}],"collection":[{"href":"https:\/\/acs.org.br\/academy\/wp-json\/wp\/v2\/posts"}],"about":[{"href":"https:\/\/acs.org.br\/academy\/wp-json\/wp\/v2\/types\/post"}],"author":[{"embeddable":true,"href":"https:\/\/acs.org.br\/academy\/wp-json\/wp\/v2\/users\/1"}],"replies":[{"embeddable":true,"href":"https:\/\/acs.org.br\/academy\/wp-json\/wp\/v2\/comments?post=77282"}],"version-history":[{"count":0,"href":"https:\/\/acs.org.br\/academy\/wp-json\/wp\/v2\/posts\/77282\/revisions"}],"wp:featuredmedia":[{"embeddable":true,"href":"https:\/\/acs.org.br\/academy\/wp-json\/wp\/v2\/media\/77275"}],"wp:attachment":[{"href":"https:\/\/acs.org.br\/academy\/wp-json\/wp\/v2\/media?parent=77282"}],"wp:term":[{"taxonomy":"category","embeddable":true,"href":"https:\/\/acs.org.br\/academy\/wp-json\/wp\/v2\/categories?post=77282"},{"taxonomy":"post_tag","embeddable":true,"href":"https:\/\/acs.org.br\/academy\/wp-json\/wp\/v2\/tags?post=77282"}],"curies":[{"name":"wp","href":"https:\/\/api.w.org\/{rel}","templated":true}]}}