{"id":77269,"date":"2017-04-03T16:40:05","date_gmt":"2017-04-03T19:40:05","guid":{"rendered":"http:\/\/127.0.0.1\/acs\/reuniao-na-acs-comite-de-transparencia-de-santos-prepara-minuta-para-elaboracao-do-decreto-de-compliance-governanca-da-cidade\/"},"modified":"2017-04-03T16:40:05","modified_gmt":"2017-04-03T19:40:05","slug":"reuniao-na-acs-comite-de-transparencia-de-santos-prepara-minuta-para-elaboracao-do-decreto-de-compliance-governanca-da-cidade","status":"publish","type":"post","link":"https:\/\/acs.org.br\/academy\/reuniao-na-acs-comite-de-transparencia-de-santos-prepara-minuta-para-elaboracao-do-decreto-de-compliance-governanca-da-cidade\/","title":{"rendered":"Reuni\u00e3o na ACS &#8211; Comit\u00ea de Transpar\u00eancia de Santos prepara minuta para elabora\u00e7\u00e3o do  decreto de compliance (governan\u00e7a) da Cidade"},"content":{"rendered":"<p style=\"text-align: left;\" align=\"center\">Fonte: Assessoria de imprensa ACS<\/p>\n<p>O Comit\u00ea Municipal de Transpar\u00eancia Institucional, Fiscaliza\u00e7\u00e3o Administrativa e Controle Social de Santos, grupo do qual a Associa\u00e7\u00e3o Comercial de Santos \u00e9 integrante, est\u00e1 preparando uma minuta para a elabora\u00e7\u00e3o do decreto de <i>compliance<\/i> (governan\u00e7a) do Munic\u00edpio. Uma pr\u00e9-minuta foi debatida durante reuni\u00e3o do grupo, realizada nesta segunda-feira (3) na Associa\u00e7\u00e3o Comercial de Santos (ACS) e ser\u00e1 encaminhada aos integrantes do comit\u00ea, para que todos d\u00eaem suas sugest\u00f5es e concluam o documento, que ser\u00e1 encaminhado para aprova\u00e7\u00e3o do Prefeito de Santos, Paulo Alexandre Barbosa.<\/p>\n<p>&nbsp;<\/p>\n<p>Estiveram presentes no encontro representantes da administra\u00e7\u00e3o municipal, da Associa\u00e7\u00e3o dos Contabilistas de Santos, Ordem dos Advogados do Brasil (OAB), do Sindicato das Empresas de Servi\u00e7os Cont\u00e1beis e das Empresas de Assoreamento, Per\u00edcias, Informa\u00e7\u00f5es e Pesquisas da Baixada Santista (Sescon) e tamb\u00e9m o diretor-executivo da ACS, Marcio Calves, representando a institui\u00e7\u00e3o.<\/p>\n<p><img loading=\"lazy\" decoding=\"async\" class=\" size-full wp-image-77266\" src=\"http:\/\/127.0.0.1\/acs\/wp-content\/uploads\/2017\/04\/WEB_2017_ABRIL_COMITE-W_COMITE-013.JPG\" width=\"570\" height=\"428\" srcset=\"https:\/\/acs.org.br\/academy\/wp-content\/uploads\/2017\/04\/WEB_2017_ABRIL_COMITE-W_COMITE-013.JPG 570w, https:\/\/acs.org.br\/academy\/wp-content\/uploads\/2017\/04\/WEB_2017_ABRIL_COMITE-W_COMITE-013-300x225.jpg 300w\" sizes=\"(max-width: 570px) 100vw, 570px\" \/><\/p>\n<p><img loading=\"lazy\" decoding=\"async\" class=\" size-full wp-image-77267\" src=\"http:\/\/127.0.0.1\/acs\/wp-content\/uploads\/2017\/04\/WEB_2017_ABRIL_COMITE-W_COMITE-015.JPG\" width=\"570\" height=\"428\" srcset=\"https:\/\/acs.org.br\/academy\/wp-content\/uploads\/2017\/04\/WEB_2017_ABRIL_COMITE-W_COMITE-015.JPG 570w, https:\/\/acs.org.br\/academy\/wp-content\/uploads\/2017\/04\/WEB_2017_ABRIL_COMITE-W_COMITE-015-300x225.jpg 300w\" sizes=\"(max-width: 570px) 100vw, 570px\" \/><\/p>\n<p>O presidente do Comit\u00ea, o promotor de justi\u00e7a aposentado Oct\u00e1vio Borba de Vasconcellos Filho, explicou que a pr\u00e9-minuta foi elaborada de acordo com as regras do Conselho Nacional de Controle Interno (Conaci).<\/p>\n<p>\u201c\u00c9 importante que tenhamos no munic\u00edpio um decreto de <i>compliance<\/i>, que \u00e9 um sistema de comprometimento que as empresas privadas e \u00f3rg\u00e3os p\u00fablicos criam, para que tomem suas atitudes de forma \u00e9tica. Na pr\u00f3xima reuni\u00e3o, cada um apresentar\u00e1 sua sugest\u00e3o para elabora\u00e7\u00e3o de uma minuta mais consistente e encaminharemos o documento para o prefeito assinar e regulamentar a nossa situa\u00e7\u00e3o\u201d.<\/p>\n<p><img loading=\"lazy\" decoding=\"async\" class=\" size-full wp-image-77268\" src=\"http:\/\/127.0.0.1\/acs\/wp-content\/uploads\/2017\/04\/WEB_2017_ABRIL_COMITE-W_COMITE-006.JPG\" width=\"570\" height=\"398\" srcset=\"https:\/\/acs.org.br\/academy\/wp-content\/uploads\/2017\/04\/WEB_2017_ABRIL_COMITE-W_COMITE-006.JPG 570w, https:\/\/acs.org.br\/academy\/wp-content\/uploads\/2017\/04\/WEB_2017_ABRIL_COMITE-W_COMITE-006-300x209.jpg 300w\" sizes=\"(max-width: 570px) 100vw, 570px\" \/>&nbsp;<\/p>\n<p>Tamb\u00e9m foi definido na reuni\u00e3o que ser\u00e1 encaminhada \u00e0 Companhia de Habita\u00e7\u00e3o da Baixada Santista (Cohab) uma solicita\u00e7\u00e3o para que sejam disponibilizadas em seu site informa\u00e7\u00f5es referentes ao quadro de funcion\u00e1rios e seus respectivos sal\u00e1rios, como prev\u00ea a legisla\u00e7\u00e3o em vigor.<\/p>\n<p><b>Sobre o comit\u00ea<\/b><\/p>\n<p>Em junho de 2016 foi institu\u00eddo o Comit\u00ea Municipal de Transpar\u00eancia Institucional, Fiscaliza\u00e7\u00e3o Administrativa e Controle Social de Santos, por meio do decreto n\u00ba 7.474, que criou o grupo de assessoramento, e da portaria n\u00ba 93, que nomeou os seus membros.<\/p>\n<p>Entre as atribui\u00e7\u00f5es do comit\u00ea est\u00e3o: opinar sobre as diretrizes de fiscaliza\u00e7\u00e3o do Poder Executivo e contribuir para formula\u00e7\u00e3o das pol\u00edticas de transpar\u00eancia e de fomento ao controle social, bem como de preven\u00e7\u00e3o e combate \u00e0 corrup\u00e7\u00e3o; monitorar a execu\u00e7\u00e3o de metas relativas \u00e0 transpar\u00eancia institucional, \u00e0 fiscaliza\u00e7\u00e3o administrativa e ao controle social no programa de Participa\u00e7\u00e3o Direta nos Resultados (PDR), propondo indicadores de avalia\u00e7\u00e3o; monitorar as delibera\u00e7\u00f5es da Confer\u00eancia Nacional de Transpar\u00eancia e Controle Social (Consocial); zelar pelo acesso dos cidad\u00e3os a dados e informa\u00e7\u00f5es de interesse p\u00fablico, informando \u00e0s autoridades respons\u00e1veis sobre eventual descumprimento desse direito; e propor articula\u00e7\u00f5es com os conselhos de pol\u00edticas p\u00fablicas e outros espa\u00e7os de participa\u00e7\u00e3o e controle social.<\/p>\n<p>A pr\u00f3xima reuni\u00e3o est\u00e1 prevista para o dia 8 de maio, \u00e0s 10 horas, na Prefeitura de Santos.<\/p>\n<p>\u00a0<\/p>\n","protected":false},"excerpt":{"rendered":"<p>Fonte: Assessoria de imprensa ACS O Comit\u00ea Municipal de Transpar\u00eancia Institucional, Fiscaliza\u00e7\u00e3o Administrativa e Controle Social de Santos, grupo do qual a Associa\u00e7\u00e3o Comercial de Santos \u00e9 integrante, est\u00e1 preparando uma minuta para a elabora\u00e7\u00e3o do decreto de compliance (governan\u00e7a) do Munic\u00edpio. Uma pr\u00e9-minuta foi debatida durante reuni\u00e3o do grupo, realizada nesta segunda-feira (3) na [&hellip;]<\/p>\n","protected":false},"author":1,"featured_media":77265,"comment_status":"open","ping_status":"open","sticky":false,"template":"","format":"standard","meta":{"footnotes":""},"categories":[84],"tags":[],"_links":{"self":[{"href":"https:\/\/acs.org.br\/academy\/wp-json\/wp\/v2\/posts\/77269"}],"collection":[{"href":"https:\/\/acs.org.br\/academy\/wp-json\/wp\/v2\/posts"}],"about":[{"href":"https:\/\/acs.org.br\/academy\/wp-json\/wp\/v2\/types\/post"}],"author":[{"embeddable":true,"href":"https:\/\/acs.org.br\/academy\/wp-json\/wp\/v2\/users\/1"}],"replies":[{"embeddable":true,"href":"https:\/\/acs.org.br\/academy\/wp-json\/wp\/v2\/comments?post=77269"}],"version-history":[{"count":0,"href":"https:\/\/acs.org.br\/academy\/wp-json\/wp\/v2\/posts\/77269\/revisions"}],"wp:featuredmedia":[{"embeddable":true,"href":"https:\/\/acs.org.br\/academy\/wp-json\/wp\/v2\/media\/77265"}],"wp:attachment":[{"href":"https:\/\/acs.org.br\/academy\/wp-json\/wp\/v2\/media?parent=77269"}],"wp:term":[{"taxonomy":"category","embeddable":true,"href":"https:\/\/acs.org.br\/academy\/wp-json\/wp\/v2\/categories?post=77269"},{"taxonomy":"post_tag","embeddable":true,"href":"https:\/\/acs.org.br\/academy\/wp-json\/wp\/v2\/tags?post=77269"}],"curies":[{"name":"wp","href":"https:\/\/api.w.org\/{rel}","templated":true}]}}