{"id":77251,"date":"2017-03-31T11:03:06","date_gmt":"2017-03-31T14:03:06","guid":{"rendered":"http:\/\/127.0.0.1\/acs\/15-alunos-se-formam-no-63o-curso-de-classificacao-e-degustacao-de-cafe-da-acs\/"},"modified":"2017-03-31T11:03:06","modified_gmt":"2017-03-31T14:03:06","slug":"15-alunos-se-formam-no-63o-curso-de-classificacao-e-degustacao-de-cafe-da-acs","status":"publish","type":"post","link":"https:\/\/acs.org.br\/academy\/15-alunos-se-formam-no-63o-curso-de-classificacao-e-degustacao-de-cafe-da-acs\/","title":{"rendered":"15 alunos se formam no 63\u00ba Curso de Classifica\u00e7\u00e3o e Degusta\u00e7\u00e3o de Caf\u00e9 da ACS"},"content":{"rendered":"<p align=\"center\" style=\"text-align: left;\">Fonte: Assessoria de imprensa ACS<\/p>\n<p>Os 15 alunos que participaram do 63\u00ba Curso de Classifica\u00e7\u00e3o e Degusta\u00e7\u00e3o de Caf\u00e9 da Associa\u00e7\u00e3o Comercial e Santos (ACS) se formaram nesta quinta-feira (30). Eles receberam os diplomas das m\u00e3os dos padrinhos, escolhidos por eles, durante a cerim\u00f4nia.<\/p>\n<\/p>\n<p><img loading=\"lazy\" decoding=\"async\" class=\" size-full wp-image-76767\" src=\"http:\/\/127.0.0.1\/acs\/wp-content\/uploads\/2017\/03\/WEB_2017_MARCO_CURSO-FORMATURA-W_CURSO-FORMATURA-009.JPG\" width=\"570\" height=\"428\" srcset=\"https:\/\/acs.org.br\/academy\/wp-content\/uploads\/2017\/03\/WEB_2017_MARCO_CURSO-FORMATURA-W_CURSO-FORMATURA-009.JPG 570w, https:\/\/acs.org.br\/academy\/wp-content\/uploads\/2017\/03\/WEB_2017_MARCO_CURSO-FORMATURA-W_CURSO-FORMATURA-009-300x225.jpg 300w\" sizes=\"(max-width: 570px) 100vw, 570px\" \/><\/p>\n<p><img loading=\"lazy\" decoding=\"async\" class=\" size-full wp-image-76769\" src=\"http:\/\/127.0.0.1\/acs\/wp-content\/uploads\/2017\/03\/WEB_2017_MARCO_CURSO-FORMATURA-W_CURSO-FORMATURA-018.JPG\" width=\"570\" height=\"428\" srcset=\"https:\/\/acs.org.br\/academy\/wp-content\/uploads\/2017\/03\/WEB_2017_MARCO_CURSO-FORMATURA-W_CURSO-FORMATURA-018.JPG 570w, https:\/\/acs.org.br\/academy\/wp-content\/uploads\/2017\/03\/WEB_2017_MARCO_CURSO-FORMATURA-W_CURSO-FORMATURA-018-300x225.jpg 300w\" sizes=\"(max-width: 570px) 100vw, 570px\" \/><\/p>\n<p>A formatura foi realizada \u00e0s 17h30 no Audit\u00f3rio da Associa\u00e7\u00e3o (Rua XV de Novembro, 137, Centro de Santos), no 1.\u00ba andar, e contou com a participa\u00e7\u00e3o do integrante da diretoria da ACS, Moacir Soares. Estiveram presentes tamb\u00e9m o classificador de caf\u00e9 da Associa\u00e7\u00e3o, Onivaldo Ruas, o Geleia, e um dos palestrantes do curso, Alexandre Ferraz, da Stockler. A supervis\u00e3o da grade \u00e9 feita pelo presidente da ACS, Roberto Clemente Santini, e pela coordenadora da C\u00e2mara Setorial de Exportadores de Caf\u00e9 da ACS, Evelyse Lopes.<\/p>\n<p><img loading=\"lazy\" decoding=\"async\" class=\" size-full wp-image-76768\" src=\"http:\/\/127.0.0.1\/acs\/wp-content\/uploads\/2017\/03\/WEB_2017_MARCO_CURSO-FORMATURA-W_CURSO-FORMATURA-016.JPG\" width=\"570\" height=\"428\" srcset=\"https:\/\/acs.org.br\/academy\/wp-content\/uploads\/2017\/03\/WEB_2017_MARCO_CURSO-FORMATURA-W_CURSO-FORMATURA-016.JPG 570w, https:\/\/acs.org.br\/academy\/wp-content\/uploads\/2017\/03\/WEB_2017_MARCO_CURSO-FORMATURA-W_CURSO-FORMATURA-016-300x225.jpg 300w\" sizes=\"(max-width: 570px) 100vw, 570px\" \/><\/p>\n<p>\u00a0<\/p>\n<p>Moacir Soares desejou sucesso \u00e0 turma. \u201cEsse curso s\u00f3 o in\u00edcio. Para a nossa profiss\u00e3o, de classificador de caf\u00e9, temos sempre que nos aperfei\u00e7oar, sempre procurar aprender novas coisas, porque cada dia \u00e9 diferente do outro. N\u00e3o \u00e9 s\u00f3 uma safra que \u00e9 diferente da outra, cada dia voc\u00ea aprende mais. Muito sucesso, voc\u00eas agora fazem parte da Associa\u00e7\u00e3o Comercial de Santos\u201d.<\/p>\n<p><img loading=\"lazy\" decoding=\"async\" class=\" size-full wp-image-76765\" src=\"http:\/\/127.0.0.1\/acs\/wp-content\/uploads\/2017\/03\/WEB_2017_MARCO_CURSO-FORMATURA-W_CURSO-FORMATURA-002.JPG\" width=\"570\" height=\"416\" srcset=\"https:\/\/acs.org.br\/academy\/wp-content\/uploads\/2017\/03\/WEB_2017_MARCO_CURSO-FORMATURA-W_CURSO-FORMATURA-002.JPG 570w, https:\/\/acs.org.br\/academy\/wp-content\/uploads\/2017\/03\/WEB_2017_MARCO_CURSO-FORMATURA-W_CURSO-FORMATURA-002-300x219.jpg 300w\" sizes=\"(max-width: 570px) 100vw, 570px\" \/>&nbsp;<\/p>\n<p>O professor Nilton Ribeiro parabenizou o empenho dos alunos e falou o quanto eles foram especiais. \u201cFica uma tristeza em saber que n\u00e3o vou poder mais v\u00ea-los todas as manh\u00e3s. Desejo que este curso possa ajud\u00e1-los a concretizar sonhos e desejos em seus locais de trabalho. Obrigado\u201d.<\/p>\n<p><img loading=\"lazy\" decoding=\"async\" class=\" size-full wp-image-76766\" src=\"http:\/\/127.0.0.1\/acs\/wp-content\/uploads\/2017\/03\/WEB_2017_MARCO_CURSO-FORMATURA-W_CURSO-FORMATURA-007.JPG\" width=\"570\" height=\"406\" srcset=\"https:\/\/acs.org.br\/academy\/wp-content\/uploads\/2017\/03\/WEB_2017_MARCO_CURSO-FORMATURA-W_CURSO-FORMATURA-007.JPG 570w, https:\/\/acs.org.br\/academy\/wp-content\/uploads\/2017\/03\/WEB_2017_MARCO_CURSO-FORMATURA-W_CURSO-FORMATURA-007-300x214.jpg 300w\" sizes=\"(max-width: 570px) 100vw, 570px\" \/>&nbsp;<\/p>\n<p>O orador da turma, Eduardo Pereira, ressaltou a qualidade do curso que, segundo ele, surpreendeu a todos. \u201cA disponibilidade que tiveram conosco, nos levaram para visitar um armaz\u00e9m de caf\u00e9 e o Instituto Agron\u00f4mico de Campinas (IAC), foi incr\u00edvel. Foi uma surpresa\u201d.<\/p>\n<p><img loading=\"lazy\" decoding=\"async\" class=\" size-full wp-image-76771\" src=\"http:\/\/127.0.0.1\/acs\/wp-content\/uploads\/2017\/03\/WEB_2017_MARCO_CURSO-FORMATURA-W_CURSO-FORMATURA-027.JPG\" width=\"570\" height=\"428\" srcset=\"https:\/\/acs.org.br\/academy\/wp-content\/uploads\/2017\/03\/WEB_2017_MARCO_CURSO-FORMATURA-W_CURSO-FORMATURA-027.JPG 570w, https:\/\/acs.org.br\/academy\/wp-content\/uploads\/2017\/03\/WEB_2017_MARCO_CURSO-FORMATURA-W_CURSO-FORMATURA-027-300x225.jpg 300w\" sizes=\"(max-width: 570px) 100vw, 570px\" \/>&nbsp;<\/p>\n<p>Ap\u00f3s a cerim\u00f4nia de formatura, todos foram convidados para um coquetel de encerramento, oferecido pela ACS.<\/p>\n<p><b>Hist\u00f3ria do curso<\/b><\/p>\n<p><b> <\/b><\/p>\n<p>O tradicional Curso de Classifica\u00e7\u00e3o e Degusta\u00e7\u00e3o de Caf\u00e9 da Associa\u00e7\u00e3o Comercial de Santos teve in\u00edcio em 1989, com o objetivo de capacitar os alunos a identificar as caracter\u00edsticas do produto, atender \u00e0s exig\u00eancias do mercado e criar oportunidades de neg\u00f3cios.<\/p>\n<p>Al\u00e9m de despertar o interesse de profissionais do mercado cafeeiro do Brasil, o curso da ACS \u00e9 reconhecido tamb\u00e9m pelos principais pa\u00edses consumidores. No m\u00eas de julho de cada ano, japoneses que atuam em empresas relacionadas \u00e0 ind\u00fastria do caf\u00e9 v\u00eam a Santos especialmente para o curso da Associa\u00e7\u00e3o Comercial.<\/p>\n<p>S\u00e3o duas horas di\u00e1rias durante quatro semanas de aprendizagem te\u00f3rica e pr\u00e1tica sobre a hist\u00f3ria do caf\u00e9, produ\u00e7\u00e3o, armazenagem, aspectos econ\u00f4micos nacionais e internacionais, legisla\u00e7\u00e3o, tecnologia, fiscaliza\u00e7\u00e3o, identifica\u00e7\u00e3o de gr\u00e3os, prova de bebida e desenvolvimento de blends (misturas) de caf\u00e9s.<\/p>\n<p>Para participar do curso \u00e9 necess\u00e1rio ter 18 anos de idade, c\u00f3pia do diploma ou certificado de conclus\u00e3o do Ensino M\u00e9dio ou equivalente, atestado de sanidade bucal emitido por profissional habilitado e c\u00f3pia da carteira de identidade (RG) ou passaporte.<\/p>\n<p>Ao final, os alunos com frequ\u00eancia m\u00ednima de 80% e com bom desempenho nas aulas recebem certificado e carteira de classificador.<\/p>\n<p>O curso de caf\u00e9 da ACS \u00e9 supervisionado pelo presidente da Associa\u00e7\u00e3o Comercial de Santos, Roberto Clemente Santini, e pela coordenadora da C\u00e2mara Setorial de Exportadores de Caf\u00e9 da ACS, Evelyse Lopes.<\/p>\n<p>Mais informa\u00e7\u00f5es podem ser obtidas na Associa\u00e7\u00e3o Comercial de Santos, pelo telefone (13) 3212-8200, ramal 220, e-mail: <a href=\"mailto:acs@acs.org.br\">acs@acs.org.br<\/a><\/p>\n","protected":false},"excerpt":{"rendered":"<p>Fonte: Assessoria de imprensa ACS Os 15 alunos que participaram do 63\u00ba Curso de Classifica\u00e7\u00e3o e Degusta\u00e7\u00e3o de Caf\u00e9 da Associa\u00e7\u00e3o Comercial e Santos (ACS) se formaram nesta quinta-feira (30). Eles receberam os diplomas das m\u00e3os dos padrinhos, escolhidos por eles, durante a cerim\u00f4nia. A formatura foi realizada \u00e0s 17h30 no Audit\u00f3rio da Associa\u00e7\u00e3o (Rua [&hellip;]<\/p>\n","protected":false},"author":1,"featured_media":76803,"comment_status":"open","ping_status":"open","sticky":false,"template":"","format":"standard","meta":{"footnotes":""},"categories":[84],"tags":[],"_links":{"self":[{"href":"https:\/\/acs.org.br\/academy\/wp-json\/wp\/v2\/posts\/77251"}],"collection":[{"href":"https:\/\/acs.org.br\/academy\/wp-json\/wp\/v2\/posts"}],"about":[{"href":"https:\/\/acs.org.br\/academy\/wp-json\/wp\/v2\/types\/post"}],"author":[{"embeddable":true,"href":"https:\/\/acs.org.br\/academy\/wp-json\/wp\/v2\/users\/1"}],"replies":[{"embeddable":true,"href":"https:\/\/acs.org.br\/academy\/wp-json\/wp\/v2\/comments?post=77251"}],"version-history":[{"count":0,"href":"https:\/\/acs.org.br\/academy\/wp-json\/wp\/v2\/posts\/77251\/revisions"}],"wp:featuredmedia":[{"embeddable":true,"href":"https:\/\/acs.org.br\/academy\/wp-json\/wp\/v2\/media\/76803"}],"wp:attachment":[{"href":"https:\/\/acs.org.br\/academy\/wp-json\/wp\/v2\/media?parent=77251"}],"wp:term":[{"taxonomy":"category","embeddable":true,"href":"https:\/\/acs.org.br\/academy\/wp-json\/wp\/v2\/categories?post=77251"},{"taxonomy":"post_tag","embeddable":true,"href":"https:\/\/acs.org.br\/academy\/wp-json\/wp\/v2\/tags?post=77251"}],"curies":[{"name":"wp","href":"https:\/\/api.w.org\/{rel}","templated":true}]}}