{"id":77225,"date":"2017-03-29T15:50:03","date_gmt":"2017-03-29T18:50:03","guid":{"rendered":"http:\/\/127.0.0.1\/acs\/presidente-da-acs-fala-sobre-as-principais-acoes-da-instituicao-durante-almoco-do-rotary-club-de-santos\/"},"modified":"2017-03-29T15:50:03","modified_gmt":"2017-03-29T18:50:03","slug":"presidente-da-acs-fala-sobre-as-principais-acoes-da-instituicao-durante-almoco-do-rotary-club-de-santos","status":"publish","type":"post","link":"https:\/\/acs.org.br\/academy\/presidente-da-acs-fala-sobre-as-principais-acoes-da-instituicao-durante-almoco-do-rotary-club-de-santos\/","title":{"rendered":"Presidente da ACS fala sobre as principais a\u00e7\u00f5es da Institui\u00e7\u00e3o durante almo\u00e7o do Rotary Club de Santos"},"content":{"rendered":"<p align=\"center\" style=\"text-align: left;\">Fonte: Assessoria de imprensa ACS&nbsp;<\/p>\n<p>Os rotarianos de Santos conheceram nesta quarta-feira (29) um pouco mais sobre a hist\u00f3ria e sobre as principais a\u00e7\u00f5es da Associa\u00e7\u00e3o Comercial de Santos (ACS), ap\u00f3s palestra ministrada pelo presidente da Institui\u00e7\u00e3o, Roberto Clemente Santini. Ele e o diretor-executivo da ACS, Marcio Calves, foram convidados para o almo\u00e7o-reuni\u00e3o do Programa do Rotary Club de Santos, realizado no Restaurante Le Coq D\u00b4OR, no Mendes Plaza Hotel.<\/p>\n<\/p>\n<p><img loading=\"lazy\" decoding=\"async\" class=\" size-full wp-image-77214\" src=\"http:\/\/127.0.0.1\/acs\/wp-content\/uploads\/2017\/03\/WEB_2017_MARCO_ROTARY-W_ROTARY_0145.jpg\" width=\"570\" height=\"453\" srcset=\"https:\/\/acs.org.br\/academy\/wp-content\/uploads\/2017\/03\/WEB_2017_MARCO_ROTARY-W_ROTARY_0145.jpg 570w, https:\/\/acs.org.br\/academy\/wp-content\/uploads\/2017\/03\/WEB_2017_MARCO_ROTARY-W_ROTARY_0145-300x238.jpg 300w\" sizes=\"(max-width: 570px) 100vw, 570px\" \/><\/p>\n<p><img loading=\"lazy\" decoding=\"async\" class=\" size-full wp-image-77215\" src=\"http:\/\/127.0.0.1\/acs\/wp-content\/uploads\/2017\/03\/WEB_2017_MARCO_ROTARY-W_ROTARY_0009.jpg\" width=\"570\" height=\"439\" srcset=\"https:\/\/acs.org.br\/academy\/wp-content\/uploads\/2017\/03\/WEB_2017_MARCO_ROTARY-W_ROTARY_0009.jpg 570w, https:\/\/acs.org.br\/academy\/wp-content\/uploads\/2017\/03\/WEB_2017_MARCO_ROTARY-W_ROTARY_0009-300x231.jpg 300w\" sizes=\"(max-width: 570px) 100vw, 570px\" \/><\/p>\n<p>Estiveram presentes tamb\u00e9m os integrantes da diretoria e do conselho fiscal da ACS: Edison Monteiro, Gustavo Pierotti, V\u00edtor de Souza e Omar Abdul Assaf.<\/p>\n<p><img loading=\"lazy\" decoding=\"async\" class=\" size-full wp-image-77216\" src=\"http:\/\/127.0.0.1\/acs\/wp-content\/uploads\/2017\/03\/WEB_2017_MARCO_ROTARY-W_ROTARY_0034.jpg\" width=\"570\" height=\"468\" srcset=\"https:\/\/acs.org.br\/academy\/wp-content\/uploads\/2017\/03\/WEB_2017_MARCO_ROTARY-W_ROTARY_0034.jpg 570w, https:\/\/acs.org.br\/academy\/wp-content\/uploads\/2017\/03\/WEB_2017_MARCO_ROTARY-W_ROTARY_0034-300x246.jpg 300w\" sizes=\"(max-width: 570px) 100vw, 570px\" \/><\/p>\n<p><img loading=\"lazy\" decoding=\"async\" class=\" size-full wp-image-77217\" src=\"http:\/\/127.0.0.1\/acs\/wp-content\/uploads\/2017\/03\/WEB_2017_MARCO_ROTARY-W_ROTARY_0044.jpg\" width=\"570\" height=\"404\" srcset=\"https:\/\/acs.org.br\/academy\/wp-content\/uploads\/2017\/03\/WEB_2017_MARCO_ROTARY-W_ROTARY_0044.jpg 570w, https:\/\/acs.org.br\/academy\/wp-content\/uploads\/2017\/03\/WEB_2017_MARCO_ROTARY-W_ROTARY_0044-300x213.jpg 300w\" sizes=\"(max-width: 570px) 100vw, 570px\" \/><\/p>\n<p><img loading=\"lazy\" decoding=\"async\" class=\" size-full wp-image-77218\" src=\"http:\/\/127.0.0.1\/acs\/wp-content\/uploads\/2017\/03\/WEB_2017_MARCO_ROTARY-W_ROTARY_0029.jpg\" width=\"570\" height=\"396\" srcset=\"https:\/\/acs.org.br\/academy\/wp-content\/uploads\/2017\/03\/WEB_2017_MARCO_ROTARY-W_ROTARY_0029.jpg 570w, https:\/\/acs.org.br\/academy\/wp-content\/uploads\/2017\/03\/WEB_2017_MARCO_ROTARY-W_ROTARY_0029-300x208.jpg 300w\" sizes=\"(max-width: 570px) 100vw, 570px\" \/><\/p>\n<p>\u00a0<\/p>\n<p>Durante sua participa\u00e7\u00e3o, Santini, que tamb\u00e9m \u00e9 s\u00f3cio honor\u00e1rio do Rotary Club de Santos, ressaltou a import\u00e2ncia da ACS n\u00e3o s\u00f3 para a cidade, mas para todo o Brasil.<\/p>\n<p>\u201cEsta foi a quarta Associa\u00e7\u00e3o Comercial do Pa\u00eds, antes mesmo da cria\u00e7\u00e3o da Associa\u00e7\u00e3o Comercial de S\u00e3o Paulo. E, diferentemente das outras, a ACS \u00e9 constitu\u00edda por ind\u00fastrias e grandes empresas e n\u00e3o pelo com\u00e9rcio, como ocorre em diversas cidades. Desde o in\u00edcio teve esse perfil, que, consequentemente, nos deu muita representatividade sempre\u201d.<\/p>\n<p>Ele falou tamb\u00e9m sobre a entrada de 74 novos s\u00f3cios durante sua primeira gest\u00e3o e sobre a obra de moderniza\u00e7\u00e3o do pr\u00e9dio-sede, que ir\u00e1 ampliar e atualizar tecnologicamente os espa\u00e7os.<\/p>\n<p>\u201cNossa entidade \u00e9 antiga, mas n\u00e3o antiquada. Por isso essa obra \u00e9 t\u00e3o importante, pois proporcionar\u00e1 aos associados mais agilidade e conforto, al\u00e9m de novos espa\u00e7os para a loca\u00e7\u00e3o de eventos\u201d.<\/p>\n<p><img loading=\"lazy\" decoding=\"async\" class=\" size-full wp-image-77219\" src=\"http:\/\/127.0.0.1\/acs\/wp-content\/uploads\/2017\/03\/WEB_2017_MARCO_ROTARY-W_ROTARY_0125.jpg\" width=\"570\" height=\"428\" srcset=\"https:\/\/acs.org.br\/academy\/wp-content\/uploads\/2017\/03\/WEB_2017_MARCO_ROTARY-W_ROTARY_0125.jpg 570w, https:\/\/acs.org.br\/academy\/wp-content\/uploads\/2017\/03\/WEB_2017_MARCO_ROTARY-W_ROTARY_0125-300x225.jpg 300w\" sizes=\"(max-width: 570px) 100vw, 570px\" \/><\/p>\n<p>Na sequ\u00eancia, um v\u00eddeo foi apresentado aos rotarianos, mostrando os principais eventos ocorridos o \u00faltimo tri\u00eanio, entre eles o Semin\u00e1rio Internacional de Caf\u00e9 de Santos de 2016; o Santos Export \u2013 F\u00f3rum Internacional para a Expans\u00e3o do Porto de Santos; e a Semana do Jovem Empreendedor, do n\u00facleo de jovens empres\u00e1rios, a ACS Jovem.<\/p>\n<p><img loading=\"lazy\" decoding=\"async\" class=\" size-full wp-image-77220\" src=\"http:\/\/127.0.0.1\/acs\/wp-content\/uploads\/2017\/03\/WEB_2017_MARCO_ROTARY-W_ROTARY_0093.jpg\" width=\"570\" height=\"428\" srcset=\"https:\/\/acs.org.br\/academy\/wp-content\/uploads\/2017\/03\/WEB_2017_MARCO_ROTARY-W_ROTARY_0093.jpg 570w, https:\/\/acs.org.br\/academy\/wp-content\/uploads\/2017\/03\/WEB_2017_MARCO_ROTARY-W_ROTARY_0093-300x225.jpg 300w\" sizes=\"(max-width: 570px) 100vw, 570px\" \/><\/p>\n<p><img loading=\"lazy\" decoding=\"async\" class=\" size-full wp-image-77221\" src=\"http:\/\/127.0.0.1\/acs\/wp-content\/uploads\/2017\/03\/WEB_2017_MARCO_ROTARY-W_ROTARY_0069.jpg\" width=\"570\" height=\"414\" srcset=\"https:\/\/acs.org.br\/academy\/wp-content\/uploads\/2017\/03\/WEB_2017_MARCO_ROTARY-W_ROTARY_0069.jpg 570w, https:\/\/acs.org.br\/academy\/wp-content\/uploads\/2017\/03\/WEB_2017_MARCO_ROTARY-W_ROTARY_0069-300x218.jpg 300w\" sizes=\"(max-width: 570px) 100vw, 570px\" \/><\/p>\n<p>Por fim, Santini falou sobre a participa\u00e7\u00e3o da ACS em diversos conselhos e entidades que representam a Cidade, como o Conselho Comunit\u00e1rio de Seguran\u00e7a (Comseg) e o Conselho de Autoridade Portu\u00e1ria (CAP).<\/p>\n<p>O presidente do Rotary Club de Santos, Sergio Andre Carvalho, ficou muito satisfeito com o material apresentado.<\/p>\n<p><img loading=\"lazy\" decoding=\"async\" class=\" size-full wp-image-77222\" src=\"http:\/\/127.0.0.1\/acs\/wp-content\/uploads\/2017\/03\/WEB_2017_MARCO_ROTARY-W_ROTARY_0138.jpg\" width=\"570\" height=\"410\" srcset=\"https:\/\/acs.org.br\/academy\/wp-content\/uploads\/2017\/03\/WEB_2017_MARCO_ROTARY-W_ROTARY_0138.jpg 570w, https:\/\/acs.org.br\/academy\/wp-content\/uploads\/2017\/03\/WEB_2017_MARCO_ROTARY-W_ROTARY_0138-300x216.jpg 300w\" sizes=\"(max-width: 570px) 100vw, 570px\" \/><\/p>\n<p>\u201cPudemos saber mais sobre o que o presidente tem feito pela Associa\u00e7\u00e3o Comercial e como funciona essa imensid\u00e3o que \u00e9 a entidade\u201d.<\/p>\n<p><img loading=\"lazy\" decoding=\"async\" class=\" size-full wp-image-77223\" src=\"http:\/\/127.0.0.1\/acs\/wp-content\/uploads\/2017\/03\/WEB_2017_MARCO_ROTARY-W_ROTARY_0172.jpg\" width=\"570\" height=\"419\" srcset=\"https:\/\/acs.org.br\/academy\/wp-content\/uploads\/2017\/03\/WEB_2017_MARCO_ROTARY-W_ROTARY_0172.jpg 570w, https:\/\/acs.org.br\/academy\/wp-content\/uploads\/2017\/03\/WEB_2017_MARCO_ROTARY-W_ROTARY_0172-300x221.jpg 300w\" sizes=\"(max-width: 570px) 100vw, 570px\" \/><\/p>\n<p><img loading=\"lazy\" decoding=\"async\" class=\" size-full wp-image-77224\" src=\"http:\/\/127.0.0.1\/acs\/wp-content\/uploads\/2017\/03\/WEB_2017_MARCO_ROTARY-W_ROTARY_0037.jpg\" width=\"570\" height=\"458\" srcset=\"https:\/\/acs.org.br\/academy\/wp-content\/uploads\/2017\/03\/WEB_2017_MARCO_ROTARY-W_ROTARY_0037.jpg 570w, https:\/\/acs.org.br\/academy\/wp-content\/uploads\/2017\/03\/WEB_2017_MARCO_ROTARY-W_ROTARY_0037-300x241.jpg 300w\" sizes=\"(max-width: 570px) 100vw, 570px\" \/><\/p>\n<p>\u00a0<\/p>\n<p><\/p>\n","protected":false},"excerpt":{"rendered":"<p>Fonte: Assessoria de imprensa ACS&nbsp; Os rotarianos de Santos conheceram nesta quarta-feira (29) um pouco mais sobre a hist\u00f3ria e sobre as principais a\u00e7\u00f5es da Associa\u00e7\u00e3o Comercial de Santos (ACS), ap\u00f3s palestra ministrada pelo presidente da Institui\u00e7\u00e3o, Roberto Clemente Santini. Ele e o diretor-executivo da ACS, Marcio Calves, foram convidados para o almo\u00e7o-reuni\u00e3o do Programa [&hellip;]<\/p>\n","protected":false},"author":1,"featured_media":77213,"comment_status":"open","ping_status":"open","sticky":false,"template":"","format":"standard","meta":{"footnotes":""},"categories":[84],"tags":[],"_links":{"self":[{"href":"https:\/\/acs.org.br\/academy\/wp-json\/wp\/v2\/posts\/77225"}],"collection":[{"href":"https:\/\/acs.org.br\/academy\/wp-json\/wp\/v2\/posts"}],"about":[{"href":"https:\/\/acs.org.br\/academy\/wp-json\/wp\/v2\/types\/post"}],"author":[{"embeddable":true,"href":"https:\/\/acs.org.br\/academy\/wp-json\/wp\/v2\/users\/1"}],"replies":[{"embeddable":true,"href":"https:\/\/acs.org.br\/academy\/wp-json\/wp\/v2\/comments?post=77225"}],"version-history":[{"count":0,"href":"https:\/\/acs.org.br\/academy\/wp-json\/wp\/v2\/posts\/77225\/revisions"}],"wp:featuredmedia":[{"embeddable":true,"href":"https:\/\/acs.org.br\/academy\/wp-json\/wp\/v2\/media\/77213"}],"wp:attachment":[{"href":"https:\/\/acs.org.br\/academy\/wp-json\/wp\/v2\/media?parent=77225"}],"wp:term":[{"taxonomy":"category","embeddable":true,"href":"https:\/\/acs.org.br\/academy\/wp-json\/wp\/v2\/categories?post=77225"},{"taxonomy":"post_tag","embeddable":true,"href":"https:\/\/acs.org.br\/academy\/wp-json\/wp\/v2\/tags?post=77225"}],"curies":[{"name":"wp","href":"https:\/\/api.w.org\/{rel}","templated":true}]}}