{"id":77119,"date":"2017-03-17T14:24:33","date_gmt":"2017-03-17T17:24:33","guid":{"rendered":"http:\/\/127.0.0.1\/acs\/alunos-do-curso-de-cafe-da-acs-visitam-centro-de-analise-e-pesquisa-tecnologica-do-agronegocio-do-cafe-em-campinas\/"},"modified":"2017-03-17T14:24:33","modified_gmt":"2017-03-17T17:24:33","slug":"alunos-do-curso-de-cafe-da-acs-visitam-centro-de-analise-e-pesquisa-tecnologica-do-agronegocio-do-cafe-em-campinas","status":"publish","type":"post","link":"https:\/\/acs.org.br\/academy\/alunos-do-curso-de-cafe-da-acs-visitam-centro-de-analise-e-pesquisa-tecnologica-do-agronegocio-do-cafe-em-campinas\/","title":{"rendered":"Alunos do curso de caf\u00e9 da ACS visitam Centro de An\u00e1lise e Pesquisa Tecnol\u00f3gica do Agroneg\u00f3cio do Caf\u00e9, em Campinas"},"content":{"rendered":"<p style=\"text-align: left;\" align=\"center\">Fonte: Assessoria de imprensa ACS<\/p>\n<p style=\"text-align: left;\" align=\"center\">Os alunos do 63\u00ba Curso de Classifica\u00e7\u00e3o e Degusta\u00e7\u00e3o de Caf\u00e9 da Associa\u00e7\u00e3o Comercial de Santos (ACS) visitaram, nesta quinta-feira (17), o Centro de An\u00e1lise e Pesquisa Tecnol\u00f3gica do Agroneg\u00f3cio do Caf\u00e9 \u201cAlcides Carvalho\u201d, do Instituto Agron\u00f4mico de Campinas (IAC). L\u00e1, eles conheceram a hist\u00f3ria do Centro, as \u00e1reas de plantio de caf\u00e9s comerciais e um banco de germoplasma, destinado a conservar o patrim\u00f4nio gen\u00e9tico das plantas para pesquisas.<\/p>\n<p style=\"text-align: left;\" align=\"center\">\n<p>A sa\u00edda da turma ocorreu \u00e0s 8h20 na sede da ACS, \u00e0 Rua XV de Novembro, 137, no Centro de Santos. Ao todo, 12 estudantes participaram da visita t\u00e9cnica.<\/p>\n<p>Ap\u00f3s uma parada para o almo\u00e7o, os alunos seguiram para o Centro de Caf\u00e9 Alcides Carvalho, onde foram recebidos pelo diretor Gerson Silva Giomo, que \u00e9 pesquisador da \u00e1rea de qualidade do caf\u00e9 p\u00f3s-colheita.<\/p>\n<p>Primeiramente, eles degustaram um caf\u00e9 desenvolvido no pr\u00f3prio Centro, que completar\u00e1, em 2017, seus 130 anos. No audit\u00f3rio, assistiram a um v\u00eddeo sobre a hist\u00f3ria e o trabalho realizado. A turma viu, ainda, diferentes amostras de gr\u00e3os.<\/p>\n<p>\u201cNa equipe temos 15 pesquisadores, al\u00e9m de colaboradores e estudantes, que totalizam 50 pessoas aproximadamente. Realizamos aqui pesquisas de melhoramento gen\u00e9tico do caf\u00e9, buscando desenvolver novas esp\u00e9cies com maior produtividade e mais resist\u00eancia\u201d, explicou Gerson Silva Giomo.<\/p>\n<p>Inclusive, no Centro Alcides Carvalho foram desenvolvidos os tipos Mundo Novo e Catua\u00ed de caf\u00e9 ar\u00e1bica, respons\u00e1veis por quase 90% da produ\u00e7\u00e3o de caf\u00e9 brasileiro.<\/p>\n<p>Os estudantes puderam conhecer tamb\u00e9m o banco de esp\u00e9cies especiais (germoplasma), destinado a conservar o patrim\u00f4nio gen\u00e9tico das plantas para uso em pesquisas.<\/p>\n<p>Por fim, foram apresentados \u00e0 turma diversos tipos de p\u00e9s de caf\u00e9: pequenos com folhas bem mi\u00fadas, altos com folhas imensas e at\u00e9 p\u00e9s com mais de 10 metros de altura.<\/p>\n<p><img loading=\"lazy\" decoding=\"async\" class=\" size-full wp-image-76909\" src=\"http:\/\/127.0.0.1\/acs\/wp-content\/uploads\/2017\/03\/WEB_2017_MARCO_CURSO-IAC-W_CURSO-IAC_0123.JPG\" width=\"570\" height=\"417\" srcset=\"https:\/\/acs.org.br\/academy\/wp-content\/uploads\/2017\/03\/WEB_2017_MARCO_CURSO-IAC-W_CURSO-IAC_0123.JPG 570w, https:\/\/acs.org.br\/academy\/wp-content\/uploads\/2017\/03\/WEB_2017_MARCO_CURSO-IAC-W_CURSO-IAC_0123-300x219.jpg 300w\" sizes=\"(max-width: 570px) 100vw, 570px\" \/><\/p>\n<p>Para o professor Nilton Ribeiro, al\u00e9m das aulas pr\u00e1ticas e te\u00f3ricas que os estudantes recebem na ACS, essas visitas t\u00e9cnicas s\u00e3o essenciais para o completo entendimento do processo pelo qual passa o caf\u00e9 antes de ser consumido.<\/p>\n<p>\u201cEssa viagem serviu para mostrar a prepara\u00e7\u00e3o que \u00e9 feita antes da colheita. Eles j\u00e1 viram como funciona o armaz\u00e9m, tamb\u00e9m v\u00e3o conhecer uma torrefa\u00e7\u00e3o. \u00c9 preciso que entendam todos os processos, para terem um conhecimento amplo sobre o assunto\u201d.<\/p>\n<p><b>Hist\u00f3ria do curso<\/b><\/p>\n<p>O tradicional Curso de Classifica\u00e7\u00e3o e Degusta\u00e7\u00e3o de Caf\u00e9 da Associa\u00e7\u00e3o Comercial de Santos teve in\u00edcio em 1989, com o objetivo de capacitar os alunos a identificar as caracter\u00edsticas do produto, atender \u00e0s exig\u00eancias do mercado e criar oportunidades de neg\u00f3cios.<\/p>\n<p>Al\u00e9m de despertar o interesse de profissionais do mercado cafeeiro do Brasil, o curso da ACS \u00e9 reconhecido tamb\u00e9m pelos principais pa\u00edses consumidores. No m\u00eas de julho de cada ano, japoneses que atuam em empresas relacionadas \u00e0 ind\u00fastria do caf\u00e9 v\u00eam a Santos especialmente para o curso da Associa\u00e7\u00e3o Comercial.<\/p>\n<p>S\u00e3o duas horas di\u00e1rias durante quatro semanas de aprendizagem te\u00f3rica e pr\u00e1tica sobre a hist\u00f3ria do caf\u00e9, produ\u00e7\u00e3o, armazenagem, aspectos econ\u00f4micos nacionais e internacionais, legisla\u00e7\u00e3o, tecnologia, fiscaliza\u00e7\u00e3o, identifica\u00e7\u00e3o de gr\u00e3os, prova de bebida e desenvolvimento de blends (misturas) de caf\u00e9s.<\/p>\n<p>Para participar do curso \u00e9 necess\u00e1rio ter 18 anos de idade, c\u00f3pia do diploma ou certificado de conclus\u00e3o do Ensino M\u00e9dio ou equivalente, atestado de sanidade bucal emitido por profissional habilitado e c\u00f3pia da carteira de identidade (RG) ou passaporte.<\/p>\n<p>Ao final, os alunos com frequ\u00eancia m\u00ednima de 80% e com bom desempenho nas aulas recebem certificado e carteira de classificador.<\/p>\n<p>O curso de caf\u00e9 da ACS \u00e9 supervisionado pelo presidente da Associa\u00e7\u00e3o Comercial de Santos, Roberto Clemente Santini, e pela coordenadora da C\u00e2mara Setorial de Exportadores de Caf\u00e9 da ACS, Evelyse Lopes.<\/p>\n<p>Mais informa\u00e7\u00f5es podem ser obtidas na Associa\u00e7\u00e3o Comercial de Santos, pelo telefone (13) 3212-8200, ramal 220, e-mail: <a href=\"mailto:acs@acs.org.br\">acs@acs.org.br<\/a><\/p>\n<p><b>Confira a programa\u00e7\u00e3o (sujeita a altera\u00e7\u00f5es):<\/b><\/p>\n<p>Dia 20\/03\/2017<\/p>\n<p>&#8211; Prepara\u00e7\u00e3o de um embarque de M.T.G.B.;<\/p>\n<p>&#8211; Classifica\u00e7\u00e3o para verificar a peneira e o tipo da liga;<\/p>\n<p>&#8211; Sala de prova;<\/p>\n<p>&#8211; Cup test.<\/p>\n<p>Dia 21\/03\/2017<\/p>\n<p>&#8211; Classifica\u00e7\u00e3o do caf\u00e9 por defeitos;<\/p>\n<p>&#8211; Sala de prova;<\/p>\n<p>&#8211; Cup test.<\/p>\n<p>Dia 22\/03\/2017<\/p>\n<p>&#8211; 1\u00ba Levantamento de Caf\u00e9s &#8211; Safra 2017\/2018 da Conab &#8211;&nbsp; Janeiro\/2017;<\/p>\n<p>&#8211; Sala de prova;<\/p>\n<p>&#8211; Cup test.<\/p>\n<p>Dia 23\/03\/2017<\/p>\n<p>&#8211; Classifica\u00e7\u00e3o de caf\u00e9 (defeitos e tipo);<\/p>\n<p>&#8211; Sala de prova;<\/p>\n<p>&#8211; Cup test.<\/p>\n<p>Dia 24\/03\/2017<\/p>\n<p>&#8211; Maiores pa\u00edses produtores e consumidores de caf\u00e9;<\/p>\n<p>&#8211; Caf\u00e9 sol\u00favel;<\/p>\n<p>&#8211; Caf\u00e9 descafeinado;<\/p>\n<p>&#8211; Sala de prova;<\/p>\n<p>&#8211; Cup test.<\/p>\n<p>Dia 27\/03\/2017<\/p>\n<p>&#8211; Palestra: Oscila\u00e7\u00f5es do Mercado de Caf\u00e9 &#8211; Como trabalhar com as bolsas: New York\/ Londres\/ BMF. Palestrante: Alexandre Ferraz &#8211; trader Stockler Comercial e Exportadora de Caf\u00e9 LTDA;<\/p>\n<p>&#8211; Sala de prova;<\/p>\n<p>&#8211; Cup test.<\/p>\n<p>Dia 28\/03\/2017<\/p>\n<p>&#8211; Fazer uma liga de G.T.L.B.;<\/p>\n<p>&#8211; Verificar a peneira de como ficou e tipo;<\/p>\n<p>&#8211; Sala de prova;<\/p>\n<p>&#8211; Cup test.<\/p>\n<p>Dia 29\/03\/2017<\/p>\n<p>&#8211; Proposta dos alunos.<\/p>\n<p>Dia 30\/03\/2017<\/p>\n<p>&#8211; Passeio de lancha \u201cPORT TOUR\u201d no Cais de Santos.<\/p>\n","protected":false},"excerpt":{"rendered":"<p>Fonte: Assessoria de imprensa ACS Os alunos do 63\u00ba Curso de Classifica\u00e7\u00e3o e Degusta\u00e7\u00e3o de Caf\u00e9 da Associa\u00e7\u00e3o Comercial de Santos (ACS) visitaram, nesta quinta-feira (17), o Centro de An\u00e1lise e Pesquisa Tecnol\u00f3gica do Agroneg\u00f3cio do Caf\u00e9 \u201cAlcides Carvalho\u201d, do Instituto Agron\u00f4mico de Campinas (IAC). L\u00e1, eles conheceram a hist\u00f3ria do Centro, as \u00e1reas de [&hellip;]<\/p>\n","protected":false},"author":1,"featured_media":76898,"comment_status":"open","ping_status":"open","sticky":false,"template":"","format":"standard","meta":{"footnotes":""},"categories":[84],"tags":[],"_links":{"self":[{"href":"https:\/\/acs.org.br\/academy\/wp-json\/wp\/v2\/posts\/77119"}],"collection":[{"href":"https:\/\/acs.org.br\/academy\/wp-json\/wp\/v2\/posts"}],"about":[{"href":"https:\/\/acs.org.br\/academy\/wp-json\/wp\/v2\/types\/post"}],"author":[{"embeddable":true,"href":"https:\/\/acs.org.br\/academy\/wp-json\/wp\/v2\/users\/1"}],"replies":[{"embeddable":true,"href":"https:\/\/acs.org.br\/academy\/wp-json\/wp\/v2\/comments?post=77119"}],"version-history":[{"count":0,"href":"https:\/\/acs.org.br\/academy\/wp-json\/wp\/v2\/posts\/77119\/revisions"}],"wp:featuredmedia":[{"embeddable":true,"href":"https:\/\/acs.org.br\/academy\/wp-json\/wp\/v2\/media\/76898"}],"wp:attachment":[{"href":"https:\/\/acs.org.br\/academy\/wp-json\/wp\/v2\/media?parent=77119"}],"wp:term":[{"taxonomy":"category","embeddable":true,"href":"https:\/\/acs.org.br\/academy\/wp-json\/wp\/v2\/categories?post=77119"},{"taxonomy":"post_tag","embeddable":true,"href":"https:\/\/acs.org.br\/academy\/wp-json\/wp\/v2\/tags?post=77119"}],"curies":[{"name":"wp","href":"https:\/\/api.w.org\/{rel}","templated":true}]}}