{"id":77068,"date":"2017-03-14T18:48:40","date_gmt":"2017-03-14T21:48:40","guid":{"rendered":"http:\/\/127.0.0.1\/acs\/presidente-da-acs-roberto-clemente-santini-e-reeleito-para-trienio-2017-2020\/"},"modified":"2017-03-14T18:48:40","modified_gmt":"2017-03-14T21:48:40","slug":"presidente-da-acs-roberto-clemente-santini-e-reeleito-para-trienio-2017-2020","status":"publish","type":"post","link":"https:\/\/acs.org.br\/academy\/presidente-da-acs-roberto-clemente-santini-e-reeleito-para-trienio-2017-2020\/","title":{"rendered":"Presidente da ACS, Roberto Clemente Santini, \u00e9 reeleito para tri\u00eanio 2017\/2020"},"content":{"rendered":"<p align=\"center\" style=\"text-align: left;\">Fonte: Assessoria de imprensa ACS&nbsp;<\/p>\n<p align=\"center\" style=\"text-align: left;\">Durante os pr\u00f3ximos tr\u00eas anos, a Associa\u00e7\u00e3o Comercial de Santos (ACS) ter\u00e1 novamente como presidente Roberto Clemente Santini, que j\u00e1 est\u00e1 no comando da Casa desde 2014. Ele foi reeleito com 48 votos em Assembleia Geral Ordin\u00e1ria realizada nesta ter\u00e7a-feira (14), no audit\u00f3rio da ACS, \u00e0 Rua XV de Novembro, 137, no Centro de Santos. N\u00e3o houve chapa concorrente.<\/p>\n<p align=\"center\" style=\"text-align: left;\">\n<p align=\"center\" style=\"text-align: left;\"><img loading=\"lazy\" decoding=\"async\" class=\" size-full wp-image-77056\" src=\"http:\/\/127.0.0.1\/acs\/wp-content\/uploads\/2017\/03\/WEB_2017_MARCO_ELEICAO-W_ELEICAO_0020.jpg\" width=\"570\" height=\"414\" srcset=\"https:\/\/acs.org.br\/academy\/wp-content\/uploads\/2017\/03\/WEB_2017_MARCO_ELEICAO-W_ELEICAO_0020.jpg 570w, https:\/\/acs.org.br\/academy\/wp-content\/uploads\/2017\/03\/WEB_2017_MARCO_ELEICAO-W_ELEICAO_0020-300x218.jpg 300w\" sizes=\"(max-width: 570px) 100vw, 570px\" \/><\/p>\n<p align=\"center\" style=\"text-align: left;\"><img loading=\"lazy\" decoding=\"async\" class=\" size-full wp-image-77057\" src=\"http:\/\/127.0.0.1\/acs\/wp-content\/uploads\/2017\/03\/WEB_2017_MARCO_ELEICAO-W_ELEICAO_0112.jpg\" width=\"570\" height=\"428\" srcset=\"https:\/\/acs.org.br\/academy\/wp-content\/uploads\/2017\/03\/WEB_2017_MARCO_ELEICAO-W_ELEICAO_0112.jpg 570w, https:\/\/acs.org.br\/academy\/wp-content\/uploads\/2017\/03\/WEB_2017_MARCO_ELEICAO-W_ELEICAO_0112-300x225.jpg 300w\" sizes=\"(max-width: 570px) 100vw, 570px\" \/><\/p>\n<p>Ap\u00f3s ser anunciado o resultado, Roberto Clemente Santini agradeceu a confian\u00e7a dos empres\u00e1rios. \u201cSer\u00e1 uma honra representar essa casa por mais tr\u00eas anos\u201d.<\/p>\n<p>Ele tamb\u00e9m elencou os principais projetos que pretende realizar nesta nova gest\u00e3o, entre eles: a implanta\u00e7\u00e3o do Certificado de Origem Digital (COD), um passo essencial para a consolida\u00e7\u00e3o da ACS como grande emissor dos certificados de origem; a implanta\u00e7\u00e3o do projeto de <i>complaince <\/i>(governan\u00e7a), j\u00e1 aprovado pela diretoria executiva; a reforma da Sala de Classifica\u00e7\u00e3o e Degusta\u00e7\u00e3o de Caf\u00e9, com estudos para viabilizar a realiza\u00e7\u00e3o do curso de Q-GRADER; o XXII Semin\u00e1rio Internacional de Caf\u00e9 de Santos; fomento de neg\u00f3cios para implanta\u00e7\u00e3o de uma base offshore; apoio para incremento das atividades da ACS Jovem; e estudos para viabilizar uma c\u00e2mara de arbitragem na ACS.<\/p>\n<p><img loading=\"lazy\" decoding=\"async\" class=\" size-full wp-image-77058\" src=\"http:\/\/127.0.0.1\/acs\/wp-content\/uploads\/2017\/03\/WEB_2017_MARCO_ELEICAO-W_ELEICAO_0113.jpg\" width=\"570\" height=\"428\" srcset=\"https:\/\/acs.org.br\/academy\/wp-content\/uploads\/2017\/03\/WEB_2017_MARCO_ELEICAO-W_ELEICAO_0113.jpg 570w, https:\/\/acs.org.br\/academy\/wp-content\/uploads\/2017\/03\/WEB_2017_MARCO_ELEICAO-W_ELEICAO_0113-300x225.jpg 300w\" sizes=\"(max-width: 570px) 100vw, 570px\" \/><\/p>\n<p>\u201cEnfim, muitos planos e projetos. Com a ajuda de voc\u00eas, tenho certeza que teremos sucesso. Mais uma vez, agrade\u00e7o a todos e ressalto que ser\u00e1 uma honra representar essa casa por mais tr\u00eas anos\u201d.<\/p>\n<p>Num fato in\u00e9dito, esta nova diretoria contar\u00e1 com uma mulher no cargo de 1\u00aa diretora-secret\u00e1ria: Lucia Maria Teixeira, diretora-presidente da UniSanta. Ela ser\u00e1 a primeira mulher na diretoria-executiva desde que a ACS foi criada, h\u00e1 146 anos.<\/p>\n<p><img loading=\"lazy\" decoding=\"async\" class=\" size-full wp-image-77059\" src=\"http:\/\/127.0.0.1\/acs\/wp-content\/uploads\/2017\/03\/WEB_2017_MARCO_ELEICAO-W_ELEICAO_0007.jpg\" width=\"570\" height=\"441\" srcset=\"https:\/\/acs.org.br\/academy\/wp-content\/uploads\/2017\/03\/WEB_2017_MARCO_ELEICAO-W_ELEICAO_0007.jpg 570w, https:\/\/acs.org.br\/academy\/wp-content\/uploads\/2017\/03\/WEB_2017_MARCO_ELEICAO-W_ELEICAO_0007-300x232.jpg 300w\" sizes=\"(max-width: 570px) 100vw, 570px\" \/><\/p>\n<p>\u201cApesar de as mulheres participarem das C\u00e2maras Setoriais, no comando, na diretoria n\u00f3s ainda n\u00e3o t\u00ednhamos uma representa\u00e7\u00e3o feminina. Me sinto muito honrada em representar a presen\u00e7a feminina, que \u00e9 muito marcante na nossa cidade\u201d.<\/p>\n<p>Celso Grecco, presidente da Rodrimar, que participou da Assembleia, parabenizou a gest\u00e3o de Santini. \u201cEle inovou, houve v\u00e1rios eventos importantes, o que \u00e9 muito bom para a cidade\u201d.<\/p>\n<p>Michael Timm, que esteve \u00e0 frente da ACS de 2009 a 2014, ressaltou a import\u00e2ncia da Casa do Empres\u00e1rio em um cen\u00e1rio econ\u00f4mico inst\u00e1vel, como o do Brasil nos \u00faltimos anos.<\/p>\n<p>\u201cOs desafios foram grandes, passamos os \u00faltimos tr\u00eas anos com uma economia muito fraca, Santos sofreu muito com a recess\u00e3o. Ainda assim, a Associa\u00e7\u00e3o \u00e9 importante, porque re\u00fane os empres\u00e1rios para discutir ideias novas e tentar fazer a economia andar\u201d.<\/p>\n<p>Ratificando a fala de Timm, Omar Laino lembrou que a ACS sempre teve uma participa\u00e7\u00e3o muito ativa na cidade e destacou a import\u00e2ncia das obras de moderniza\u00e7\u00e3o, iniciadas em dezembro do ano passado.&nbsp; \u201cAcredito que v\u00e1 valorizar muito a Associa\u00e7\u00e3o e o Centro Hist\u00f3rico da Cidade\u201d.<\/p>\n<p><b>Assembleia<\/b><\/p>\n<p>A assembleia foi presidida pelo diretor-presidente da construtora Phoenix, Omar Laino, ex-dirigente da ACS. Ele aproveitou, logo no in\u00edcio, para pedir um minuto de sil\u00eancio em homenagem ao ex-presidente da ACS, Rubens da Silva, que dirigiu a Casa no per\u00edodo de 1989 a 1992 e faleceu no \u00faltimo dia 23.<\/p>\n<p><img loading=\"lazy\" decoding=\"async\" class=\" size-full wp-image-77060\" src=\"http:\/\/127.0.0.1\/acs\/wp-content\/uploads\/2017\/03\/WEB_2017_MARCO_ELEICAO-W_ELEICAO_0028.jpg\" width=\"570\" height=\"442\" srcset=\"https:\/\/acs.org.br\/academy\/wp-content\/uploads\/2017\/03\/WEB_2017_MARCO_ELEICAO-W_ELEICAO_0028.jpg 570w, https:\/\/acs.org.br\/academy\/wp-content\/uploads\/2017\/03\/WEB_2017_MARCO_ELEICAO-W_ELEICAO_0028-300x233.jpg 300w\" sizes=\"(max-width: 570px) 100vw, 570px\" \/><\/p>\n<p><img loading=\"lazy\" decoding=\"async\" class=\" size-full wp-image-77061\" src=\"http:\/\/127.0.0.1\/acs\/wp-content\/uploads\/2017\/03\/WEB_2017_MARCO_ELEICAO-W_ELEICAO_0038.jpg\" width=\"570\" height=\"403\" srcset=\"https:\/\/acs.org.br\/academy\/wp-content\/uploads\/2017\/03\/WEB_2017_MARCO_ELEICAO-W_ELEICAO_0038.jpg 570w, https:\/\/acs.org.br\/academy\/wp-content\/uploads\/2017\/03\/WEB_2017_MARCO_ELEICAO-W_ELEICAO_0038-300x212.jpg 300w\" sizes=\"(max-width: 570px) 100vw, 570px\" \/><\/p>\n<p>Na sequ\u00eancia, foram aprovados: a ata da assembleia anterior e o relat\u00f3rio anual de atividades da diretoria executiva do exerc\u00edcio de 2016.<\/p>\n<p><img loading=\"lazy\" decoding=\"async\" class=\" size-full wp-image-77062\" src=\"http:\/\/127.0.0.1\/acs\/wp-content\/uploads\/2017\/03\/WEB_2017_MARCO_ELEICAO-W_ELEICAO_0052.jpg\" width=\"570\" height=\"473\" srcset=\"https:\/\/acs.org.br\/academy\/wp-content\/uploads\/2017\/03\/WEB_2017_MARCO_ELEICAO-W_ELEICAO_0052.jpg 570w, https:\/\/acs.org.br\/academy\/wp-content\/uploads\/2017\/03\/WEB_2017_MARCO_ELEICAO-W_ELEICAO_0052-300x249.jpg 300w\" sizes=\"(max-width: 570px) 100vw, 570px\" \/><\/p>\n<p>Por unanimidade, em seguida, a Assembleia aprovou a presta\u00e7\u00e3o de contas do Exerc\u00edcio de 2016, que recebeu parecer favor\u00e1vel do Conselho Fiscal e da Apply-Auditores Associados, que registrou: \u201cem nossa opini\u00e3o, as Demonstra\u00e7\u00f5es Cont\u00e1beis apresentam adequadamente, em todos os aspectos relevantes, as posi\u00e7\u00f5es patrimonial e financeira da Associa\u00e7\u00e3o Comercial de Santos em 31 de dezembro de 2016\u201d.&nbsp; A aprova\u00e7\u00e3o foi precedida de ampla exposi\u00e7\u00e3o do 1\u00ba diretor-financeiro, Andr\u00e9 Canoilas.<\/p>\n<p><img loading=\"lazy\" decoding=\"async\" class=\" size-full wp-image-77063\" src=\"http:\/\/127.0.0.1\/acs\/wp-content\/uploads\/2017\/03\/WEB_2017_MARCO_ELEICAO-W_ELEICAO_0085.jpg\" width=\"570\" height=\"403\" srcset=\"https:\/\/acs.org.br\/academy\/wp-content\/uploads\/2017\/03\/WEB_2017_MARCO_ELEICAO-W_ELEICAO_0085.jpg 570w, https:\/\/acs.org.br\/academy\/wp-content\/uploads\/2017\/03\/WEB_2017_MARCO_ELEICAO-W_ELEICAO_0085-300x212.jpg 300w\" sizes=\"(max-width: 570px) 100vw, 570px\" \/><\/p>\n<p>Depois, apesar de haver apenas uma chapa regularmente inscrita, foi realizada a vota\u00e7\u00e3o secreta para elei\u00e7\u00e3o da diretoria-executiva e Conselho Fiscal para o tri\u00eanio 2017\/2020, como prev\u00ea o estatuto. No total, 48 associados votaram na chapa de Roberto Clemente Santini.<\/p>\n<p><b>Avan\u00e7os da \u00faltima gest\u00e3o<\/b><\/p>\n<p>Durante o primeiro mandato, de 2014 a 2017, grandes projetos foram realizados, o \u00faltimo deles foi o in\u00edcio da obra de moderniza\u00e7\u00e3o, que come\u00e7ou em dezembro do ano passado. O objetivo da reforma \u00e9 adequar a Casa \u00e0s necessidades dos clientes e s\u00f3cios e ampliar a presta\u00e7\u00e3o de servi\u00e7os.<\/p>\n<p>\u201c\u00c9 um grande investimento. Estamos nos modernizando, nossa institui\u00e7\u00e3o \u00e9 antiga, mas n\u00e3o queremos que seja antiquada. Aqui s\u00e3o realizados eventos e reuni\u00f5es de institui\u00e7\u00f5es importantes. Temos v\u00e1rios pr\u00e9dios novos na cidade que podem absorver essa demanda, mas n\u00e3o \u00e9 o que queremos. \u00c9 importante que a Associa\u00e7\u00e3o continue abrigando esses eventos e se consolide como uma Casa de debate das grandes quest\u00f5es da Cidade, da regi\u00e3o, do Estado e do Brasil\u201d.<\/p>\n<p>Com 74 novos s\u00f3cios em tr\u00eas anos, a ACS trouxe para seu quadro grandes e importantes empresas da Cidade.<\/p>\n<p>O livro de Ouro da Casa, com assinaturas de visitantes ilustres desde 1875, como a de D Pedro I, por exemplo, foi restaurado e digitalizado.<\/p>\n<p>Dois semin\u00e1rios internacionais de caf\u00e9 foram realizados pela ACS neste per\u00edodo e, em ambos, foram obtidos saldos positivos, tanto no \u00e2mbito institucional, quanto no \u00e2mbito financeiro.<\/p>\n<p><b>Confira a nova diretoria e o Conselho Fiscal eleitos para o tri\u00eanio 2017\/2020<\/b><\/p>\n<p><span style=\"text-decoration: underline;\">Diretoria<\/span><\/p>\n<p>Presidente&nbsp;&nbsp;&nbsp;&nbsp;&nbsp;&nbsp;&nbsp;&nbsp;&nbsp;&nbsp;&nbsp;&nbsp;&nbsp;&nbsp;&nbsp;&nbsp;&nbsp;&nbsp;&nbsp;&nbsp;&nbsp;&nbsp;&nbsp;&nbsp;&nbsp;&nbsp;Roberto Clemente Santini<\/p>\n<p>1\u00ba Vice-presidente&nbsp;&nbsp;&nbsp;&nbsp;&nbsp;&nbsp;&nbsp;&nbsp;&nbsp;&nbsp;&nbsp;&nbsp;&nbsp; Vicente Vieira do Valle<\/p>\n<p>2\u00ba Vice-presidente&nbsp;&nbsp;&nbsp;&nbsp;&nbsp;&nbsp;&nbsp;&nbsp;&nbsp;&nbsp;&nbsp;&nbsp;&nbsp; Gunter Ekkehard Hausler<\/p>\n<p>1\u00ba Diretor-financeiro &nbsp; &nbsp; &nbsp; &nbsp; &nbsp; &nbsp;Andre Marques Canoilas<\/p>\n<p>2\u00ba Diretor-financeiro &nbsp; &nbsp; &nbsp; &nbsp; &nbsp; &nbsp;Edison da Silva Monteiro<\/p>\n<p>1\u00aa Diretora-secret\u00e1ria &nbsp; &nbsp; &nbsp; &nbsp; &nbsp;L\u00facia Maria Teixeira<\/p>\n<p>2\u00ba Diretor-secret\u00e1rio &nbsp; &nbsp; &nbsp; &nbsp; &nbsp; &nbsp;Alexandre Ehrenberger<\/p>\n<p>1\u00ba Suplente&nbsp;&nbsp;&nbsp;&nbsp;&nbsp;&nbsp;&nbsp;&nbsp;&nbsp;&nbsp;&nbsp;&nbsp;&nbsp;&nbsp;&nbsp;&nbsp;&nbsp;&nbsp;&nbsp;&nbsp;&nbsp;&nbsp;&nbsp;&nbsp;Gustavo Pierotti<\/p>\n<p>2\u00ba Suplente&nbsp;&nbsp;&nbsp;&nbsp;&nbsp;&nbsp;&nbsp;&nbsp;&nbsp;&nbsp;&nbsp;&nbsp;&nbsp;&nbsp;&nbsp;&nbsp;&nbsp;&nbsp;&nbsp;&nbsp;&nbsp;&nbsp;&nbsp;&nbsp;Ivan Akaoui Vianna<\/p>\n<p>Diretor-executivo &nbsp; &nbsp; &nbsp; &nbsp; &nbsp; &nbsp; &nbsp; &nbsp;Marcio Calves<\/p>\n<p>Diretor-jur\u00eddico &nbsp; &nbsp; &nbsp; &nbsp; &nbsp; &nbsp; &nbsp; &nbsp; &nbsp; &nbsp;Mauricio Cury<\/p>\n<p><span style=\"text-decoration: underline;\"> <\/span><\/p>\n<p><span style=\"text-decoration: underline;\">Conselho fiscal:<\/span><\/p>\n<p>Conselheiro titular&nbsp;&nbsp;&nbsp;&nbsp;&nbsp;&nbsp;&nbsp;&nbsp;&nbsp;&nbsp;&nbsp;&nbsp;&nbsp; V\u00edtor de Souza<\/p>\n<p>Conselheiro titular&nbsp;&nbsp;&nbsp;&nbsp;&nbsp;&nbsp;&nbsp;&nbsp;&nbsp;&nbsp;&nbsp;&nbsp;&nbsp; Fabr\u00edcio Guimar\u00e3es Juli\u00e3o<\/p>\n<p>Conselheiro titular&nbsp;&nbsp;&nbsp;&nbsp;&nbsp;&nbsp;&nbsp;&nbsp;&nbsp;&nbsp;&nbsp;&nbsp;&nbsp; Martin Alexandre Aron<\/p>\n<p>Conselheiro suplente&nbsp;&nbsp;&nbsp;&nbsp;&nbsp;&nbsp;&nbsp;&nbsp; Moacir Delfim Leite Soares<\/p>\n<p>Conselheiro suplente&nbsp;&nbsp;&nbsp;&nbsp;&nbsp;&nbsp;&nbsp;&nbsp; Pedro Veras<\/p>\n<p>Conselheiro Suplente&nbsp;&nbsp;&nbsp;&nbsp;&nbsp;&nbsp;&nbsp; Omar Abdul Assaf<\/p>\n<p>\u00a0<\/p>\n<p><img loading=\"lazy\" decoding=\"async\" class=\" size-full wp-image-77064\" src=\"http:\/\/127.0.0.1\/acs\/wp-content\/uploads\/2017\/03\/WEB_2017_MARCO_ELEICAO-W_ELEICAO_0126.jpg\" width=\"570\" height=\"428\" srcset=\"https:\/\/acs.org.br\/academy\/wp-content\/uploads\/2017\/03\/WEB_2017_MARCO_ELEICAO-W_ELEICAO_0126.jpg 570w, https:\/\/acs.org.br\/academy\/wp-content\/uploads\/2017\/03\/WEB_2017_MARCO_ELEICAO-W_ELEICAO_0126-300x225.jpg 300w\" sizes=\"(max-width: 570px) 100vw, 570px\" \/><\/p>\n<p><img loading=\"lazy\" decoding=\"async\" class=\" size-full wp-image-77065\" src=\"http:\/\/127.0.0.1\/acs\/wp-content\/uploads\/2017\/03\/WEB_2017_MARCO_ELEICAO-W_ELEICAO_0091.jpg\" width=\"570\" height=\"419\" srcset=\"https:\/\/acs.org.br\/academy\/wp-content\/uploads\/2017\/03\/WEB_2017_MARCO_ELEICAO-W_ELEICAO_0091.jpg 570w, https:\/\/acs.org.br\/academy\/wp-content\/uploads\/2017\/03\/WEB_2017_MARCO_ELEICAO-W_ELEICAO_0091-300x221.jpg 300w\" sizes=\"(max-width: 570px) 100vw, 570px\" \/><\/p>\n<p><img loading=\"lazy\" decoding=\"async\" class=\" size-full wp-image-77066\" src=\"http:\/\/127.0.0.1\/acs\/wp-content\/uploads\/2017\/03\/WEB_2017_MARCO_ELEICAO-W_ELEICAO_0114.jpg\" width=\"570\" height=\"390\" srcset=\"https:\/\/acs.org.br\/academy\/wp-content\/uploads\/2017\/03\/WEB_2017_MARCO_ELEICAO-W_ELEICAO_0114.jpg 570w, https:\/\/acs.org.br\/academy\/wp-content\/uploads\/2017\/03\/WEB_2017_MARCO_ELEICAO-W_ELEICAO_0114-300x205.jpg 300w\" sizes=\"(max-width: 570px) 100vw, 570px\" \/><\/p>\n<p><img loading=\"lazy\" decoding=\"async\" class=\" size-full wp-image-77067\" src=\"http:\/\/127.0.0.1\/acs\/wp-content\/uploads\/2017\/03\/WEB_2017_MARCO_ELEICAO-W_ELEICAO_0157.jpg\" width=\"570\" height=\"428\" srcset=\"https:\/\/acs.org.br\/academy\/wp-content\/uploads\/2017\/03\/WEB_2017_MARCO_ELEICAO-W_ELEICAO_0157.jpg 570w, https:\/\/acs.org.br\/academy\/wp-content\/uploads\/2017\/03\/WEB_2017_MARCO_ELEICAO-W_ELEICAO_0157-300x225.jpg 300w\" sizes=\"(max-width: 570px) 100vw, 570px\" \/><\/p>\n<p>\u00a0<\/p>\n<p>\u00a0<\/p>\n<p>\u00a0<\/p>\n<p>\u00a0<\/p>\n<p>\u00a0<\/p>\n<p>\u00a0<\/p>\n","protected":false},"excerpt":{"rendered":"<p>Fonte: Assessoria de imprensa ACS&nbsp; Durante os pr\u00f3ximos tr\u00eas anos, a Associa\u00e7\u00e3o Comercial de Santos (ACS) ter\u00e1 novamente como presidente Roberto Clemente Santini, que j\u00e1 est\u00e1 no comando da Casa desde 2014. Ele foi reeleito com 48 votos em Assembleia Geral Ordin\u00e1ria realizada nesta ter\u00e7a-feira (14), no audit\u00f3rio da ACS, \u00e0 Rua XV de Novembro, [&hellip;]<\/p>\n","protected":false},"author":1,"featured_media":77055,"comment_status":"open","ping_status":"open","sticky":false,"template":"","format":"standard","meta":{"footnotes":""},"categories":[84],"tags":[],"_links":{"self":[{"href":"https:\/\/acs.org.br\/academy\/wp-json\/wp\/v2\/posts\/77068"}],"collection":[{"href":"https:\/\/acs.org.br\/academy\/wp-json\/wp\/v2\/posts"}],"about":[{"href":"https:\/\/acs.org.br\/academy\/wp-json\/wp\/v2\/types\/post"}],"author":[{"embeddable":true,"href":"https:\/\/acs.org.br\/academy\/wp-json\/wp\/v2\/users\/1"}],"replies":[{"embeddable":true,"href":"https:\/\/acs.org.br\/academy\/wp-json\/wp\/v2\/comments?post=77068"}],"version-history":[{"count":0,"href":"https:\/\/acs.org.br\/academy\/wp-json\/wp\/v2\/posts\/77068\/revisions"}],"wp:featuredmedia":[{"embeddable":true,"href":"https:\/\/acs.org.br\/academy\/wp-json\/wp\/v2\/media\/77055"}],"wp:attachment":[{"href":"https:\/\/acs.org.br\/academy\/wp-json\/wp\/v2\/media?parent=77068"}],"wp:term":[{"taxonomy":"category","embeddable":true,"href":"https:\/\/acs.org.br\/academy\/wp-json\/wp\/v2\/categories?post=77068"},{"taxonomy":"post_tag","embeddable":true,"href":"https:\/\/acs.org.br\/academy\/wp-json\/wp\/v2\/tags?post=77068"}],"curies":[{"name":"wp","href":"https:\/\/api.w.org\/{rel}","templated":true}]}}