{"id":77050,"date":"2017-03-14T14:38:48","date_gmt":"2017-03-14T17:38:48","guid":{"rendered":"http:\/\/127.0.0.1\/acs\/projeto-de-consultoria-sobre-base-offshore-na-baixada-santista-e-discutido-na-acs\/"},"modified":"2017-03-14T14:38:48","modified_gmt":"2017-03-14T17:38:48","slug":"projeto-de-consultoria-sobre-base-offshore-na-baixada-santista-e-discutido-na-acs","status":"publish","type":"post","link":"https:\/\/acs.org.br\/academy\/projeto-de-consultoria-sobre-base-offshore-na-baixada-santista-e-discutido-na-acs\/","title":{"rendered":"Projeto de consultoria sobre base offshore na Baixada Santista \u00e9 discutido na ACS"},"content":{"rendered":"<p align=\"center\" style=\"text-align: left;\">Fonte: Assessoria de imprensa ACS<\/p>\n<p>O projeto de consultoria, que visa apontar meios para a implanta\u00e7\u00e3o de uma base offshore na Baixada Santista, realizado pela Geo Brasilis, foi apresentado nesta ter\u00e7a-feira (14) aos integrantes da C\u00e2mara Setorial de Petr\u00f3leo e G\u00e1s da Associa\u00e7\u00e3o Comercial de Santos (ACS).<\/p>\n<\/p>\n<p><img loading=\"lazy\" decoding=\"async\" class=\" size-full wp-image-77047\" src=\"http:\/\/127.0.0.1\/acs\/wp-content\/uploads\/2017\/03\/WEB_2017_MARCO_PEG-W_PEG-022.JPG\" width=\"570\" height=\"428\" srcset=\"https:\/\/acs.org.br\/academy\/wp-content\/uploads\/2017\/03\/WEB_2017_MARCO_PEG-W_PEG-022.JPG 570w, https:\/\/acs.org.br\/academy\/wp-content\/uploads\/2017\/03\/WEB_2017_MARCO_PEG-W_PEG-022-300x225.jpg 300w\" sizes=\"(max-width: 570px) 100vw, 570px\" \/><\/p>\n<p><img loading=\"lazy\" decoding=\"async\" class=\" size-full wp-image-77048\" src=\"http:\/\/127.0.0.1\/acs\/wp-content\/uploads\/2017\/03\/WEB_2017_MARCO_PEG-W_PEG-027.JPG\" width=\"570\" height=\"428\" srcset=\"https:\/\/acs.org.br\/academy\/wp-content\/uploads\/2017\/03\/WEB_2017_MARCO_PEG-W_PEG-027.JPG 570w, https:\/\/acs.org.br\/academy\/wp-content\/uploads\/2017\/03\/WEB_2017_MARCO_PEG-W_PEG-027-300x225.jpg 300w\" sizes=\"(max-width: 570px) 100vw, 570px\" \/><\/p>\n<p>\u00a0<\/p>\n<p>J\u00e1 em sua fase final, a apresenta\u00e7\u00e3o foi assistida pelos integrantes da C\u00e2mara e tamb\u00e9m pelo Secret\u00e1rio de Desenvolvimento de Guaruj\u00e1, Gilberto Benzi, convidado para a reuni\u00e3o.<\/p>\n<p>Juntamente com o coordenador da C\u00e2mara, Vicente do Valle, o secret\u00e1rio fez sugest\u00f5es que poder\u00e3o ser inseridas na apresenta\u00e7\u00e3o, que ser\u00e1 divulgada em evento no dia 8 de maio, no Teatro Guarani, em Santos.<\/p>\n<p><img loading=\"lazy\" decoding=\"async\" class=\" size-full wp-image-77049\" src=\"http:\/\/127.0.0.1\/acs\/wp-content\/uploads\/2017\/03\/WEB_2017_MARCO_PEG-W_PEG-028.JPG\" width=\"570\" height=\"428\" srcset=\"https:\/\/acs.org.br\/academy\/wp-content\/uploads\/2017\/03\/WEB_2017_MARCO_PEG-W_PEG-028.JPG 570w, https:\/\/acs.org.br\/academy\/wp-content\/uploads\/2017\/03\/WEB_2017_MARCO_PEG-W_PEG-028-300x225.jpg 300w\" sizes=\"(max-width: 570px) 100vw, 570px\" \/><\/p>\n","protected":false},"excerpt":{"rendered":"<p>Fonte: Assessoria de imprensa ACS O projeto de consultoria, que visa apontar meios para a implanta\u00e7\u00e3o de uma base offshore na Baixada Santista, realizado pela Geo Brasilis, foi apresentado nesta ter\u00e7a-feira (14) aos integrantes da C\u00e2mara Setorial de Petr\u00f3leo e G\u00e1s da Associa\u00e7\u00e3o Comercial de Santos (ACS). \u00a0 J\u00e1 em sua fase final, a apresenta\u00e7\u00e3o [&hellip;]<\/p>\n","protected":false},"author":1,"featured_media":77046,"comment_status":"open","ping_status":"open","sticky":false,"template":"","format":"standard","meta":{"footnotes":""},"categories":[84],"tags":[],"_links":{"self":[{"href":"https:\/\/acs.org.br\/academy\/wp-json\/wp\/v2\/posts\/77050"}],"collection":[{"href":"https:\/\/acs.org.br\/academy\/wp-json\/wp\/v2\/posts"}],"about":[{"href":"https:\/\/acs.org.br\/academy\/wp-json\/wp\/v2\/types\/post"}],"author":[{"embeddable":true,"href":"https:\/\/acs.org.br\/academy\/wp-json\/wp\/v2\/users\/1"}],"replies":[{"embeddable":true,"href":"https:\/\/acs.org.br\/academy\/wp-json\/wp\/v2\/comments?post=77050"}],"version-history":[{"count":0,"href":"https:\/\/acs.org.br\/academy\/wp-json\/wp\/v2\/posts\/77050\/revisions"}],"wp:featuredmedia":[{"embeddable":true,"href":"https:\/\/acs.org.br\/academy\/wp-json\/wp\/v2\/media\/77046"}],"wp:attachment":[{"href":"https:\/\/acs.org.br\/academy\/wp-json\/wp\/v2\/media?parent=77050"}],"wp:term":[{"taxonomy":"category","embeddable":true,"href":"https:\/\/acs.org.br\/academy\/wp-json\/wp\/v2\/categories?post=77050"},{"taxonomy":"post_tag","embeddable":true,"href":"https:\/\/acs.org.br\/academy\/wp-json\/wp\/v2\/tags?post=77050"}],"curies":[{"name":"wp","href":"https:\/\/api.w.org\/{rel}","templated":true}]}}