{"id":77033,"date":"2017-03-13T14:38:16","date_gmt":"2017-03-13T17:38:16","guid":{"rendered":"http:\/\/127.0.0.1\/acs\/presidente-da-acs-roberto-clemente-santini-concorre-a-reeleicao-para-trienio-2017-2020\/"},"modified":"2017-03-13T14:38:16","modified_gmt":"2017-03-13T17:38:16","slug":"presidente-da-acs-roberto-clemente-santini-concorre-a-reeleicao-para-trienio-2017-2020","status":"publish","type":"post","link":"https:\/\/acs.org.br\/academy\/presidente-da-acs-roberto-clemente-santini-concorre-a-reeleicao-para-trienio-2017-2020\/","title":{"rendered":"Presidente da ACS, Roberto Clemente Santini, concorre \u00e0 reelei\u00e7\u00e3o para tri\u00eanio 2017\/2020"},"content":{"rendered":"<p style=\"text-align: left;\" align=\"center\">Fonte: Assessoria de imprensa ACS&nbsp;<\/p>\n<p>Com a participa\u00e7\u00e3o de apenas uma chapa, liderada por Roberto Clemente Santini, que concorre \u00e0 reelei\u00e7\u00e3o hoje (14), a partir das 16 horas, em 1\u00aa convoca\u00e7\u00e3o, haver\u00e1 Assembleia Geral Ordin\u00e1ria&nbsp;na Associa\u00e7\u00e3o Comercial de Santos (ACS).<\/p>\n<p>Durante o primeiro mandato, grandes projetos foram realizados. O \u00faltimo deles foi o in\u00edcio da obra de moderniza\u00e7\u00e3o do pr\u00e9dio-sede, em dezembro. O objetivo do projeto \u00e9 ampliar a presta\u00e7\u00e3o de servi\u00e7os aos associados e adequar a Casa \u00e0s necessidades do quadro associativo e institui\u00e7\u00f5es que habitualmente utilizam espa\u00e7os para reuni\u00f5es, semin\u00e1rios e encontros oficiais.<\/p>\n<p>\u201c\u00c9 um grande investimento. Estamos nos modernizando, nossa institui\u00e7\u00e3o \u00e9 antiga, mas n\u00e3o queremos que seja antiquada. Aqui s\u00e3o realizados eventos e reuni\u00f5es de institui\u00e7\u00f5es importantes. \u00c9 importante que a Associa\u00e7\u00e3o continue sendo a sede desses eventos que, na pr\u00e1tica, visam o desenvolvimento da regi\u00e3o\u201d.<\/p>\n<p>Ao longo do primeiro mandato de Roberto Clemente Santini, dois semin\u00e1rios internacionais de caf\u00e9 foram realizados pela ACS neste per\u00edodo, ambos com saldos positivos, tanto no \u00e2mbito institucional, quanto no \u00e2mbito financeiro.<\/p>\n<p>\u201cSe a Assembleia nos conferir um novo mandato, queremos dar continuidade aos trabalhos iniciados e avan\u00e7ar ainda mais da defesa dos interesses da classe empresarial e dos setores respons\u00e1veis pelo desenvolvimento da regi\u00e3o, do Estado e do Brasil\u201d.<\/p>\n<p><b> <\/b><\/p>\n<p><b>Confira a lista com os integrantes da nova chapa:<\/b><\/p>\n<p><b> <\/b><\/p>\n<p><span style=\"text-decoration: underline;\">Diretoria<\/span><\/p>\n<p>Presidente&nbsp;&nbsp;&nbsp;&nbsp;&nbsp;&nbsp;&nbsp;&nbsp;&nbsp;&nbsp;&nbsp;&nbsp;&nbsp;&nbsp;&nbsp;&nbsp;&nbsp;&nbsp;&nbsp;&nbsp;&nbsp;&nbsp;&nbsp;&nbsp;&nbsp;&nbsp;Roberto Clemente Santini<\/p>\n<p>1\u00ba Vice-presidente&nbsp;&nbsp;&nbsp;&nbsp;&nbsp;&nbsp;&nbsp;&nbsp;&nbsp;&nbsp;&nbsp;&nbsp;&nbsp; Vicente Vieira do Valle<\/p>\n<p>2\u00ba Vice-presidente&nbsp;&nbsp;&nbsp;&nbsp;&nbsp;&nbsp;&nbsp;&nbsp;&nbsp;&nbsp;&nbsp;&nbsp;&nbsp; Gunter Ekkehard Hausler<\/p>\n<p>1\u00ba Diretor-financeiro&nbsp;&nbsp;&nbsp;&nbsp;&nbsp;&nbsp;&nbsp;&nbsp;&nbsp;&nbsp; Andre Marques Canoilas<\/p>\n<p>2\u00ba Diretor-financeiro&nbsp;&nbsp;&nbsp;&nbsp;&nbsp;&nbsp;&nbsp;&nbsp;&nbsp;&nbsp; Edison da Silva Monteiro<\/p>\n<p>1\u00aa Diretora-secret\u00e1ria&nbsp;&nbsp;&nbsp;&nbsp;&nbsp;&nbsp;&nbsp;&nbsp; L\u00facia Maria Teixeira<\/p>\n<p>2\u00ba Diretor-secret\u00e1rio&nbsp;&nbsp;&nbsp;&nbsp;&nbsp;&nbsp;&nbsp;&nbsp;&nbsp;&nbsp;&nbsp;Alexandre Ehrenberger<\/p>\n<p>1\u00ba Suplente&nbsp;&nbsp;&nbsp;&nbsp;&nbsp;&nbsp;&nbsp;&nbsp;&nbsp;&nbsp;&nbsp;&nbsp;&nbsp;&nbsp;&nbsp;&nbsp;&nbsp;&nbsp;&nbsp;&nbsp;&nbsp;&nbsp;&nbsp;&nbsp;&nbsp;Gustavo Pierotti<\/p>\n<p>2\u00ba Suplente&nbsp;&nbsp;&nbsp;&nbsp;&nbsp;&nbsp;&nbsp;&nbsp;&nbsp;&nbsp;&nbsp;&nbsp;&nbsp;&nbsp;&nbsp;&nbsp;&nbsp;&nbsp;&nbsp;&nbsp;&nbsp;&nbsp;&nbsp;&nbsp;&nbsp;Ivan Akaoui Vianna<\/p>\n<p>Diretor-executivo&nbsp;&nbsp;&nbsp;&nbsp;&nbsp;&nbsp;&nbsp;&nbsp;&nbsp;&nbsp;&nbsp;&nbsp;&nbsp;&nbsp;&nbsp;&nbsp;Marcio Calves<\/p>\n<p>Diretor-jur\u00eddico&nbsp;&nbsp;&nbsp;&nbsp;&nbsp;&nbsp;&nbsp;&nbsp;&nbsp;&nbsp;&nbsp;&nbsp;&nbsp;&nbsp;&nbsp;&nbsp;&nbsp;&nbsp;&nbsp;&nbsp;Mauricio Cury<\/p>\n<p><span style=\"text-decoration: underline;\"> <\/span><\/p>\n<p><span style=\"text-decoration: underline;\">Conselho fiscal:<\/span><\/p>\n<p>Conselheiro titular&nbsp;&nbsp;&nbsp;&nbsp;&nbsp;&nbsp;&nbsp;&nbsp;&nbsp;&nbsp;&nbsp;&nbsp;&nbsp; V\u00edtor de Souza<\/p>\n<p>Conselheiro titular&nbsp;&nbsp;&nbsp;&nbsp;&nbsp;&nbsp;&nbsp;&nbsp;&nbsp;&nbsp;&nbsp;&nbsp;&nbsp; Fabr\u00edcio Guimar\u00e3es Juli\u00e3o<\/p>\n<p>Conselheiro titutlar&nbsp;&nbsp;&nbsp;&nbsp;&nbsp;&nbsp;&nbsp;&nbsp;&nbsp;&nbsp;&nbsp;&nbsp; Martin Alexandre Aron<\/p>\n<p>Conselheiro suplente&nbsp;&nbsp;&nbsp;&nbsp;&nbsp;&nbsp;&nbsp;&nbsp; Moacir Delfim Leite Soares<\/p>\n<p>Conselheiro suplente&nbsp;&nbsp;&nbsp;&nbsp;&nbsp;&nbsp;&nbsp;&nbsp; Pedro Veras<\/p>\n<p>Conselheiro Suplente&nbsp;&nbsp;&nbsp;&nbsp;&nbsp;&nbsp;&nbsp; Omar Abdul Assaf<\/p>\n","protected":false},"excerpt":{"rendered":"<p>Fonte: Assessoria de imprensa ACS&nbsp; Com a participa\u00e7\u00e3o de apenas uma chapa, liderada por Roberto Clemente Santini, que concorre \u00e0 reelei\u00e7\u00e3o hoje (14), a partir das 16 horas, em 1\u00aa convoca\u00e7\u00e3o, haver\u00e1 Assembleia Geral Ordin\u00e1ria&nbsp;na Associa\u00e7\u00e3o Comercial de Santos (ACS). Durante o primeiro mandato, grandes projetos foram realizados. O \u00faltimo deles foi o in\u00edcio da [&hellip;]<\/p>\n","protected":false},"author":1,"featured_media":0,"comment_status":"open","ping_status":"open","sticky":false,"template":"","format":"standard","meta":{"footnotes":""},"categories":[84],"tags":[],"_links":{"self":[{"href":"https:\/\/acs.org.br\/academy\/wp-json\/wp\/v2\/posts\/77033"}],"collection":[{"href":"https:\/\/acs.org.br\/academy\/wp-json\/wp\/v2\/posts"}],"about":[{"href":"https:\/\/acs.org.br\/academy\/wp-json\/wp\/v2\/types\/post"}],"author":[{"embeddable":true,"href":"https:\/\/acs.org.br\/academy\/wp-json\/wp\/v2\/users\/1"}],"replies":[{"embeddable":true,"href":"https:\/\/acs.org.br\/academy\/wp-json\/wp\/v2\/comments?post=77033"}],"version-history":[{"count":0,"href":"https:\/\/acs.org.br\/academy\/wp-json\/wp\/v2\/posts\/77033\/revisions"}],"wp:attachment":[{"href":"https:\/\/acs.org.br\/academy\/wp-json\/wp\/v2\/media?parent=77033"}],"wp:term":[{"taxonomy":"category","embeddable":true,"href":"https:\/\/acs.org.br\/academy\/wp-json\/wp\/v2\/categories?post=77033"},{"taxonomy":"post_tag","embeddable":true,"href":"https:\/\/acs.org.br\/academy\/wp-json\/wp\/v2\/tags?post=77033"}],"curies":[{"name":"wp","href":"https:\/\/api.w.org\/{rel}","templated":true}]}}