{"id":77023,"date":"2017-03-10T10:03:10","date_gmt":"2017-03-10T13:03:10","guid":{"rendered":"http:\/\/127.0.0.1\/acs\/alunos-do-curso-de-cafe-da-acs-conhecem-armazem-da-dinamo\/"},"modified":"2017-03-10T10:03:10","modified_gmt":"2017-03-10T13:03:10","slug":"alunos-do-curso-de-cafe-da-acs-conhecem-armazem-da-dinamo","status":"publish","type":"post","link":"https:\/\/acs.org.br\/academy\/alunos-do-curso-de-cafe-da-acs-conhecem-armazem-da-dinamo\/","title":{"rendered":"Alunos do curso de caf\u00e9 da ACS conhecem armaz\u00e9m da D\u00ednamo"},"content":{"rendered":"<p align=\"center\" style=\"text-align: left;\">Fonte: Assessoria de imprensa ACS&nbsp;<\/p>\n<p>A 63\u00aa turma do Curso de Classifica\u00e7\u00e3o e Degusta\u00e7\u00e3o de Caf\u00e9 da Associa\u00e7\u00e3o Comercial de Santos (ACS) conheceu nesta quinta-feira (9) a D\u00ednamo Armaz\u00e9ns Gerais, onde viu todo o processo pelo qual passa o caf\u00e9 depois que ele chega das fazendas.<\/p>\n<\/p>\n<p>O grupo saiu da sede da Associa\u00e7\u00e3o, no Centro de Santos, \u00e0s 8h10, e seguiu em dire\u00e7\u00e3o ao armaz\u00e9m, localizado no bairro Macuco.<\/p>\n<p>Assim que chegaram, os alunos viram como \u00e9 feito o embarque, em caminh\u00f5es, do caf\u00e9 em sacas.<\/p>\n<p>Depois, aprenderam como \u00e9 feita a ventila\u00e7\u00e3o, para retirar os defeitos mais leves, a cata\u00e7\u00e3o eletr\u00f4nica e a em pedra, a separa\u00e7\u00e3o do caf\u00e9 por tamanhos e, por fim, o embalo para exporta\u00e7\u00e3o.<\/p>\n<p><img loading=\"lazy\" decoding=\"async\" class=\" size-full wp-image-76942\" src=\"http:\/\/127.0.0.1\/acs\/wp-content\/uploads\/2017\/03\/WEB_2017_MARCO_DINAMO-W_DINAMO-019.jpg\" width=\"570\" height=\"428\" srcset=\"https:\/\/acs.org.br\/academy\/wp-content\/uploads\/2017\/03\/WEB_2017_MARCO_DINAMO-W_DINAMO-019.jpg 570w, https:\/\/acs.org.br\/academy\/wp-content\/uploads\/2017\/03\/WEB_2017_MARCO_DINAMO-W_DINAMO-019-300x225.jpg 300w\" sizes=\"(max-width: 570px) 100vw, 570px\" \/><\/p>\n<p>Muitos aproveitaram para colocar em pr\u00e1tica o que aprenderam nas aulas: fizeram alguns testes com os gr\u00e3os, cheirando e sentindo a consist\u00eancia deles, procedimentos essenciais da classifica\u00e7\u00e3o de caf\u00e9.<\/p>\n<p>Segundo o professor do curso, Nilton Ribeiro, que \u00e9 classificador e degustador de caf\u00e9, \u00e9 importante que os alunos participem desse tipo de experi\u00eancia.<\/p>\n<p>\u201c\u00c9 no armaz\u00e9m que eles aprendem, na pr\u00e1tica, a prepara\u00e7\u00e3o do caf\u00e9 e como ele \u00e9 embalado para ser exportado\u201d.<\/p>\n<p><b>Hist\u00f3ria do curso<\/b><\/p>\n<p><b> <\/b><\/p>\n<p>O tradicional Curso de Classifica\u00e7\u00e3o e Degusta\u00e7\u00e3o de Caf\u00e9 da Associa\u00e7\u00e3o Comercial de Santos teve in\u00edcio em 1989, com o objetivo de capacitar os alunos a identificar as caracter\u00edsticas do produto, atender \u00e0s exig\u00eancias do mercado e criar oportunidades de neg\u00f3cios.<\/p>\n<p>Al\u00e9m de despertar o interesse de profissionais do mercado cafeeiro do Brasil, o curso da ACS \u00e9 reconhecido tamb\u00e9m pelos principais pa\u00edses consumidores. No m\u00eas de julho de cada ano, japoneses que atuam em empresas relacionadas \u00e0 ind\u00fastria do caf\u00e9 v\u00eam a Santos especialmente para o curso da Associa\u00e7\u00e3o Comercial.<\/p>\n<p>S\u00e3o duas horas di\u00e1rias durante quatro semanas de aprendizagem te\u00f3rica e pr\u00e1tica sobre a hist\u00f3ria do caf\u00e9, produ\u00e7\u00e3o, armazenagem, aspectos econ\u00f4micos nacionais e internacionais, legisla\u00e7\u00e3o, tecnologia, fiscaliza\u00e7\u00e3o, identifica\u00e7\u00e3o de gr\u00e3os, prova de bebida e desenvolvimento de blends (misturas) de caf\u00e9s.<\/p>\n<p>Para participar do curso \u00e9 necess\u00e1rio ter 18 anos de idade, c\u00f3pia do diploma ou certificado de conclus\u00e3o do Ensino M\u00e9dio ou equivalente, atestado de sanidade bucal emitido por profissional habilitado e c\u00f3pia da carteira de identidade (RG) ou passaporte.<\/p>\n<p>Ao final, os alunos com frequ\u00eancia m\u00ednima de 80% e com bom desempenho nas aulas recebem certificado e carteira de classificador.<\/p>\n<p>O curso de caf\u00e9 da ACS \u00e9 supervisionado pelo presidente da Associa\u00e7\u00e3o Comercial de Santos, Roberto Clemente Santini, e pela coordenadora da C\u00e2mara Setorial de Exportadores de Caf\u00e9 da ACS, Evelyse Lopes.<\/p>\n<p>Mais informa\u00e7\u00f5es podem ser obtidas na Associa\u00e7\u00e3o Comercial de Santos, pelo telefone (13) 3212-8200, ramal 220, e-mail: <a href=\"mailto:acs@acs.org.br\">acs@acs.org.br<\/a><\/p>\n<p>\u00a0<\/p>\n<p><b>Confira a programa\u00e7\u00e3o (sujeita a altera\u00e7\u00f5es):<\/b><\/p>\n<p>\u00a0<\/p>\n<p>Dia 10\/03\/2017<\/p>\n<p>&#8211; Introdu\u00e7\u00e3o e classifica\u00e7\u00e3o comercial do caf\u00e9;<\/p>\n<p>&#8211; Tipos na tabela oficial de classifica\u00e7\u00e3o do caf\u00e9;<\/p>\n<p>&#8211; Como fazer uma liga das amostras dos alunos (300 g);<\/p>\n<p>&#8211; Sala de prova;<\/p>\n<p>&#8211; Cup test.<\/p>\n<p>\u00a0<\/p>\n<p>Dia 13\/03\/2017<\/p>\n<p>&#8211; Classifica\u00e7\u00e3o (150 g) da liga dos alunos;<\/p>\n<p>&#8211; Sala de prova;<\/p>\n<p>&#8211; Cup test.<\/p>\n<p>\u00a0<\/p>\n<p>Dia 14\/03\/2017<\/p>\n<p>&#8211; Palestra com Soren Knudsen;<\/p>\n<p>&#8211; Sustentabilidade;<\/p>\n<p>&#8211; Certifica\u00e7\u00f5es usadas nas propriedades cafeeiras;<\/p>\n<p>&#8211; Visita ao Museu do Caf\u00e9<\/p>\n<p>\u00a0<\/p>\n<p>Dia 15\/03\/2017<\/p>\n<p>&#8211; Verifica\u00e7\u00e3o de umidade na liga dos alunos;<\/p>\n<p>&#8211; Classificar amostras de caf\u00e9s baixos para achar o % de PVA;<\/p>\n<p>&#8211; Sala de prova;<\/p>\n<p>&#8211; Cup test.<\/p>\n<p>\u00a0<\/p>\n<p>Dia 16\/03\/2017<\/p>\n<p>&#8211; Visita ao Instituto Agron\u00f4mico de Campinas &#8211; IAC<\/p>\n<p>\u00a0<\/p>\n<p>Dia 17\/03\/2017<\/p>\n<p>&#8211; Morfologia do Cafeeiro Ar\u00e1bico;<\/p>\n<p>&#8211; Principais pragas e doen\u00e7as no caf\u00e9;<\/p>\n<p>&#8211; Sala de prova;<\/p>\n<p>&#8211; Cup test.<\/p>\n<p>\u00a0<\/p>\n<p>Dia 20\/03\/2017<\/p>\n<p>&#8211; Prepara\u00e7\u00e3o de um embarque de M.T.G.B.;<\/p>\n<p>&#8211; Classifica\u00e7\u00e3o para verificar a peneira e o tipo da liga;<\/p>\n<p>&#8211; Sala de prova;<\/p>\n<p>&#8211; Cup test.<\/p>\n<p>\u00a0<\/p>\n<p>Dia 21\/03\/2017<\/p>\n<p>&#8211; Classifica\u00e7\u00e3o do caf\u00e9 por defeitos;<\/p>\n<p>&#8211; Sala de prova;<\/p>\n<p>&#8211; Cup test.<\/p>\n<p>\u00a0<\/p>\n<p>Dia 22\/03\/2017<\/p>\n<p>&#8211; 1\u00ba Levantamento de Caf\u00e9s &#8211; Safra 2017\/2018 da Conab &#8211;&nbsp; Janeiro\/2017;<\/p>\n<p>&#8211; Sala de prova;<\/p>\n<p>&#8211; Cup test.<\/p>\n<p>\u00a0<\/p>\n<p>Dia 23\/03\/2017<\/p>\n<p>&#8211; Classifica\u00e7\u00e3o de caf\u00e9 (defeitos e tipo);<\/p>\n<p>&#8211; Sala de prova;<\/p>\n<p>&#8211; Cup test.<\/p>\n<p>\u00a0<\/p>\n<p>Dia 24\/03\/2017<\/p>\n<p>&#8211; Maiores pa\u00edses produtores e consumidores de caf\u00e9;<\/p>\n<p>&#8211; Caf\u00e9 sol\u00favel;<\/p>\n<p>&#8211; Caf\u00e9 descafeinado;<\/p>\n<p>&#8211; Sala de prova;<\/p>\n<p>&#8211; Cup test.<\/p>\n<p>\u00a0<\/p>\n<p>Dia 27\/03\/2017<\/p>\n<p>&#8211; Palestra: Oscila\u00e7\u00f5es do Mercado de Caf\u00e9 &#8211; Como trabalhar com as bolsas: New York\/ Londres\/ BMF. Palestrante: Alexandre Ferraz &#8211; trader Stockler Comercial e Exportadora de Caf\u00e9 LTDA;<\/p>\n<p>&#8211; Sala de prova;<\/p>\n<p>&#8211; Cup test.<\/p>\n<p>\u00a0<\/p>\n<p>Dia 28\/03\/2017<\/p>\n<p>&#8211; Fazer uma liga de G.T.L.B.;<\/p>\n<p>&#8211; Verificar a peneira de como ficou e tipo;<\/p>\n<p>&#8211; Sala de prova;<\/p>\n<p>&#8211; Cup test.<\/p>\n<p>\u00a0<\/p>\n<p>Dia 29\/03\/2017<\/p>\n<p>&#8211; Proposta dos alunos.<\/p>\n<p>\u00a0<\/p>\n<p>Dia 30\/03\/2017<\/p>\n<p>&#8211; Passeio de lancha \u201cPORT TOUR\u201d no Cais de Santos.<\/p>\n","protected":false},"excerpt":{"rendered":"<p>Fonte: Assessoria de imprensa ACS&nbsp; A 63\u00aa turma do Curso de Classifica\u00e7\u00e3o e Degusta\u00e7\u00e3o de Caf\u00e9 da Associa\u00e7\u00e3o Comercial de Santos (ACS) conheceu nesta quinta-feira (9) a D\u00ednamo Armaz\u00e9ns Gerais, onde viu todo o processo pelo qual passa o caf\u00e9 depois que ele chega das fazendas. O grupo saiu da sede da Associa\u00e7\u00e3o, no Centro [&hellip;]<\/p>\n","protected":false},"author":1,"featured_media":76945,"comment_status":"open","ping_status":"open","sticky":false,"template":"","format":"standard","meta":{"footnotes":""},"categories":[84],"tags":[],"_links":{"self":[{"href":"https:\/\/acs.org.br\/academy\/wp-json\/wp\/v2\/posts\/77023"}],"collection":[{"href":"https:\/\/acs.org.br\/academy\/wp-json\/wp\/v2\/posts"}],"about":[{"href":"https:\/\/acs.org.br\/academy\/wp-json\/wp\/v2\/types\/post"}],"author":[{"embeddable":true,"href":"https:\/\/acs.org.br\/academy\/wp-json\/wp\/v2\/users\/1"}],"replies":[{"embeddable":true,"href":"https:\/\/acs.org.br\/academy\/wp-json\/wp\/v2\/comments?post=77023"}],"version-history":[{"count":0,"href":"https:\/\/acs.org.br\/academy\/wp-json\/wp\/v2\/posts\/77023\/revisions"}],"wp:featuredmedia":[{"embeddable":true,"href":"https:\/\/acs.org.br\/academy\/wp-json\/wp\/v2\/media\/76945"}],"wp:attachment":[{"href":"https:\/\/acs.org.br\/academy\/wp-json\/wp\/v2\/media?parent=77023"}],"wp:term":[{"taxonomy":"category","embeddable":true,"href":"https:\/\/acs.org.br\/academy\/wp-json\/wp\/v2\/categories?post=77023"},{"taxonomy":"post_tag","embeddable":true,"href":"https:\/\/acs.org.br\/academy\/wp-json\/wp\/v2\/tags?post=77023"}],"curies":[{"name":"wp","href":"https:\/\/api.w.org\/{rel}","templated":true}]}}