{"id":76695,"date":"2017-03-03T15:44:29","date_gmt":"2017-03-03T18:44:29","guid":{"rendered":"http:\/\/127.0.0.1\/acs\/museu-do-cafe-completa-19-anos-no-proximo-dia-12-com-programacao-especial\/"},"modified":"2017-03-03T15:44:29","modified_gmt":"2017-03-03T18:44:29","slug":"museu-do-cafe-completa-19-anos-no-proximo-dia-12-com-programacao-especial","status":"publish","type":"post","link":"https:\/\/acs.org.br\/academy\/museu-do-cafe-completa-19-anos-no-proximo-dia-12-com-programacao-especial\/","title":{"rendered":"Museu do Caf\u00e9 completa 19 anos no pr\u00f3ximo dia 12 com programa\u00e7\u00e3o especial"},"content":{"rendered":"<p>No dia 12 deste m\u00eas, o Museu do Caf\u00e9 completa 19 anos e ter\u00e1 uma programa\u00e7\u00e3o especial em comemora\u00e7\u00e3o \u00e0 data. A entrada ser\u00e1 gratuita. Abaixo, mais informa\u00e7\u00f5es.<\/p><\/p>\n","protected":false},"excerpt":{"rendered":"<p>No dia 12 deste m\u00eas, o Museu do Caf\u00e9 completa 19 anos e ter\u00e1 uma programa\u00e7\u00e3o especial em comemora\u00e7\u00e3o \u00e0 data. A entrada ser\u00e1 gratuita. Abaixo, mais informa\u00e7\u00f5es.<\/p>\n","protected":false},"author":1,"featured_media":76694,"comment_status":"open","ping_status":"open","sticky":false,"template":"","format":"standard","meta":{"footnotes":""},"categories":[84],"tags":[],"_links":{"self":[{"href":"https:\/\/acs.org.br\/academy\/wp-json\/wp\/v2\/posts\/76695"}],"collection":[{"href":"https:\/\/acs.org.br\/academy\/wp-json\/wp\/v2\/posts"}],"about":[{"href":"https:\/\/acs.org.br\/academy\/wp-json\/wp\/v2\/types\/post"}],"author":[{"embeddable":true,"href":"https:\/\/acs.org.br\/academy\/wp-json\/wp\/v2\/users\/1"}],"replies":[{"embeddable":true,"href":"https:\/\/acs.org.br\/academy\/wp-json\/wp\/v2\/comments?post=76695"}],"version-history":[{"count":0,"href":"https:\/\/acs.org.br\/academy\/wp-json\/wp\/v2\/posts\/76695\/revisions"}],"wp:featuredmedia":[{"embeddable":true,"href":"https:\/\/acs.org.br\/academy\/wp-json\/wp\/v2\/media\/76694"}],"wp:attachment":[{"href":"https:\/\/acs.org.br\/academy\/wp-json\/wp\/v2\/media?parent=76695"}],"wp:term":[{"taxonomy":"category","embeddable":true,"href":"https:\/\/acs.org.br\/academy\/wp-json\/wp\/v2\/categories?post=76695"},{"taxonomy":"post_tag","embeddable":true,"href":"https:\/\/acs.org.br\/academy\/wp-json\/wp\/v2\/tags?post=76695"}],"curies":[{"name":"wp","href":"https:\/\/api.w.org\/{rel}","templated":true}]}}