{"id":76681,"date":"2017-03-02T16:06:45","date_gmt":"2017-03-02T19:06:45","guid":{"rendered":"http:\/\/127.0.0.1\/acs\/1o-dialogo-com-empresarios-da-baixada-santista-2017\/"},"modified":"2017-03-02T16:06:45","modified_gmt":"2017-03-02T19:06:45","slug":"1o-dialogo-com-empresarios-da-baixada-santista-2017","status":"publish","type":"post","link":"https:\/\/acs.org.br\/academy\/1o-dialogo-com-empresarios-da-baixada-santista-2017\/","title":{"rendered":"1\u00ba Di\u00e1logo com Empres\u00e1rios da Baixada Santista &#8211; 2017"},"content":{"rendered":"<p>Caro associado,<\/p>\n<p>A seguir, convite para o 1\u00ba Di\u00e1logo com Empres\u00e1rios da Baixada Santista \u2013 2017, a realizar-se no dia 7 de mar\u00e7o, \u00e0s 14 horas.<\/p>\n<p>O encontro, em raz\u00e3o das obras de moderniza\u00e7\u00e3o do pr\u00e9dio-sede da ACS, dessa vez ser\u00e1 na <b>Associa\u00e7\u00e3o dos Engenheiros e Arquitetos de Santos,<\/b> \u00e0 Rua Dr. Artur Porchat de Assis, 47, audit\u00f3rio do 1\u00ba andar, Boqueir\u00e3o, Santos\/SP.<\/p><\/p>\n","protected":false},"excerpt":{"rendered":"<p>Caro associado, A seguir, convite para o 1\u00ba Di\u00e1logo com Empres\u00e1rios da Baixada Santista \u2013 2017, a realizar-se no dia 7 de mar\u00e7o, \u00e0s 14 horas. O encontro, em raz\u00e3o das obras de moderniza\u00e7\u00e3o do pr\u00e9dio-sede da ACS, dessa vez ser\u00e1 na Associa\u00e7\u00e3o dos Engenheiros e Arquitetos de Santos, \u00e0 Rua Dr. Artur Porchat de [&hellip;]<\/p>\n","protected":false},"author":1,"featured_media":76680,"comment_status":"open","ping_status":"open","sticky":false,"template":"","format":"standard","meta":{"footnotes":""},"categories":[84],"tags":[],"_links":{"self":[{"href":"https:\/\/acs.org.br\/academy\/wp-json\/wp\/v2\/posts\/76681"}],"collection":[{"href":"https:\/\/acs.org.br\/academy\/wp-json\/wp\/v2\/posts"}],"about":[{"href":"https:\/\/acs.org.br\/academy\/wp-json\/wp\/v2\/types\/post"}],"author":[{"embeddable":true,"href":"https:\/\/acs.org.br\/academy\/wp-json\/wp\/v2\/users\/1"}],"replies":[{"embeddable":true,"href":"https:\/\/acs.org.br\/academy\/wp-json\/wp\/v2\/comments?post=76681"}],"version-history":[{"count":0,"href":"https:\/\/acs.org.br\/academy\/wp-json\/wp\/v2\/posts\/76681\/revisions"}],"wp:featuredmedia":[{"embeddable":true,"href":"https:\/\/acs.org.br\/academy\/wp-json\/wp\/v2\/media\/76680"}],"wp:attachment":[{"href":"https:\/\/acs.org.br\/academy\/wp-json\/wp\/v2\/media?parent=76681"}],"wp:term":[{"taxonomy":"category","embeddable":true,"href":"https:\/\/acs.org.br\/academy\/wp-json\/wp\/v2\/categories?post=76681"},{"taxonomy":"post_tag","embeddable":true,"href":"https:\/\/acs.org.br\/academy\/wp-json\/wp\/v2\/tags?post=76681"}],"curies":[{"name":"wp","href":"https:\/\/api.w.org\/{rel}","templated":true}]}}