{"id":76674,"date":"2017-03-02T11:42:35","date_gmt":"2017-03-02T14:42:35","guid":{"rendered":"http:\/\/127.0.0.1\/acs\/eleicao-e-prestacao-de-contas-na-acs-assembleia-geral-ordinaria-sera-no-dia-14-confira-o-edital\/"},"modified":"2017-03-02T11:42:35","modified_gmt":"2017-03-02T14:42:35","slug":"eleicao-e-prestacao-de-contas-na-acs-assembleia-geral-ordinaria-sera-no-dia-14-confira-o-edital","status":"publish","type":"post","link":"https:\/\/acs.org.br\/academy\/eleicao-e-prestacao-de-contas-na-acs-assembleia-geral-ordinaria-sera-no-dia-14-confira-o-edital\/","title":{"rendered":"Elei\u00e7\u00e3o e presta\u00e7\u00e3o de contas na ACS: Assembleia Geral Ordin\u00e1ria ser\u00e1 no dia 14 &#8211; confira o edital"},"content":{"rendered":"<p>Fonte: Assessoria de imprensa ACS&nbsp;<\/p>\n<p>O presidente da Associa\u00e7\u00e3o Comercial de Santos (ACS), Roberto Clemente Santini, convoca todos os associados aptos e em pleno gozo de seus direitos associativos, com direito a voto, para Assembleia Geral Ordin\u00e1ria, que se realizar\u00e1 no dia 14 deste m\u00eas.<\/p>\n<p><a href=\"http:\/\/127.0.0.1\/acs\/wp-content\/uploads\/2017\/03\/PDF_2017_MARCO_EDITAL.PDF\" target=\"_blank\" rel=\"noopener\">LEIA MAIS&#8230; <\/a>&nbsp;<\/p>\n","protected":false},"excerpt":{"rendered":"<p>Fonte: Assessoria de imprensa ACS&nbsp; O presidente da Associa\u00e7\u00e3o Comercial de Santos (ACS), Roberto Clemente Santini, convoca todos os associados aptos e em pleno gozo de seus direitos associativos, com direito a voto, para Assembleia Geral Ordin\u00e1ria, que se realizar\u00e1 no dia 14 deste m\u00eas. LEIA MAIS&#8230; &nbsp;<\/p>\n","protected":false},"author":1,"featured_media":0,"comment_status":"open","ping_status":"open","sticky":false,"template":"","format":"standard","meta":{"footnotes":""},"categories":[84],"tags":[],"_links":{"self":[{"href":"https:\/\/acs.org.br\/academy\/wp-json\/wp\/v2\/posts\/76674"}],"collection":[{"href":"https:\/\/acs.org.br\/academy\/wp-json\/wp\/v2\/posts"}],"about":[{"href":"https:\/\/acs.org.br\/academy\/wp-json\/wp\/v2\/types\/post"}],"author":[{"embeddable":true,"href":"https:\/\/acs.org.br\/academy\/wp-json\/wp\/v2\/users\/1"}],"replies":[{"embeddable":true,"href":"https:\/\/acs.org.br\/academy\/wp-json\/wp\/v2\/comments?post=76674"}],"version-history":[{"count":0,"href":"https:\/\/acs.org.br\/academy\/wp-json\/wp\/v2\/posts\/76674\/revisions"}],"wp:attachment":[{"href":"https:\/\/acs.org.br\/academy\/wp-json\/wp\/v2\/media?parent=76674"}],"wp:term":[{"taxonomy":"category","embeddable":true,"href":"https:\/\/acs.org.br\/academy\/wp-json\/wp\/v2\/categories?post=76674"},{"taxonomy":"post_tag","embeddable":true,"href":"https:\/\/acs.org.br\/academy\/wp-json\/wp\/v2\/tags?post=76674"}],"curies":[{"name":"wp","href":"https:\/\/api.w.org\/{rel}","templated":true}]}}