{"id":76637,"date":"2017-02-23T16:02:08","date_gmt":"2017-02-23T19:02:08","guid":{"rendered":"http:\/\/127.0.0.1\/acs\/ex-presidente-da-acs-rubens-da-silva-morre-aos-92-anos\/"},"modified":"2017-02-23T16:02:08","modified_gmt":"2017-02-23T19:02:08","slug":"ex-presidente-da-acs-rubens-da-silva-morre-aos-92-anos","status":"publish","type":"post","link":"https:\/\/acs.org.br\/academy\/ex-presidente-da-acs-rubens-da-silva-morre-aos-92-anos\/","title":{"rendered":"Ex-presidente da ACS, Rubens da Silva, morre aos 92 anos"},"content":{"rendered":"<p style=\"text-align: left;\" align=\"center\">Fonte: Assessoria de imprensa ACS&nbsp;<\/p>\n<p>O ex-presidente da Associa\u00e7\u00e3o Comercial de Santos (ACS), na gest\u00e3o de 1989 a 1992, Rubens da Silva, faleceu na manh\u00e3 desta quinta-feira (23), em Santos. Ele ser\u00e1 velado hoje, a partir das 17 horas, na Memorial Necr\u00f3pole Ecum\u00eanica.<\/p>\n<p>Rubens sempre foi muito atuante na ACS, mesmo ap\u00f3s deixar a diretoria da Casa. Uma de suas \u00faltimas visitas \u00e0 Institui\u00e7\u00e3o correu em 2015, durante cerim\u00f4nia de posse de seu neto Guilherme Fonseca e Silva, eleito coordenador da Associa\u00e7\u00e3o Comercial de Santos Jovem &#8211; ACS Jovem &#8211; em 6 de agosto daquele ano.<\/p>\n<\/p>\n<p><img loading=\"lazy\" decoding=\"async\" class=\" size-full wp-image-76635\" src=\"http:\/\/127.0.0.1\/acs\/wp-content\/uploads\/2017\/02\/WEB_2017_FEVEREIRO_RUBENS-W_RUBENS-3.JPG\" width=\"570\" height=\"428\" srcset=\"https:\/\/acs.org.br\/academy\/wp-content\/uploads\/2017\/02\/WEB_2017_FEVEREIRO_RUBENS-W_RUBENS-3.JPG 570w, https:\/\/acs.org.br\/academy\/wp-content\/uploads\/2017\/02\/WEB_2017_FEVEREIRO_RUBENS-W_RUBENS-3-300x225.jpg 300w\" sizes=\"(max-width: 570px) 100vw, 570px\" \/><\/p>\n<p>Na ocasi\u00e3o, ele ressaltou a import\u00e2ncia de o Brasil abrigar cada vez mais jovens de qualidade. \u201cAt\u00e9 pouco tempo atr\u00e1s a juventude brasileira estava desorientada. \u00c9 surpreendente ver a qualidade dos jovens agora&#8221;.<\/p>\n<p><img loading=\"lazy\" decoding=\"async\" class=\" size-full wp-image-76636\" src=\"http:\/\/127.0.0.1\/acs\/wp-content\/uploads\/2017\/02\/WEB_2017_FEVEREIRO_RUBENS-W_RUBENS-1.JPG\" width=\"570\" height=\"629\" srcset=\"https:\/\/acs.org.br\/academy\/wp-content\/uploads\/2017\/02\/WEB_2017_FEVEREIRO_RUBENS-W_RUBENS-1.JPG 570w, https:\/\/acs.org.br\/academy\/wp-content\/uploads\/2017\/02\/WEB_2017_FEVEREIRO_RUBENS-W_RUBENS-1-272x300.jpg 272w\" sizes=\"(max-width: 570px) 100vw, 570px\" \/><\/p>\n<p>Sua atua\u00e7\u00e3o na ACS come\u00e7ou nos anos 70, como diretor. Chegou \u00e0 presid\u00eancia da Casa em 1989 e, ap\u00f3s o t\u00e9rmino de seu mandato, em 1992, foi eleito presidente do Conselho deliberativo da Associa\u00e7\u00e3o, em 2005.<\/p>\n<p>Nascido no bairro do Macuco, em Santos, ainda muito jovem Rubens estudou contabilidade, conhecimento que utilizou para criar, em 1969, a Nautilus Ag\u00eancia Mar\u00edtima, que tornou-se a principal ag\u00eancia do Brasil na \u00e9poca. A empresa era administrada por ele e seus filhos Thales, Thame e Tennyson.<\/p>\n<p>Como grande empreendedor que era, nos anos 80 construiu o primeiro terminal retroportu\u00e1rio da Margem Esquerda do Porto de Santos, prevendo o crescimento de Guaruj\u00e1, cidade apenas tur\u00edstica at\u00e9 ent\u00e3o.<\/p>\n<p>Ao longo de sua carreira, foi membro do Conselho de Administra\u00e7\u00e3o da Codesp (autoridade portu\u00e1ria), o Consad, al\u00e9m de acionista minorit\u00e1rio do Porto de Santos. Foi criador da Soamar, a Sociedade dos Amigos da Marinha, raz\u00e3o pela qual foi homenageado recentemente, durante evento na institui\u00e7\u00e3o.<\/p>\n<p>Rubens da Silva foi ainda presidente da Funda\u00e7\u00e3o Lus\u00edada e conselheiro da primeira faculdade de medicina de Santos, na pr\u00f3pria Unilus. Tamb\u00e9m atuou como conselheiro da Universidade Cat\u00f3lica de Santos &#8211; Unisantos.<\/p>\n<p>Sua atua\u00e7\u00e3o n\u00e3o ficou restrita ao setor portu\u00e1rio e \u00e0s universidades. Ele exerceu importantes pap\u00e9is nas \u00e1reas da sa\u00fade, como conselheiro da Santa Casa de Miseric\u00f3rdia de Santos, e da cultura, como conselheiro da Pinacoteca, per\u00edodo em que o presidente da institui\u00e7\u00e3o era Roberto Mario Santini.<\/p>\n<p>Nas redes sociais, o neto Guilherme, ainda membro da ACS Jovem, deixou uma mensagem ap\u00f3s o falecimento do av\u00f4. Confira um trecho:<\/p>\n<p>&#8220;Descanse em paz meu av\u00f4 Rubens da Silva.&nbsp;Meu av\u00f4, mas tamb\u00e9m o de muitos santistas. Ele foi pai de muitos jovens. Com um cora\u00e7\u00e3o enorme, conquistou muito em 92 anos de vida. Muito mais que bens materiais, homenagens e honras, ele conquistou muitos e muitos amigos. O meu av\u00f4 sempre foi um homem de palavra, de car\u00e1ter e focado no trabalho. Devido ao seu grande esfor\u00e7o, ele p\u00f4de proporcionar a mim e minha fam\u00edlia os melhores col\u00e9gios, faculdades e experi\u00eancias. Obrigado por tudo o que voc\u00ea fez por mim e por todo o apoio que me deu. Voc\u00ea foi e sempre ser\u00e1 o cara\u201d.<\/p>\n<p>O presidente da Associa\u00e7\u00e3o Comercial de Santos, Roberto Clemente Santini, lamentou a morte de Rubens da Silva. \u201cSua trajet\u00f3ria, tanto pessoal quanto profissional, est\u00e1 registrada na hist\u00f3ria de Santos. Sem d\u00favida, uma grande perda para todos. Importante destacar sua atua\u00e7\u00e3o como presidente da Associa\u00e7\u00e3o Comercial de Santos, principalmente por sua natural lideran\u00e7a\u201d.<\/p>\n<p>O vel\u00f3rio de Rubens da Silva come\u00e7a nesta quinta-feira (23), \u00e0s 17 horas, na Memorial Necr\u00f3pole Ecum\u00eanica, que fica \u00e0 Av. Dr. Nilo Pe\u00e7anha, 50, Marap\u00e9, em Santos. O sepultamento ser\u00e1 nesta sexta-feira (24), \u00e0s 11 horas.<\/p>\n","protected":false},"excerpt":{"rendered":"<p>Fonte: Assessoria de imprensa ACS&nbsp; O ex-presidente da Associa\u00e7\u00e3o Comercial de Santos (ACS), na gest\u00e3o de 1989 a 1992, Rubens da Silva, faleceu na manh\u00e3 desta quinta-feira (23), em Santos. Ele ser\u00e1 velado hoje, a partir das 17 horas, na Memorial Necr\u00f3pole Ecum\u00eanica. Rubens sempre foi muito atuante na ACS, mesmo ap\u00f3s deixar a diretoria [&hellip;]<\/p>\n","protected":false},"author":1,"featured_media":76634,"comment_status":"open","ping_status":"open","sticky":false,"template":"","format":"standard","meta":{"footnotes":""},"categories":[84],"tags":[],"_links":{"self":[{"href":"https:\/\/acs.org.br\/academy\/wp-json\/wp\/v2\/posts\/76637"}],"collection":[{"href":"https:\/\/acs.org.br\/academy\/wp-json\/wp\/v2\/posts"}],"about":[{"href":"https:\/\/acs.org.br\/academy\/wp-json\/wp\/v2\/types\/post"}],"author":[{"embeddable":true,"href":"https:\/\/acs.org.br\/academy\/wp-json\/wp\/v2\/users\/1"}],"replies":[{"embeddable":true,"href":"https:\/\/acs.org.br\/academy\/wp-json\/wp\/v2\/comments?post=76637"}],"version-history":[{"count":0,"href":"https:\/\/acs.org.br\/academy\/wp-json\/wp\/v2\/posts\/76637\/revisions"}],"wp:featuredmedia":[{"embeddable":true,"href":"https:\/\/acs.org.br\/academy\/wp-json\/wp\/v2\/media\/76634"}],"wp:attachment":[{"href":"https:\/\/acs.org.br\/academy\/wp-json\/wp\/v2\/media?parent=76637"}],"wp:term":[{"taxonomy":"category","embeddable":true,"href":"https:\/\/acs.org.br\/academy\/wp-json\/wp\/v2\/categories?post=76637"},{"taxonomy":"post_tag","embeddable":true,"href":"https:\/\/acs.org.br\/academy\/wp-json\/wp\/v2\/tags?post=76637"}],"curies":[{"name":"wp","href":"https:\/\/api.w.org\/{rel}","templated":true}]}}