{"id":76628,"date":"2017-02-23T14:37:04","date_gmt":"2017-02-23T17:37:04","guid":{"rendered":"http:\/\/127.0.0.1\/acs\/nota-de-falecimento-2\/"},"modified":"2017-02-23T14:37:04","modified_gmt":"2017-02-23T17:37:04","slug":"nota-de-falecimento-2","status":"publish","type":"post","link":"https:\/\/acs.org.br\/academy\/nota-de-falecimento-2\/","title":{"rendered":"Nota de falecimento"},"content":{"rendered":"<p>Com pesar, informamos o falecimento, h\u00e1 pouco, do sr. Rubens da Silva, ex-presidente da Associa\u00e7\u00e3o Comercial de Santos e da Nautilus.<br \/>O vel\u00f3rio come\u00e7ar\u00e1 hoje (23), &nbsp;\u00e0s 17 horas, na Memorial Necr\u00f3pole Ecum\u00eanica. O sepultamento ser\u00e1 amanh\u00e3, (24), \u00e0s 11 horas.<br \/>Rubens da Silva tinha 92 anos.&nbsp;<\/p>\n<p>Atenciosamente<\/p>\n<p>Marcio Calves<br \/>Diretor-executivo<br \/><b><i>Associa\u00e7\u00e3o Comercial de Santos<\/i><\/b><\/p>\n<p>\u00a0<\/p>\n","protected":false},"excerpt":{"rendered":"<p>Com pesar, informamos o falecimento, h\u00e1 pouco, do sr. Rubens da Silva, ex-presidente da Associa\u00e7\u00e3o Comercial de Santos e da Nautilus.O vel\u00f3rio come\u00e7ar\u00e1 hoje (23), &nbsp;\u00e0s 17 horas, na Memorial Necr\u00f3pole Ecum\u00eanica. O sepultamento ser\u00e1 amanh\u00e3, (24), \u00e0s 11 horas.Rubens da Silva tinha 92 anos.&nbsp; Atenciosamente Marcio CalvesDiretor-executivoAssocia\u00e7\u00e3o Comercial de Santos \u00a0<\/p>\n","protected":false},"author":1,"featured_media":0,"comment_status":"open","ping_status":"open","sticky":false,"template":"","format":"standard","meta":{"footnotes":""},"categories":[84],"tags":[],"_links":{"self":[{"href":"https:\/\/acs.org.br\/academy\/wp-json\/wp\/v2\/posts\/76628"}],"collection":[{"href":"https:\/\/acs.org.br\/academy\/wp-json\/wp\/v2\/posts"}],"about":[{"href":"https:\/\/acs.org.br\/academy\/wp-json\/wp\/v2\/types\/post"}],"author":[{"embeddable":true,"href":"https:\/\/acs.org.br\/academy\/wp-json\/wp\/v2\/users\/1"}],"replies":[{"embeddable":true,"href":"https:\/\/acs.org.br\/academy\/wp-json\/wp\/v2\/comments?post=76628"}],"version-history":[{"count":0,"href":"https:\/\/acs.org.br\/academy\/wp-json\/wp\/v2\/posts\/76628\/revisions"}],"wp:attachment":[{"href":"https:\/\/acs.org.br\/academy\/wp-json\/wp\/v2\/media?parent=76628"}],"wp:term":[{"taxonomy":"category","embeddable":true,"href":"https:\/\/acs.org.br\/academy\/wp-json\/wp\/v2\/categories?post=76628"},{"taxonomy":"post_tag","embeddable":true,"href":"https:\/\/acs.org.br\/academy\/wp-json\/wp\/v2\/tags?post=76628"}],"curies":[{"name":"wp","href":"https:\/\/api.w.org\/{rel}","templated":true}]}}