{"id":76444,"date":"2017-02-03T17:56:57","date_gmt":"2017-02-03T19:56:57","guid":{"rendered":"http:\/\/127.0.0.1\/acs\/linhas-de-credito-representantes-do-bndes-apresentam-novidades-durante-palestra-na-associacao-comercial-de-santos\/"},"modified":"2017-02-03T17:56:57","modified_gmt":"2017-02-03T19:56:57","slug":"linhas-de-credito-representantes-do-bndes-apresentam-novidades-durante-palestra-na-associacao-comercial-de-santos","status":"publish","type":"post","link":"https:\/\/acs.org.br\/academy\/linhas-de-credito-representantes-do-bndes-apresentam-novidades-durante-palestra-na-associacao-comercial-de-santos\/","title":{"rendered":"Linhas de cr\u00e9dito &#8211; Representantes do BNDES apresentam novidades durante palestra na Associa\u00e7\u00e3o Comercial de Santos"},"content":{"rendered":"<p>Fonte: Assessoria de imprensa ACS<\/p>\n<p>Empres\u00e1rios e s\u00f3cios da Associa\u00e7\u00e3o Comercial de Santos (ACS) participaram, nesta quinta-feira (2), de palestra com representantes do Banco Nacional de Desenvolvimento Econ\u00f4mico e Social (BNDES). A gerente Ana Paula Bernardino e o engenheiro Pablo Barrio Arconada, ambos do Departamento Regional Sul do BNDES, falaram, entre outros assuntos, da decis\u00e3o de o Banco oferecer R$ 13 bilh\u00f5es, por meio do programa BNDES Progeren, para estimular a retomada do desenvolvimento econ\u00f4mico, funcionando como supridor de capital de giro para as empresas nacionais.<\/p>\n<\/p>\n<p>\u00a0<\/p>\n<p>O evento foi aberto pelo diretor-executivo da ACS, Marcio Calves, e contou com as participa\u00e7\u00f5es dos tamb\u00e9m diretores da Casa, Vicente do Valle e Gustavo Pierotti.<\/p>\n<p><img loading=\"lazy\" decoding=\"async\" class=\" size-full wp-image-76440\" src=\"http:\/\/127.0.0.1\/acs\/wp-content\/uploads\/2017\/02\/BNDES_0009.jpg\" width=\"570\" height=\"455\" srcset=\"https:\/\/acs.org.br\/academy\/wp-content\/uploads\/2017\/02\/BNDES_0009.jpg 570w, https:\/\/acs.org.br\/academy\/wp-content\/uploads\/2017\/02\/BNDES_0009-300x239.jpg 300w\" sizes=\"(max-width: 570px) 100vw, 570px\" \/><\/p>\n<p>Primeiramente, a gerente Ana Paula Bernardino destacou, em sua palestra, os produtos oferecidos pelo Banco, entre eles o Cart\u00e3o BNDES, que \u00e9 baseado no modelo de cart\u00e3o de cr\u00e9dito, no qual o empres\u00e1rio negocia com o agente financeiro um limite de cr\u00e9dito, destinado \u00e0 aquisi\u00e7\u00e3o de m\u00e1quinas, servi\u00e7os de inova\u00e7\u00e3o e acess\u00f3rios; o BNDES Finame (Ag\u00eancia Especial de Financiamento Industrial) voltado \u00e0 aquisi\u00e7\u00e3o de m\u00e1quinas e equipamentos; e BNDES Autom\u00e1tico, uma linha voltada \u00e0 capacidade produtiva, para instala\u00e7\u00e3o, moderniza\u00e7\u00e3o e amplia\u00e7\u00e3o das instala\u00e7\u00f5es da empresa.<\/p>\n<p><img loading=\"lazy\" decoding=\"async\" class=\" size-full wp-image-76441\" src=\"http:\/\/127.0.0.1\/acs\/wp-content\/uploads\/2017\/02\/BNDES_0020.jpg\" width=\"570\" height=\"428\" srcset=\"https:\/\/acs.org.br\/academy\/wp-content\/uploads\/2017\/02\/BNDES_0020.jpg 570w, https:\/\/acs.org.br\/academy\/wp-content\/uploads\/2017\/02\/BNDES_0020-300x225.jpg 300w\" sizes=\"(max-width: 570px) 100vw, 570px\" \/><\/p>\n<p>J\u00e1 entre as novidades, ela falou sobre a linha de capital de giro, que recentemente sofreu altera\u00e7\u00f5es. Segundo a gerente, dadas as condi\u00e7\u00f5es atuais da economia, o BNDES estendeu o que ele chama de \u2018grupos de pequenas e m\u00e9dias empresas\u2019, permitindo o acesso ao Cart\u00e3o BNDES para empresas com faturamento de at\u00e9 R$ 300 milh\u00f5es.<\/p>\n<p>\u201cA m\u00e9dia empresa era aquela com receita operacional bruta anual de at\u00e9 R$ 90 milh\u00f5es e agora se estende tamb\u00e9m \u00e0quelas com faturamento anual de at\u00e9 R$ 300 milh\u00f5es. Dessa forma, esses empres\u00e1rios podem acessar os recursos do banco com um custo melhor\u201d.<\/p>\n<p>Outra novidade \u00e9 que o acesso ao capital de giro BNDES Progeren pode ser feito agora diretamente com o Banco para solicita\u00e7\u00f5es de financiamento a partir de R$ 10 milh\u00f5es por ano.<\/p>\n<p><img loading=\"lazy\" decoding=\"async\" class=\" size-full wp-image-76442\" src=\"http:\/\/127.0.0.1\/acs\/wp-content\/uploads\/2017\/02\/BNDES_0016.jpg\" width=\"570\" height=\"427\" srcset=\"https:\/\/acs.org.br\/academy\/wp-content\/uploads\/2017\/02\/BNDES_0016.jpg 570w, https:\/\/acs.org.br\/academy\/wp-content\/uploads\/2017\/02\/BNDES_0016-300x225.jpg 300w\" sizes=\"(max-width: 570px) 100vw, 570px\" \/><\/p>\n<p>Antes, essas linhas eram feitas somente via agentes financeiros, o que gerava reclama\u00e7\u00f5es por parte de empres\u00e1rios, uma vez que as empresas t\u00eam alegado dificuldades de acesso aos recursos do BNDES mediante repasse. \u201cClaro que a empresa precisa cumprir os requisitos estabelecidos pelo BNDES para acessar as condi\u00e7\u00f5es oferecidas\u201d, completou Ana.<\/p>\n<p>Todo o conte\u00fado da palestra pode ser acessado clicando <a target=\"_blank\" href=\"http:\/\/127.0.0.1\/acs\/wp-content\/uploads\/2017\/02\/BNDES.PDF\" rel=\"noopener\">aqui<\/a>.<\/p>\n","protected":false},"excerpt":{"rendered":"<p>Fonte: Assessoria de imprensa ACS Empres\u00e1rios e s\u00f3cios da Associa\u00e7\u00e3o Comercial de Santos (ACS) participaram, nesta quinta-feira (2), de palestra com representantes do Banco Nacional de Desenvolvimento Econ\u00f4mico e Social (BNDES). A gerente Ana Paula Bernardino e o engenheiro Pablo Barrio Arconada, ambos do Departamento Regional Sul do BNDES, falaram, entre outros assuntos, da decis\u00e3o [&hellip;]<\/p>\n","protected":false},"author":1,"featured_media":76439,"comment_status":"open","ping_status":"open","sticky":false,"template":"","format":"standard","meta":{"footnotes":""},"categories":[84],"tags":[],"_links":{"self":[{"href":"https:\/\/acs.org.br\/academy\/wp-json\/wp\/v2\/posts\/76444"}],"collection":[{"href":"https:\/\/acs.org.br\/academy\/wp-json\/wp\/v2\/posts"}],"about":[{"href":"https:\/\/acs.org.br\/academy\/wp-json\/wp\/v2\/types\/post"}],"author":[{"embeddable":true,"href":"https:\/\/acs.org.br\/academy\/wp-json\/wp\/v2\/users\/1"}],"replies":[{"embeddable":true,"href":"https:\/\/acs.org.br\/academy\/wp-json\/wp\/v2\/comments?post=76444"}],"version-history":[{"count":0,"href":"https:\/\/acs.org.br\/academy\/wp-json\/wp\/v2\/posts\/76444\/revisions"}],"wp:featuredmedia":[{"embeddable":true,"href":"https:\/\/acs.org.br\/academy\/wp-json\/wp\/v2\/media\/76439"}],"wp:attachment":[{"href":"https:\/\/acs.org.br\/academy\/wp-json\/wp\/v2\/media?parent=76444"}],"wp:term":[{"taxonomy":"category","embeddable":true,"href":"https:\/\/acs.org.br\/academy\/wp-json\/wp\/v2\/categories?post=76444"},{"taxonomy":"post_tag","embeddable":true,"href":"https:\/\/acs.org.br\/academy\/wp-json\/wp\/v2\/tags?post=76444"}],"curies":[{"name":"wp","href":"https:\/\/api.w.org\/{rel}","templated":true}]}}