{"id":76434,"date":"2017-02-03T09:17:13","date_gmt":"2017-02-03T11:17:13","guid":{"rendered":"http:\/\/127.0.0.1\/acs\/diretor-da-acs-solicita-a-ministro-que-cap-volte-a-ter-carater-deliberativo\/"},"modified":"2017-02-03T09:17:13","modified_gmt":"2017-02-03T11:17:13","slug":"diretor-da-acs-solicita-a-ministro-que-cap-volte-a-ter-carater-deliberativo","status":"publish","type":"post","link":"https:\/\/acs.org.br\/academy\/diretor-da-acs-solicita-a-ministro-que-cap-volte-a-ter-carater-deliberativo\/","title":{"rendered":"Diretor da ACS solicita a ministro que CAP volte a ter car\u00e1ter deliberativo"},"content":{"rendered":"<p>Fonte: Assessoria de imprensa ACS<\/p>\n<\/p>\n<p>Durante reuni\u00e3o com o Ministro dos Transportes, Portos e Avia\u00e7\u00e3o Civil, Maur\u00edcio Quintella Malta Lessa, na \u00faltima quinta-feira (3), na Codesp, &nbsp;o diretor da Associa\u00e7\u00e3o Comercial de Santos (ACS), Vicente do Valle, solicitou que o Conselho de Autoridade Portu\u00e1ria (CAP) volte a ser um \u00f3rg\u00e3o deliberativo, nos moldes da sua cria\u00e7\u00e3o pela antiga Lei 8.630. Com o novo marco regulat\u00f3rio, lei n\u00ba 12.815, de 2013, o \u00f3rg\u00e3o tornou-se apenas consultivo e teve sua estrutura de representatividade alterada, o que desagradou a classe portu\u00e1ria. Vicente do Valle destacou ao ministro a import\u00e2ncia do CAP recuperar&nbsp; sua antiga composi\u00e7\u00e3o, que garantia equil\u00edbrio e participa\u00e7\u00e3o de todos os segmentos da comunidade portu\u00e1ria.<\/p>\n<p><img loading=\"lazy\" decoding=\"async\" class=\" size-full wp-image-76432\" src=\"http:\/\/127.0.0.1\/acs\/wp-content\/uploads\/2017\/02\/VI1.JPG\" width=\"570\" height=\"367\" srcset=\"https:\/\/acs.org.br\/academy\/wp-content\/uploads\/2017\/02\/VI1.JPG 570w, https:\/\/acs.org.br\/academy\/wp-content\/uploads\/2017\/02\/VI1-300x193.jpg 300w\" sizes=\"(max-width: 570px) 100vw, 570px\" \/><\/p>\n<p><img loading=\"lazy\" decoding=\"async\" class=\" size-full wp-image-76433\" src=\"http:\/\/127.0.0.1\/acs\/wp-content\/uploads\/2017\/02\/VI2.JPG\" width=\"570\" height=\"428\" srcset=\"https:\/\/acs.org.br\/academy\/wp-content\/uploads\/2017\/02\/VI2.JPG 570w, https:\/\/acs.org.br\/academy\/wp-content\/uploads\/2017\/02\/VI2-300x225.jpg 300w\" sizes=\"(max-width: 570px) 100vw, 570px\" \/><\/p>\n<p>\u00a0<\/p>\n<p>\u00a0<\/p>\n<p>\u00a0<\/p>\n<p>\u00a0<\/p>\n<p>\u00a0<\/p>\n<p>\u00a0<\/p>\n","protected":false},"excerpt":{"rendered":"<p>Fonte: Assessoria de imprensa ACS Durante reuni\u00e3o com o Ministro dos Transportes, Portos e Avia\u00e7\u00e3o Civil, Maur\u00edcio Quintella Malta Lessa, na \u00faltima quinta-feira (3), na Codesp, &nbsp;o diretor da Associa\u00e7\u00e3o Comercial de Santos (ACS), Vicente do Valle, solicitou que o Conselho de Autoridade Portu\u00e1ria (CAP) volte a ser um \u00f3rg\u00e3o deliberativo, nos moldes da sua [&hellip;]<\/p>\n","protected":false},"author":1,"featured_media":76431,"comment_status":"open","ping_status":"open","sticky":false,"template":"","format":"standard","meta":{"footnotes":""},"categories":[84],"tags":[],"_links":{"self":[{"href":"https:\/\/acs.org.br\/academy\/wp-json\/wp\/v2\/posts\/76434"}],"collection":[{"href":"https:\/\/acs.org.br\/academy\/wp-json\/wp\/v2\/posts"}],"about":[{"href":"https:\/\/acs.org.br\/academy\/wp-json\/wp\/v2\/types\/post"}],"author":[{"embeddable":true,"href":"https:\/\/acs.org.br\/academy\/wp-json\/wp\/v2\/users\/1"}],"replies":[{"embeddable":true,"href":"https:\/\/acs.org.br\/academy\/wp-json\/wp\/v2\/comments?post=76434"}],"version-history":[{"count":0,"href":"https:\/\/acs.org.br\/academy\/wp-json\/wp\/v2\/posts\/76434\/revisions"}],"wp:featuredmedia":[{"embeddable":true,"href":"https:\/\/acs.org.br\/academy\/wp-json\/wp\/v2\/media\/76431"}],"wp:attachment":[{"href":"https:\/\/acs.org.br\/academy\/wp-json\/wp\/v2\/media?parent=76434"}],"wp:term":[{"taxonomy":"category","embeddable":true,"href":"https:\/\/acs.org.br\/academy\/wp-json\/wp\/v2\/categories?post=76434"},{"taxonomy":"post_tag","embeddable":true,"href":"https:\/\/acs.org.br\/academy\/wp-json\/wp\/v2\/tags?post=76434"}],"curies":[{"name":"wp","href":"https:\/\/api.w.org\/{rel}","templated":true}]}}