{"id":76391,"date":"2017-02-01T10:16:39","date_gmt":"2017-02-01T12:16:39","guid":{"rendered":"http:\/\/127.0.0.1\/acs\/eleicao-da-diretoria-executiva-e-do-conselho-fiscal-2017-comunicado-aos-associados\/"},"modified":"2017-02-01T10:16:39","modified_gmt":"2017-02-01T12:16:39","slug":"eleicao-da-diretoria-executiva-e-do-conselho-fiscal-2017-comunicado-aos-associados","status":"publish","type":"post","link":"https:\/\/acs.org.br\/academy\/eleicao-da-diretoria-executiva-e-do-conselho-fiscal-2017-comunicado-aos-associados\/","title":{"rendered":"Elei\u00e7\u00e3o da Diretoria Executiva e do Conselho Fiscal 2017: comunicado aos associados"},"content":{"rendered":"<p>Caro associado,&nbsp;<\/p>\n<p>Apenas uma chapa foi inscrita para a elei\u00e7\u00e3o&nbsp;da Diretoria Executiva e do Conselho Fiscal deste ano. Para mais informa\u00e7\u00f5es, clique <a href=\"http:\/\/127.0.0.1\/acs\/wp-content\/uploads\/2017\/02\/chapa.PDF\">aqui<\/a>.<\/p>\n<p>\u00a0<\/p>\n","protected":false},"excerpt":{"rendered":"<p>Caro associado,&nbsp; Apenas uma chapa foi inscrita para a elei\u00e7\u00e3o&nbsp;da Diretoria Executiva e do Conselho Fiscal deste ano. Para mais informa\u00e7\u00f5es, clique aqui. \u00a0<\/p>\n","protected":false},"author":1,"featured_media":0,"comment_status":"open","ping_status":"open","sticky":false,"template":"","format":"standard","meta":{"footnotes":""},"categories":[84],"tags":[],"_links":{"self":[{"href":"https:\/\/acs.org.br\/academy\/wp-json\/wp\/v2\/posts\/76391"}],"collection":[{"href":"https:\/\/acs.org.br\/academy\/wp-json\/wp\/v2\/posts"}],"about":[{"href":"https:\/\/acs.org.br\/academy\/wp-json\/wp\/v2\/types\/post"}],"author":[{"embeddable":true,"href":"https:\/\/acs.org.br\/academy\/wp-json\/wp\/v2\/users\/1"}],"replies":[{"embeddable":true,"href":"https:\/\/acs.org.br\/academy\/wp-json\/wp\/v2\/comments?post=76391"}],"version-history":[{"count":0,"href":"https:\/\/acs.org.br\/academy\/wp-json\/wp\/v2\/posts\/76391\/revisions"}],"wp:attachment":[{"href":"https:\/\/acs.org.br\/academy\/wp-json\/wp\/v2\/media?parent=76391"}],"wp:term":[{"taxonomy":"category","embeddable":true,"href":"https:\/\/acs.org.br\/academy\/wp-json\/wp\/v2\/categories?post=76391"},{"taxonomy":"post_tag","embeddable":true,"href":"https:\/\/acs.org.br\/academy\/wp-json\/wp\/v2\/tags?post=76391"}],"curies":[{"name":"wp","href":"https:\/\/api.w.org\/{rel}","templated":true}]}}