{"id":75611,"date":"2016-12-27T16:59:53","date_gmt":"2016-12-27T18:59:53","guid":{"rendered":"http:\/\/127.0.0.1\/acs\/o-museu-do-cafe-convida-para-inauguracao-de-exposicao-nesta-quarta-feira-28\/"},"modified":"2016-12-27T16:59:53","modified_gmt":"2016-12-27T18:59:53","slug":"o-museu-do-cafe-convida-para-inauguracao-de-exposicao-nesta-quarta-feira-28","status":"publish","type":"post","link":"https:\/\/acs.org.br\/academy\/o-museu-do-cafe-convida-para-inauguracao-de-exposicao-nesta-quarta-feira-28\/","title":{"rendered":"O Museu do Caf\u00e9 convida para inaugura\u00e7\u00e3o de  exposi\u00e7\u00e3o nesta quarta-feira (28)"},"content":{"rendered":"<p>O Museu do Caf\u00e9 convida para a inaugura\u00e7\u00e3o da exposi\u00e7\u00e3o &nbsp;\u201c\u00c0 venda: propagandas de caf\u00e9 em jornais e peri\u00f3dicos\u201d, que aborda a apresenta\u00e7\u00e3o do caf\u00e9 nos meios publicit\u00e1rios impressos no in\u00edcio do s\u00e9culo XX, a partir das diferentes estrat\u00e9gias de atra\u00e7\u00e3o do consumidor.<\/p>\n<p>\u00a0<\/p>\n","protected":false},"excerpt":{"rendered":"<p>O Museu do Caf\u00e9 convida para a inaugura\u00e7\u00e3o da exposi\u00e7\u00e3o &nbsp;\u201c\u00c0 venda: propagandas de caf\u00e9 em jornais e peri\u00f3dicos\u201d, que aborda a apresenta\u00e7\u00e3o do caf\u00e9 nos meios publicit\u00e1rios impressos no in\u00edcio do s\u00e9culo XX, a partir das diferentes estrat\u00e9gias de atra\u00e7\u00e3o do consumidor. \u00a0<\/p>\n","protected":false},"author":1,"featured_media":75610,"comment_status":"open","ping_status":"open","sticky":false,"template":"","format":"standard","meta":{"footnotes":""},"categories":[84],"tags":[],"_links":{"self":[{"href":"https:\/\/acs.org.br\/academy\/wp-json\/wp\/v2\/posts\/75611"}],"collection":[{"href":"https:\/\/acs.org.br\/academy\/wp-json\/wp\/v2\/posts"}],"about":[{"href":"https:\/\/acs.org.br\/academy\/wp-json\/wp\/v2\/types\/post"}],"author":[{"embeddable":true,"href":"https:\/\/acs.org.br\/academy\/wp-json\/wp\/v2\/users\/1"}],"replies":[{"embeddable":true,"href":"https:\/\/acs.org.br\/academy\/wp-json\/wp\/v2\/comments?post=75611"}],"version-history":[{"count":0,"href":"https:\/\/acs.org.br\/academy\/wp-json\/wp\/v2\/posts\/75611\/revisions"}],"wp:featuredmedia":[{"embeddable":true,"href":"https:\/\/acs.org.br\/academy\/wp-json\/wp\/v2\/media\/75610"}],"wp:attachment":[{"href":"https:\/\/acs.org.br\/academy\/wp-json\/wp\/v2\/media?parent=75611"}],"wp:term":[{"taxonomy":"category","embeddable":true,"href":"https:\/\/acs.org.br\/academy\/wp-json\/wp\/v2\/categories?post=75611"},{"taxonomy":"post_tag","embeddable":true,"href":"https:\/\/acs.org.br\/academy\/wp-json\/wp\/v2\/tags?post=75611"}],"curies":[{"name":"wp","href":"https:\/\/api.w.org\/{rel}","templated":true}]}}