{"id":75598,"date":"2016-12-26T16:27:13","date_gmt":"2016-12-26T18:27:13","guid":{"rendered":"http:\/\/127.0.0.1\/acs\/reforma-acs-presidente-assina-contrato-e-obra-comecara-na-proxima-semana\/"},"modified":"2016-12-26T16:27:13","modified_gmt":"2016-12-26T18:27:13","slug":"reforma-acs-presidente-assina-contrato-e-obra-comecara-na-proxima-semana","status":"publish","type":"post","link":"https:\/\/acs.org.br\/academy\/reforma-acs-presidente-assina-contrato-e-obra-comecara-na-proxima-semana\/","title":{"rendered":"Reforma ACS &#8211; Presidente assina contrato e obra come\u00e7ar\u00e1 na pr\u00f3xima semana"},"content":{"rendered":"<p style=\"text-align: left;\" align=\"center\">Fonte: Assessoria de imprensa ACS<\/p>\n<p style=\"text-align: left;\" align=\"center\">\n<p>O presidente da Associa\u00e7\u00e3o Comercial de Santos (ACS), Roberto Clemente Santini, assinou nesta segunda-feira (26) o contrato que formaliza o in\u00edcio da reforma e da moderniza\u00e7\u00e3o do pr\u00e9dio da ACS. As empresas que executar\u00e3o os trabalhos ser\u00e3o a Delchi Migotto Filho Constru\u00e7\u00f5es e Engenharia e a Alonso Engenharia, que estiveram presentes, representadas por seus presidentes Delchi Migotto Filho e Alexandre Alonso, respectivamente. Quem tamb\u00e9m assinou o documento foi o diretor-executivo da ACS, Marcio Calves.<\/p>\n<p>O processo de contrata\u00e7\u00e3o da obra foi coordenado pelo diretor-financeiro Andr\u00e9 Canoilas, que tamb\u00e9m assinar\u00e1 o documento. A ideia \u00e9 que os trabalhos comecem na pr\u00f3xima semana.<\/p>\n<p>O projeto prev\u00ea, entre outras mudan\u00e7as, a amplia\u00e7\u00e3o e moderniza\u00e7\u00e3o do audit\u00f3rio (com novos equipamentos de ilumina\u00e7\u00e3o, \u00e1udio e v\u00eddeo); amplia\u00e7\u00e3o da sala onde s\u00e3o emitidos os certificados de origem; instala\u00e7\u00e3o de um novo elevador e de novos banheiros no primeiro andar, al\u00e9m de pintura e reformas el\u00e9trica e hidr\u00e1ulica de todo o pr\u00e9dio.<\/p>\n<p>Ap\u00f3s a assinatura, Roberto Santini ressaltou que essa obra ser\u00e1 important\u00edssima para adequar a Associa\u00e7\u00e3o \u00e0s necessidades dos clientes que utilizam as salas de reuni\u00f5es e eventos.<\/p>\n<p><img loading=\"lazy\" decoding=\"async\" class=\" size-full wp-image-75595\" src=\"http:\/\/127.0.0.1\/acs\/wp-content\/uploads\/2016\/12\/OBRA-CONTRATO-003.JPG\" width=\"570\" height=\"386\" srcset=\"https:\/\/acs.org.br\/academy\/wp-content\/uploads\/2016\/12\/OBRA-CONTRATO-003.JPG 570w, https:\/\/acs.org.br\/academy\/wp-content\/uploads\/2016\/12\/OBRA-CONTRATO-003-300x203.jpg 300w\" sizes=\"(max-width: 570px) 100vw, 570px\" \/><\/p>\n<p>\u201c\u00c9 o momento de a Associa\u00e7\u00e3o Comercial melhorar seu patrim\u00f4nio. Nossa institui\u00e7\u00e3o \u00e9 antiga, mas n\u00e3o queremos que seja antiquada. Aqui s\u00e3o realizados eventos e reuni\u00f5es importantes da cidade e esta Casa est\u00e1 aberta aos associados e \u00e0s grandes empresas da regi\u00e3o. Por isso, \u00e9 essencial melhorar os acessos e as instala\u00e7\u00f5es, para dar maior comodidade aos clientes. Parabenizo o Alexandre, o Delchi e o Marcio pela participa\u00e7\u00e3o nesse grande projeto\u201d.<\/p>\n<p>Alexandre Alonso falou sobre a oportunidade de participar da reforma de uma institui\u00e7\u00e3o t\u00e3o importante.<\/p>\n<p><img loading=\"lazy\" decoding=\"async\" class=\" size-full wp-image-75596\" src=\"http:\/\/127.0.0.1\/acs\/wp-content\/uploads\/2016\/12\/OBRA-CONTRATO-021.JPG\" width=\"570\" height=\"428\" srcset=\"https:\/\/acs.org.br\/academy\/wp-content\/uploads\/2016\/12\/OBRA-CONTRATO-021.JPG 570w, https:\/\/acs.org.br\/academy\/wp-content\/uploads\/2016\/12\/OBRA-CONTRATO-021-300x225.jpg 300w\" sizes=\"(max-width: 570px) 100vw, 570px\" \/><\/p>\n<p>\u201cPara mim \u00e9 um orgulho, pois esta Casa tem uma import\u00e2ncia vital para nossa cidade, pelos eventos que s\u00e3o realizados aqui. Espero poder entregar, em um ano, um pr\u00e9dio moderno, de f\u00e1cil acesso e que possa ser melhor utilizado\u201d.<\/p>\n<p>Por fim, Delchi destacou a responsabilidade que sua empresa ter\u00e1 ao assumir esse trabalho. \u201cSer\u00e1 um grande desafio\u201d.<\/p>\n<p><img loading=\"lazy\" decoding=\"async\" class=\" size-full wp-image-75597\" src=\"http:\/\/127.0.0.1\/acs\/wp-content\/uploads\/2016\/12\/OBRA-CONTRATO-020.JPG\" width=\"570\" height=\"428\" srcset=\"https:\/\/acs.org.br\/academy\/wp-content\/uploads\/2016\/12\/OBRA-CONTRATO-020.JPG 570w, https:\/\/acs.org.br\/academy\/wp-content\/uploads\/2016\/12\/OBRA-CONTRATO-020-300x225.jpg 300w\" sizes=\"(max-width: 570px) 100vw, 570px\" \/><\/p>\n","protected":false},"excerpt":{"rendered":"<p>Fonte: Assessoria de imprensa ACS O presidente da Associa\u00e7\u00e3o Comercial de Santos (ACS), Roberto Clemente Santini, assinou nesta segunda-feira (26) o contrato que formaliza o in\u00edcio da reforma e da moderniza\u00e7\u00e3o do pr\u00e9dio da ACS. As empresas que executar\u00e3o os trabalhos ser\u00e3o a Delchi Migotto Filho Constru\u00e7\u00f5es e Engenharia e a Alonso Engenharia, que estiveram [&hellip;]<\/p>\n","protected":false},"author":1,"featured_media":75594,"comment_status":"open","ping_status":"open","sticky":false,"template":"","format":"standard","meta":{"footnotes":""},"categories":[84],"tags":[],"_links":{"self":[{"href":"https:\/\/acs.org.br\/academy\/wp-json\/wp\/v2\/posts\/75598"}],"collection":[{"href":"https:\/\/acs.org.br\/academy\/wp-json\/wp\/v2\/posts"}],"about":[{"href":"https:\/\/acs.org.br\/academy\/wp-json\/wp\/v2\/types\/post"}],"author":[{"embeddable":true,"href":"https:\/\/acs.org.br\/academy\/wp-json\/wp\/v2\/users\/1"}],"replies":[{"embeddable":true,"href":"https:\/\/acs.org.br\/academy\/wp-json\/wp\/v2\/comments?post=75598"}],"version-history":[{"count":0,"href":"https:\/\/acs.org.br\/academy\/wp-json\/wp\/v2\/posts\/75598\/revisions"}],"wp:featuredmedia":[{"embeddable":true,"href":"https:\/\/acs.org.br\/academy\/wp-json\/wp\/v2\/media\/75594"}],"wp:attachment":[{"href":"https:\/\/acs.org.br\/academy\/wp-json\/wp\/v2\/media?parent=75598"}],"wp:term":[{"taxonomy":"category","embeddable":true,"href":"https:\/\/acs.org.br\/academy\/wp-json\/wp\/v2\/categories?post=75598"},{"taxonomy":"post_tag","embeddable":true,"href":"https:\/\/acs.org.br\/academy\/wp-json\/wp\/v2\/tags?post=75598"}],"curies":[{"name":"wp","href":"https:\/\/api.w.org\/{rel}","templated":true}]}}