{"id":75545,"date":"2016-12-19T16:56:13","date_gmt":"2016-12-19T18:56:13","guid":{"rendered":"http:\/\/127.0.0.1\/acs\/expediente-de-final-de-ano-associacao-comercial-de-santos-2016\/"},"modified":"2016-12-19T16:56:13","modified_gmt":"2016-12-19T18:56:13","slug":"expediente-de-final-de-ano-associacao-comercial-de-santos-2016","status":"publish","type":"post","link":"https:\/\/acs.org.br\/academy\/expediente-de-final-de-ano-associacao-comercial-de-santos-2016\/","title":{"rendered":"Expediente de final de ano \u2013 Associa\u00e7\u00e3o Comercial de Santos &#8211; 2016"},"content":{"rendered":"<p style=\"text-align: left;\" align=\"center\">A Associa\u00e7\u00e3o Comercial de Santos (ACS) informa que neste final de ano, nos dias 23 e 30, ambos sextas-feiras, haver\u00e1 expediente normal.<\/p>\n<p>Em nome da diretoria, aproveitamos para desejar um Natal feliz e um novo ano de sucesso.<\/p>\n<p>Cordialmente,<\/p>\n<p>Marcio Calves &#8211; Diretor Executivo<\/p>\n","protected":false},"excerpt":{"rendered":"<p>A Associa\u00e7\u00e3o Comercial de Santos (ACS) informa que neste final de ano, nos dias 23 e 30, ambos sextas-feiras, haver\u00e1 expediente normal. Em nome da diretoria, aproveitamos para desejar um Natal feliz e um novo ano de sucesso. Cordialmente, Marcio Calves &#8211; Diretor Executivo<\/p>\n","protected":false},"author":1,"featured_media":0,"comment_status":"open","ping_status":"open","sticky":false,"template":"","format":"standard","meta":{"footnotes":""},"categories":[84],"tags":[],"_links":{"self":[{"href":"https:\/\/acs.org.br\/academy\/wp-json\/wp\/v2\/posts\/75545"}],"collection":[{"href":"https:\/\/acs.org.br\/academy\/wp-json\/wp\/v2\/posts"}],"about":[{"href":"https:\/\/acs.org.br\/academy\/wp-json\/wp\/v2\/types\/post"}],"author":[{"embeddable":true,"href":"https:\/\/acs.org.br\/academy\/wp-json\/wp\/v2\/users\/1"}],"replies":[{"embeddable":true,"href":"https:\/\/acs.org.br\/academy\/wp-json\/wp\/v2\/comments?post=75545"}],"version-history":[{"count":0,"href":"https:\/\/acs.org.br\/academy\/wp-json\/wp\/v2\/posts\/75545\/revisions"}],"wp:attachment":[{"href":"https:\/\/acs.org.br\/academy\/wp-json\/wp\/v2\/media?parent=75545"}],"wp:term":[{"taxonomy":"category","embeddable":true,"href":"https:\/\/acs.org.br\/academy\/wp-json\/wp\/v2\/categories?post=75545"},{"taxonomy":"post_tag","embeddable":true,"href":"https:\/\/acs.org.br\/academy\/wp-json\/wp\/v2\/tags?post=75545"}],"curies":[{"name":"wp","href":"https:\/\/api.w.org\/{rel}","templated":true}]}}