{"id":75526,"date":"2016-12-15T18:13:58","date_gmt":"2016-12-15T20:13:58","guid":{"rendered":"http:\/\/127.0.0.1\/acs\/modernizacao-da-acs-associados-aprovam-orcamento-da-obra-em-assembleia\/"},"modified":"2016-12-15T18:13:58","modified_gmt":"2016-12-15T20:13:58","slug":"modernizacao-da-acs-associados-aprovam-orcamento-da-obra-em-assembleia","status":"publish","type":"post","link":"https:\/\/acs.org.br\/academy\/modernizacao-da-acs-associados-aprovam-orcamento-da-obra-em-assembleia\/","title":{"rendered":"Moderniza\u00e7\u00e3o da ACS &#8211; Associados aprovam or\u00e7amento da obra em assembleia"},"content":{"rendered":"<p style=\"text-align: left;\" align=\"center\">Fonte: Assessoria de imprensa ACS<\/p>\n<p style=\"text-align: left;\" align=\"center\"><i>In\u00edcio da reforma est\u00e1 marcado para o pr\u00f3ximo dia 21<\/i><\/p>\n<p style=\"text-align: left;\" align=\"center\"><i> <\/i><\/p>\n<p style=\"text-align: left;\">Durante Assembleia Geral Extraordin\u00e1ria, realizada na tarde desta quinta-feira (15) na Associa\u00e7\u00e3o Comercial de Santos (ACS), foi aprovado, por unanimidade, o or\u00e7amento da obra de moderniza\u00e7\u00e3o do pr\u00e9dio sede da institui\u00e7\u00e3o. O in\u00edcio da reforma est\u00e1 marcado para o pr\u00f3ximo dia 21.<\/p>\n<p style=\"text-align: left;\">\n<p style=\"text-align: left;\">No in\u00edcio da reuni\u00e3o, o presidente da ACS, Roberto Clemente Santini, apresentou aos s\u00f3cios o projeto, que prev\u00ea, entre outras mudan\u00e7as, a amplia\u00e7\u00e3o e moderniza\u00e7\u00e3o do audit\u00f3rio (com novos equipamentos de ilumina\u00e7\u00e3o, \u00e1udio e v\u00eddeo); amplia\u00e7\u00e3o da sala onde s\u00e3o emitidos os certificados de origem; instala\u00e7\u00e3o de um novo elevador e de novos banheiros no primeiro andar, al\u00e9m de pintura e reformas el\u00e9trica e hidr\u00e1ulica de todo o pr\u00e9dio.<\/p>\n<p>Ele ressaltou que o objetivo dos trabalhos \u00e9 adequar a Casa \u00e0s necessidades dos clientes e s\u00f3cios que locam as salas para a realiza\u00e7\u00e3o de reuni\u00f5es e eventos.<\/p>\n<p><b> <\/b><\/p>\n<p>\u201cN\u00e3o ser\u00e1 um gasto, mas sim, um investimento. Estamos nos modernizando, nossa institui\u00e7\u00e3o \u00e9 antiga, mas n\u00e3o queremos que seja antiquada. Aqui s\u00e3o realizados eventos e reuni\u00f5es de institui\u00e7\u00f5es importantes. Temos v\u00e1rios pr\u00e9dios novos na cidade que podem absorver essa demanda, mas n\u00e3o \u00e9 o que queremos. \u00c9 importante que a Associa\u00e7\u00e3o continue abrigando esses eventos e locando seus espa\u00e7os\u201d.<\/p>\n<p><img loading=\"lazy\" decoding=\"async\" class=\" size-full wp-image-75524\" src=\"http:\/\/127.0.0.1\/acs\/wp-content\/uploads\/2016\/12\/ASSEMBLEIA_0060.jpg\" width=\"570\" height=\"427\" srcset=\"https:\/\/acs.org.br\/academy\/wp-content\/uploads\/2016\/12\/ASSEMBLEIA_0060.jpg 570w, https:\/\/acs.org.br\/academy\/wp-content\/uploads\/2016\/12\/ASSEMBLEIA_0060-300x225.jpg 300w\" sizes=\"(max-width: 570px) 100vw, 570px\" \/><\/p>\n<p>Na sequ\u00eancia, o diretor-financeiro da ACS, Andre Canoilas, apresentou, em detalhes, o processo, as cota\u00e7\u00f5es que foram feitas e as empresas selecionadas para execu\u00e7\u00e3o da obra e aquisi\u00e7\u00e3o de materiais e equipamentos.<\/p>\n<p><img loading=\"lazy\" decoding=\"async\" class=\" size-full wp-image-75525\" src=\"http:\/\/127.0.0.1\/acs\/wp-content\/uploads\/2016\/12\/ASSEMBLEIA_0066.jpg\" width=\"570\" height=\"437\" srcset=\"https:\/\/acs.org.br\/academy\/wp-content\/uploads\/2016\/12\/ASSEMBLEIA_0066.jpg 570w, https:\/\/acs.org.br\/academy\/wp-content\/uploads\/2016\/12\/ASSEMBLEIA_0066-300x230.jpg 300w\" sizes=\"(max-width: 570px) 100vw, 570px\" \/><\/p>\n<p>Tamb\u00e9m foi chamado fala prestar esclarecimentos o engenheiro respons\u00e1vel pelas trabalhos, Alexandre Alonso, da Alonso Engenharia, que tirou algumas d\u00favidas sobre como ser\u00e1 executada a obra.<\/p>\n<p>Por fim, foi acordado que todo o processo ser\u00e1 fotografado pela assessoria de imprensa da ACS para que os associados acompanhem o passo a passo dos trabalhos.<\/p>\n","protected":false},"excerpt":{"rendered":"<p>Fonte: Assessoria de imprensa ACS In\u00edcio da reforma est\u00e1 marcado para o pr\u00f3ximo dia 21 Durante Assembleia Geral Extraordin\u00e1ria, realizada na tarde desta quinta-feira (15) na Associa\u00e7\u00e3o Comercial de Santos (ACS), foi aprovado, por unanimidade, o or\u00e7amento da obra de moderniza\u00e7\u00e3o do pr\u00e9dio sede da institui\u00e7\u00e3o. O in\u00edcio da reforma est\u00e1 marcado para o pr\u00f3ximo [&hellip;]<\/p>\n","protected":false},"author":1,"featured_media":75523,"comment_status":"open","ping_status":"open","sticky":false,"template":"","format":"standard","meta":{"footnotes":""},"categories":[84],"tags":[],"_links":{"self":[{"href":"https:\/\/acs.org.br\/academy\/wp-json\/wp\/v2\/posts\/75526"}],"collection":[{"href":"https:\/\/acs.org.br\/academy\/wp-json\/wp\/v2\/posts"}],"about":[{"href":"https:\/\/acs.org.br\/academy\/wp-json\/wp\/v2\/types\/post"}],"author":[{"embeddable":true,"href":"https:\/\/acs.org.br\/academy\/wp-json\/wp\/v2\/users\/1"}],"replies":[{"embeddable":true,"href":"https:\/\/acs.org.br\/academy\/wp-json\/wp\/v2\/comments?post=75526"}],"version-history":[{"count":0,"href":"https:\/\/acs.org.br\/academy\/wp-json\/wp\/v2\/posts\/75526\/revisions"}],"wp:featuredmedia":[{"embeddable":true,"href":"https:\/\/acs.org.br\/academy\/wp-json\/wp\/v2\/media\/75523"}],"wp:attachment":[{"href":"https:\/\/acs.org.br\/academy\/wp-json\/wp\/v2\/media?parent=75526"}],"wp:term":[{"taxonomy":"category","embeddable":true,"href":"https:\/\/acs.org.br\/academy\/wp-json\/wp\/v2\/categories?post=75526"},{"taxonomy":"post_tag","embeddable":true,"href":"https:\/\/acs.org.br\/academy\/wp-json\/wp\/v2\/tags?post=75526"}],"curies":[{"name":"wp","href":"https:\/\/api.w.org\/{rel}","templated":true}]}}