{"id":75522,"date":"2016-12-15T15:38:37","date_gmt":"2016-12-15T17:38:37","guid":{"rendered":"http:\/\/127.0.0.1\/acs\/ensino-4\/"},"modified":"2016-12-15T15:38:37","modified_gmt":"2016-12-15T17:38:37","slug":"ensino-4","status":"publish","type":"post","link":"https:\/\/acs.org.br\/academy\/ensino-4\/","title":{"rendered":"Reuni\u00e3o na ACS &#8211; Ex\u00e9rcito e C\u00e2mara de Ensino criam N\u00facleo de Estudos Estrat\u00e9gicos"},"content":{"rendered":"<p>Fonte: Assessoria de imprensa ACS<\/p>\n<p style=\"text-align: left;\" align=\"center\"><b> <\/b><\/p>\n<p style=\"text-align: left;\" align=\"center\"><i>Objetivo \u00e9 estimular trabalhos acad\u00eamicos voltados \u00e0 defesa nacional<\/i><\/p>\n<p align=\"center\"><i> <\/i><\/p>\n<p>Integrantes da C\u00e2mara Setorial de Institui\u00e7\u00f5es de Ensino da Associa\u00e7\u00e3o Comercial de Santos (ACS) e militares do Ex\u00e9rcito criaram, durante reuni\u00e3o realizada nesta quinta-feira (15), o N\u00facleo de Estudos Estrat\u00e9gicos. O objetivo do grupo \u00e9 incentivar a elabora\u00e7\u00e3o de Trabalhos de Conclus\u00e3o de Curso (TCCs) universit\u00e1rios sobre temas relacionados \u00e0 defesa nacional.<\/p>\n<\/p>\n<p>Durante o encontro, ocorrido na sede da ACS (Rua XV de Novembro, 137, Centro- Santos) representantes da Unip, UniSantos, UniSanta, UniFesp, UniBr e Senac, juntamente com o comandante da 1\u00aa Brigada de Artilharia Antia\u00e9rea de Guaruj\u00e1, Maurilio Miranda Netto Ribeiro, definiram um cronograma para que seja realizado ao longo do pr\u00f3ximo ano. Ao final de 2017, haver\u00e1 um congresso que ir\u00e1 premiar os melhores trabalhos por tem\u00e1tica.<\/p>\n<p><img loading=\"lazy\" decoding=\"async\" class=\" size-full wp-image-75515\" src=\"http:\/\/127.0.0.1\/acs\/wp-content\/uploads\/2016\/12\/EDUCACAO-010.JPG\" width=\"570\" height=\"394\" srcset=\"https:\/\/acs.org.br\/academy\/wp-content\/uploads\/2016\/12\/EDUCACAO-010.JPG 570w, https:\/\/acs.org.br\/academy\/wp-content\/uploads\/2016\/12\/EDUCACAO-010-300x207.jpg 300w\" sizes=\"(max-width: 570px) 100vw, 570px\" \/><\/p>\n<p>De acordo com o coordenador da C\u00e2mara Setorial de Institui\u00e7\u00f5es de Ensino da ACS, Edison Monteiro, o pr\u00f3ximo passo ser\u00e1 programar uma agenda em cada uma das institui\u00e7\u00f5es de ensino onde o Ex\u00e9rcito apresentar\u00e1 o projeto.<\/p>\n<p><img loading=\"lazy\" decoding=\"async\" class=\" size-full wp-image-75516\" src=\"http:\/\/127.0.0.1\/acs\/wp-content\/uploads\/2016\/12\/EDUCACAO-008.JPG\" width=\"570\" height=\"424\" srcset=\"https:\/\/acs.org.br\/academy\/wp-content\/uploads\/2016\/12\/EDUCACAO-008.JPG 570w, https:\/\/acs.org.br\/academy\/wp-content\/uploads\/2016\/12\/EDUCACAO-008-300x223.jpg 300w\" sizes=\"(max-width: 570px) 100vw, 570px\" \/><\/p>\n<p>\u201cNossa ideia \u00e9 que, por meio da academia, o Ex\u00e9rcito proponha temas para os TCCs voltados \u00e0 defesa nacional. Ao final do ano, queremos criar um congresso, onde esses trabalhos ser\u00e3o apresentados e premiados\u201d.<\/p>\n<p><img loading=\"lazy\" decoding=\"async\" class=\" size-full wp-image-75517\" src=\"http:\/\/127.0.0.1\/acs\/wp-content\/uploads\/2016\/12\/EDUCACAO-019.JPG\" width=\"570\" height=\"420\" srcset=\"https:\/\/acs.org.br\/academy\/wp-content\/uploads\/2016\/12\/EDUCACAO-019.JPG 570w, https:\/\/acs.org.br\/academy\/wp-content\/uploads\/2016\/12\/EDUCACAO-019-300x221.jpg 300w\" sizes=\"(max-width: 570px) 100vw, 570px\" \/><\/p>\n<p>Segundo o general Ribeiro, a import\u00e2ncia em estimular o tema defesa nacional durante a cria\u00e7\u00e3o de trabalhos universit\u00e1rios \u00e9 aumentar, cada vez mais, a participa\u00e7\u00e3o da sociedade na busca por solu\u00e7\u00f5es para os desafios relacionados \u00e0 defesa nacional.<\/p>\n<p><img loading=\"lazy\" decoding=\"async\" class=\" size-full wp-image-75518\" src=\"http:\/\/127.0.0.1\/acs\/wp-content\/uploads\/2016\/12\/EDUCACAO-062.JPG\" width=\"570\" height=\"406\" srcset=\"https:\/\/acs.org.br\/academy\/wp-content\/uploads\/2016\/12\/EDUCACAO-062.JPG 570w, https:\/\/acs.org.br\/academy\/wp-content\/uploads\/2016\/12\/EDUCACAO-062-300x214.jpg 300w\" sizes=\"(max-width: 570px) 100vw, 570px\" \/><\/p>\n<p>\u201cN\u00f3s entendemos que deve haver uma participa\u00e7\u00e3o mais intensa da sociedade nessa \u00e1rea, que essas solu\u00e7\u00f5es n\u00e3o devem estar restritas ao segmento militar. E essa ser\u00e1 uma grande oportunidade para isso. Queremos despertar o interesse nos alunos porque, caso escolha um de nossos temas para seu TCC, ele poder\u00e1 participar do congresso e concorrer a uma premia\u00e7\u00e3o, al\u00e9m de seu trabalho ganhar destaque por buscar solu\u00e7\u00f5es para uma quest\u00e3o nacional\u201d.<\/p>\n<p><img loading=\"lazy\" decoding=\"async\" class=\" size-full wp-image-75519\" src=\"http:\/\/127.0.0.1\/acs\/wp-content\/uploads\/2016\/12\/EDUCACAO-021.JPG\" width=\"570\" height=\"422\" srcset=\"https:\/\/acs.org.br\/academy\/wp-content\/uploads\/2016\/12\/EDUCACAO-021.JPG 570w, https:\/\/acs.org.br\/academy\/wp-content\/uploads\/2016\/12\/EDUCACAO-021-300x222.jpg 300w\" sizes=\"(max-width: 570px) 100vw, 570px\" \/><\/p>\n<p><img loading=\"lazy\" decoding=\"async\" class=\" size-full wp-image-75520\" src=\"http:\/\/127.0.0.1\/acs\/wp-content\/uploads\/2016\/12\/EDUCACAO-024.JPG\" width=\"570\" height=\"428\" srcset=\"https:\/\/acs.org.br\/academy\/wp-content\/uploads\/2016\/12\/EDUCACAO-024.JPG 570w, https:\/\/acs.org.br\/academy\/wp-content\/uploads\/2016\/12\/EDUCACAO-024-300x225.jpg 300w\" sizes=\"(max-width: 570px) 100vw, 570px\" \/><\/p>\n<p><img loading=\"lazy\" decoding=\"async\" class=\" size-full wp-image-75521\" src=\"http:\/\/127.0.0.1\/acs\/wp-content\/uploads\/2016\/12\/EDUCACAO-027.JPG\" width=\"570\" height=\"402\" srcset=\"https:\/\/acs.org.br\/academy\/wp-content\/uploads\/2016\/12\/EDUCACAO-027.JPG 570w, https:\/\/acs.org.br\/academy\/wp-content\/uploads\/2016\/12\/EDUCACAO-027-300x212.jpg 300w\" sizes=\"(max-width: 570px) 100vw, 570px\" \/><\/p>\n","protected":false},"excerpt":{"rendered":"<p>Fonte: Assessoria de imprensa ACS Objetivo \u00e9 estimular trabalhos acad\u00eamicos voltados \u00e0 defesa nacional Integrantes da C\u00e2mara Setorial de Institui\u00e7\u00f5es de Ensino da Associa\u00e7\u00e3o Comercial de Santos (ACS) e militares do Ex\u00e9rcito criaram, durante reuni\u00e3o realizada nesta quinta-feira (15), o N\u00facleo de Estudos Estrat\u00e9gicos. O objetivo do grupo \u00e9 incentivar a elabora\u00e7\u00e3o de Trabalhos de [&hellip;]<\/p>\n","protected":false},"author":1,"featured_media":75514,"comment_status":"open","ping_status":"open","sticky":false,"template":"","format":"standard","meta":{"footnotes":""},"categories":[84],"tags":[],"_links":{"self":[{"href":"https:\/\/acs.org.br\/academy\/wp-json\/wp\/v2\/posts\/75522"}],"collection":[{"href":"https:\/\/acs.org.br\/academy\/wp-json\/wp\/v2\/posts"}],"about":[{"href":"https:\/\/acs.org.br\/academy\/wp-json\/wp\/v2\/types\/post"}],"author":[{"embeddable":true,"href":"https:\/\/acs.org.br\/academy\/wp-json\/wp\/v2\/users\/1"}],"replies":[{"embeddable":true,"href":"https:\/\/acs.org.br\/academy\/wp-json\/wp\/v2\/comments?post=75522"}],"version-history":[{"count":0,"href":"https:\/\/acs.org.br\/academy\/wp-json\/wp\/v2\/posts\/75522\/revisions"}],"wp:featuredmedia":[{"embeddable":true,"href":"https:\/\/acs.org.br\/academy\/wp-json\/wp\/v2\/media\/75514"}],"wp:attachment":[{"href":"https:\/\/acs.org.br\/academy\/wp-json\/wp\/v2\/media?parent=75522"}],"wp:term":[{"taxonomy":"category","embeddable":true,"href":"https:\/\/acs.org.br\/academy\/wp-json\/wp\/v2\/categories?post=75522"},{"taxonomy":"post_tag","embeddable":true,"href":"https:\/\/acs.org.br\/academy\/wp-json\/wp\/v2\/tags?post=75522"}],"curies":[{"name":"wp","href":"https:\/\/api.w.org\/{rel}","templated":true}]}}