{"id":75473,"date":"2016-12-12T15:15:46","date_gmt":"2016-12-12T17:15:46","guid":{"rendered":"http:\/\/127.0.0.1\/acs\/membro-da-diretoria-da-acs-fala-sobre-tecnologias-para-melhorar-a-eficiencia-no-transporte-de-cargas-em-entrevista-a-revista-cti\/"},"modified":"2016-12-12T15:15:46","modified_gmt":"2016-12-12T17:15:46","slug":"membro-da-diretoria-da-acs-fala-sobre-tecnologias-para-melhorar-a-eficiencia-no-transporte-de-cargas-em-entrevista-a-revista-cti","status":"publish","type":"post","link":"https:\/\/acs.org.br\/academy\/membro-da-diretoria-da-acs-fala-sobre-tecnologias-para-melhorar-a-eficiencia-no-transporte-de-cargas-em-entrevista-a-revista-cti\/","title":{"rendered":"Membro da diretoria da ACS fala sobre tecnologias para melhorar a efici\u00eancia no transporte de cargas em entrevista \u00e0 revista CTI"},"content":{"rendered":"<p>Fonte: Assessoria de imprensa ACS<\/p>\n<p>O secret\u00e1rio do Conselho Fiscal da Associa\u00e7\u00e3o Comercial de Santos (ACS), Pedro Veras, tamb\u00e9m s\u00f3cio-diretor da Gest\u00e3o Empresarial por Observa\u00e7\u00e3o (GEOBS), concedeu entrevista \u00e0 revista Ci\u00eancia Tecnologia e Informa\u00e7\u00e3o &#8211; CTI para falar sobre ferramentas que aumentam a efici\u00eancia no transporte de cargas.<\/p>\n<p><a href=\"http:\/\/127.0.0.1\/acs\/wp-content\/uploads\/2016\/12\/pedrorevista.PDF\" target=\"_blank\" rel=\"noopener\">LEIA MAIS&#8230;<\/a><\/p>\n","protected":false},"excerpt":{"rendered":"<p>Fonte: Assessoria de imprensa ACS O secret\u00e1rio do Conselho Fiscal da Associa\u00e7\u00e3o Comercial de Santos (ACS), Pedro Veras, tamb\u00e9m s\u00f3cio-diretor da Gest\u00e3o Empresarial por Observa\u00e7\u00e3o (GEOBS), concedeu entrevista \u00e0 revista Ci\u00eancia Tecnologia e Informa\u00e7\u00e3o &#8211; CTI para falar sobre ferramentas que aumentam a efici\u00eancia no transporte de cargas. LEIA MAIS&#8230;<\/p>\n","protected":false},"author":1,"featured_media":0,"comment_status":"open","ping_status":"open","sticky":false,"template":"","format":"standard","meta":{"footnotes":""},"categories":[84],"tags":[],"_links":{"self":[{"href":"https:\/\/acs.org.br\/academy\/wp-json\/wp\/v2\/posts\/75473"}],"collection":[{"href":"https:\/\/acs.org.br\/academy\/wp-json\/wp\/v2\/posts"}],"about":[{"href":"https:\/\/acs.org.br\/academy\/wp-json\/wp\/v2\/types\/post"}],"author":[{"embeddable":true,"href":"https:\/\/acs.org.br\/academy\/wp-json\/wp\/v2\/users\/1"}],"replies":[{"embeddable":true,"href":"https:\/\/acs.org.br\/academy\/wp-json\/wp\/v2\/comments?post=75473"}],"version-history":[{"count":0,"href":"https:\/\/acs.org.br\/academy\/wp-json\/wp\/v2\/posts\/75473\/revisions"}],"wp:attachment":[{"href":"https:\/\/acs.org.br\/academy\/wp-json\/wp\/v2\/media?parent=75473"}],"wp:term":[{"taxonomy":"category","embeddable":true,"href":"https:\/\/acs.org.br\/academy\/wp-json\/wp\/v2\/categories?post=75473"},{"taxonomy":"post_tag","embeddable":true,"href":"https:\/\/acs.org.br\/academy\/wp-json\/wp\/v2\/tags?post=75473"}],"curies":[{"name":"wp","href":"https:\/\/api.w.org\/{rel}","templated":true}]}}