{"id":75471,"date":"2016-12-12T14:44:32","date_gmt":"2016-12-12T16:44:32","guid":{"rendered":"http:\/\/127.0.0.1\/acs\/emirados\/"},"modified":"2016-12-12T14:44:32","modified_gmt":"2016-12-12T16:44:32","slug":"emirados","status":"publish","type":"post","link":"https:\/\/acs.org.br\/academy\/emirados\/","title":{"rendered":"Delega\u00e7\u00e3o dos Emirados \u00c1rabes visita Associa\u00e7\u00e3o Comercial de Santos"},"content":{"rendered":"<p>Fonte: Assessoria de imprensa ACS<\/p>\n<p>Uma delega\u00e7\u00e3o dos Emirados \u00c1rabes esteve em Santos nesta segunda-feira (12) e aproveitou para visitar a Associa\u00e7\u00e3o Comercial de Santos (ACS). O c\u00f4nsul geral dos Emirados \u00c1rabes, Saleh Ahmed Al Suwaidi, e o diretor do Museu do Caf\u00e9 de Dubai, Khalid Al Mulla, conheceram alguns tipos de caf\u00e9s brasileiros e participaram at\u00e9 uma pequena degusta\u00e7\u00e3o.<\/p>\n<\/p>\n<p>Eles foram recebidos na sala da presid\u00eancia pela coordenadora da C\u00e2mara Setorial de Exportadores de Caf\u00e9 da ACS, Evelyse Silva Lopes, pelo diretor-executivo da ACS, Marcio Calves, e pela diretora-executiva do Museu do Caf\u00e9 de Santos, Mar\u00edlia Bonas Conte. Ap\u00f3s falarem sobre o mercado de caf\u00e9 no Brasil, eles demostraram interesse comercial em nosso pa\u00eds.<\/p>\n<p><img loading=\"lazy\" decoding=\"async\" class=\" size-full wp-image-75464\" src=\"http:\/\/127.0.0.1\/acs\/wp-content\/uploads\/2016\/12\/EMIRADOS_0010.jpg\" width=\"570\" height=\"428\" srcset=\"https:\/\/acs.org.br\/academy\/wp-content\/uploads\/2016\/12\/EMIRADOS_0010.jpg 570w, https:\/\/acs.org.br\/academy\/wp-content\/uploads\/2016\/12\/EMIRADOS_0010-300x225.jpg 300w\" sizes=\"(max-width: 570px) 100vw, 570px\" \/>&nbsp;<\/p>\n<p><img loading=\"lazy\" decoding=\"async\" class=\" size-full wp-image-75465\" src=\"http:\/\/127.0.0.1\/acs\/wp-content\/uploads\/2016\/12\/EMIRADOS_0001.jpg\" width=\"570\" height=\"428\" srcset=\"https:\/\/acs.org.br\/academy\/wp-content\/uploads\/2016\/12\/EMIRADOS_0001.jpg 570w, https:\/\/acs.org.br\/academy\/wp-content\/uploads\/2016\/12\/EMIRADOS_0001-300x225.jpg 300w\" sizes=\"(max-width: 570px) 100vw, 570px\" \/><\/p>\n<p><img loading=\"lazy\" decoding=\"async\" class=\" size-full wp-image-75466\" src=\"http:\/\/127.0.0.1\/acs\/wp-content\/uploads\/2016\/12\/EMIRADOS_0019.jpg\" width=\"570\" height=\"401\" srcset=\"https:\/\/acs.org.br\/academy\/wp-content\/uploads\/2016\/12\/EMIRADOS_0019.jpg 570w, https:\/\/acs.org.br\/academy\/wp-content\/uploads\/2016\/12\/EMIRADOS_0019-300x211.jpg 300w\" sizes=\"(max-width: 570px) 100vw, 570px\" \/><\/p>\n<p>Na sequ\u00eancia, o grupo conheceu a sala de Classifica\u00e7\u00e3o e Degusta\u00e7\u00e3o de Caf\u00e9 da ACS, onde o especialista no ramo, Onivaldo Ruas, &nbsp;apresentou os gr\u00e3os Maragogipe, Sul de Minas, Rio, Caf\u00e9 do Serrado e Conilon. O diretor do Museu do Caf\u00e9 de Dubai, Khalid Al Mulla, tamb\u00e9m participou de uma r\u00e1pida degusta\u00e7\u00e3o.<\/p>\n<p><img loading=\"lazy\" decoding=\"async\" class=\" size-full wp-image-75467\" src=\"http:\/\/127.0.0.1\/acs\/wp-content\/uploads\/2016\/12\/EMIRADOS_0072.jpg\" width=\"570\" height=\"439\" srcset=\"https:\/\/acs.org.br\/academy\/wp-content\/uploads\/2016\/12\/EMIRADOS_0072.jpg 570w, https:\/\/acs.org.br\/academy\/wp-content\/uploads\/2016\/12\/EMIRADOS_0072-300x231.jpg 300w\" sizes=\"(max-width: 570px) 100vw, 570px\" \/><\/p>\n<p><img loading=\"lazy\" decoding=\"async\" class=\" size-full wp-image-75468\" src=\"http:\/\/127.0.0.1\/acs\/wp-content\/uploads\/2016\/12\/EMIRADOS_0037.jpg\" width=\"570\" height=\"420\" srcset=\"https:\/\/acs.org.br\/academy\/wp-content\/uploads\/2016\/12\/EMIRADOS_0037.jpg 570w, https:\/\/acs.org.br\/academy\/wp-content\/uploads\/2016\/12\/EMIRADOS_0037-300x221.jpg 300w\" sizes=\"(max-width: 570px) 100vw, 570px\" \/><\/p>\n<p><img loading=\"lazy\" decoding=\"async\" class=\" size-full wp-image-75469\" src=\"http:\/\/127.0.0.1\/acs\/wp-content\/uploads\/2016\/12\/EMIRADOS_0078.jpg\" width=\"570\" height=\"428\" srcset=\"https:\/\/acs.org.br\/academy\/wp-content\/uploads\/2016\/12\/EMIRADOS_0078.jpg 570w, https:\/\/acs.org.br\/academy\/wp-content\/uploads\/2016\/12\/EMIRADOS_0078-300x225.jpg 300w\" sizes=\"(max-width: 570px) 100vw, 570px\" \/><\/p>\n<p><img loading=\"lazy\" decoding=\"async\" class=\" size-full wp-image-75470\" src=\"http:\/\/127.0.0.1\/acs\/wp-content\/uploads\/2016\/12\/EMIRADOS_0050.jpg\" width=\"570\" height=\"416\" srcset=\"https:\/\/acs.org.br\/academy\/wp-content\/uploads\/2016\/12\/EMIRADOS_0050.jpg 570w, https:\/\/acs.org.br\/academy\/wp-content\/uploads\/2016\/12\/EMIRADOS_0050-300x219.jpg 300w\" sizes=\"(max-width: 570px) 100vw, 570px\" \/><\/p>\n<p>Por fim, os visitantes conheceram um pouco sobre as regi\u00f5es produtoras dos melhores caf\u00e9s do Brasil, por meios de mapas expostos na sala.<\/p>\n<p>Eles foram recebidos na sala da presid\u00eancia pela coordenadora da C\u00e2mara Setorial de Exportadores de Caf\u00e9 da ACS, Evelyse Silva Lopes. Ap\u00f3s falarem sobre o mercado de caf\u00e9 no Brasil, eles demostraram interesse comercial em nosso pa\u00eds.<\/p>\n<p>Na sequ\u00eancia, o grupo conheceu a sala de Classifica\u00e7\u00e3o e Degusta\u00e7\u00e3o de Caf\u00e9 da ACS, onde o especialista no ramo, Onivaldo Ruas, o Geleia, apresentou os gr\u00e3os Maragogipe, Sul de Minas, Rio, Caf\u00e9 do Serrado e Conilon. O diretor do Museu do Caf\u00e9 de Dubai, Khalid Al Mulla, tamb\u00e9m participou de uma r\u00e1pida degusta\u00e7\u00e3o.<\/p>\n<p>Por fim, os visitantes conheceram um pouco sobre as regi\u00f5es produtoras dos melhores caf\u00e9s do Brasil, por meios de mapas expostos na sala.<\/p>\n","protected":false},"excerpt":{"rendered":"<p>Fonte: Assessoria de imprensa ACS Uma delega\u00e7\u00e3o dos Emirados \u00c1rabes esteve em Santos nesta segunda-feira (12) e aproveitou para visitar a Associa\u00e7\u00e3o Comercial de Santos (ACS). O c\u00f4nsul geral dos Emirados \u00c1rabes, Saleh Ahmed Al Suwaidi, e o diretor do Museu do Caf\u00e9 de Dubai, Khalid Al Mulla, conheceram alguns tipos de caf\u00e9s brasileiros e [&hellip;]<\/p>\n","protected":false},"author":1,"featured_media":75463,"comment_status":"open","ping_status":"open","sticky":false,"template":"","format":"standard","meta":{"footnotes":""},"categories":[84],"tags":[],"_links":{"self":[{"href":"https:\/\/acs.org.br\/academy\/wp-json\/wp\/v2\/posts\/75471"}],"collection":[{"href":"https:\/\/acs.org.br\/academy\/wp-json\/wp\/v2\/posts"}],"about":[{"href":"https:\/\/acs.org.br\/academy\/wp-json\/wp\/v2\/types\/post"}],"author":[{"embeddable":true,"href":"https:\/\/acs.org.br\/academy\/wp-json\/wp\/v2\/users\/1"}],"replies":[{"embeddable":true,"href":"https:\/\/acs.org.br\/academy\/wp-json\/wp\/v2\/comments?post=75471"}],"version-history":[{"count":0,"href":"https:\/\/acs.org.br\/academy\/wp-json\/wp\/v2\/posts\/75471\/revisions"}],"wp:featuredmedia":[{"embeddable":true,"href":"https:\/\/acs.org.br\/academy\/wp-json\/wp\/v2\/media\/75463"}],"wp:attachment":[{"href":"https:\/\/acs.org.br\/academy\/wp-json\/wp\/v2\/media?parent=75471"}],"wp:term":[{"taxonomy":"category","embeddable":true,"href":"https:\/\/acs.org.br\/academy\/wp-json\/wp\/v2\/categories?post=75471"},{"taxonomy":"post_tag","embeddable":true,"href":"https:\/\/acs.org.br\/academy\/wp-json\/wp\/v2\/tags?post=75471"}],"curies":[{"name":"wp","href":"https:\/\/api.w.org\/{rel}","templated":true}]}}