{"id":75393,"date":"2016-12-06T10:08:14","date_gmt":"2016-12-06T12:08:14","guid":{"rendered":"http:\/\/127.0.0.1\/acs\/confira-programacao-desta-terca-feira-6-da-comitiva-da-acs-em-viagem-do-ficon-ao-rio-de-janeiro\/"},"modified":"2016-12-06T10:08:14","modified_gmt":"2016-12-06T12:08:14","slug":"confira-programacao-desta-terca-feira-6-da-comitiva-da-acs-em-viagem-do-ficon-ao-rio-de-janeiro","status":"publish","type":"post","link":"https:\/\/acs.org.br\/academy\/confira-programacao-desta-terca-feira-6-da-comitiva-da-acs-em-viagem-do-ficon-ao-rio-de-janeiro\/","title":{"rendered":"Confira programa\u00e7\u00e3o desta ter\u00e7a-feira (6) da comitiva da ACS em viagem do Ficon ao Rio de Janeiro"},"content":{"rendered":"<p>Fonte: Assessoria de imprensa ACS<\/p>\n<p>A comitiva formada por diretores da Associa\u00e7\u00e3o Comercial de Santos (ACS) e diretores do Grupo A Tribuna participa nesta ter\u00e7a-feira (6) do \u00faltimo dia de programa\u00e7\u00f5es da viagem realizada pelo F\u00f3rum da Ind\u00fastria da Constru\u00e7\u00e3o de Santos e Regi\u00e3o (Ficon) ao Rio de Janeiro. O objetivo \u00e9 conhecer as obras que foram realizadas para as Olimp\u00edadas deste ano.<\/p>\n<p>Fazem parte do grupo o presidente da ACS, Roberto Clemente Santini, tamb\u00e9m diretor-presidente da TV Tribuna, integrantes C\u00e2mara Setorial de Incorpora\u00e7\u00e3o e Constru\u00e7\u00e3o Civil da ACS, tamb\u00e9m representantes das empresas Engeterpa, AMC Holding, Miramar, Sinduscon, V\u00e9rtice e associados, al\u00e9m do diretor-executivo da ACS, Marcio Calves.<\/p>\n<p>O grupo assistir\u00e1 hoje a palestras de Alberto Silva \u2013 presidente da Companhia de Desenvolvimento Urbano da Regi\u00e3o do Porto do Rio de Janeiro (Cdurp); de Jorge Arraes \u2013 secret\u00e1rio especial de Concess\u00f5es e Parcerias P\u00fablico-Privadas; e de Sergio Lopes &#8211; diretor de Administra\u00e7\u00e3o e Finan\u00e7as da Cdurp.<\/p>\n<p>Na sequ\u00eancia, os integrantes da comitiva far\u00e3o uma visita ao Museu do Amanh\u00e3.<\/p>\n<p>Por fim, participar\u00e3o do encerramento do evento, que ter\u00e1 a presen\u00e7a do prefeito do Rio de Janeiro, Eduardo Paes.<\/p>\n","protected":false},"excerpt":{"rendered":"<p>Fonte: Assessoria de imprensa ACS A comitiva formada por diretores da Associa\u00e7\u00e3o Comercial de Santos (ACS) e diretores do Grupo A Tribuna participa nesta ter\u00e7a-feira (6) do \u00faltimo dia de programa\u00e7\u00f5es da viagem realizada pelo F\u00f3rum da Ind\u00fastria da Constru\u00e7\u00e3o de Santos e Regi\u00e3o (Ficon) ao Rio de Janeiro. O objetivo \u00e9 conhecer as obras [&hellip;]<\/p>\n","protected":false},"author":1,"featured_media":0,"comment_status":"open","ping_status":"open","sticky":false,"template":"","format":"standard","meta":{"footnotes":""},"categories":[84],"tags":[],"_links":{"self":[{"href":"https:\/\/acs.org.br\/academy\/wp-json\/wp\/v2\/posts\/75393"}],"collection":[{"href":"https:\/\/acs.org.br\/academy\/wp-json\/wp\/v2\/posts"}],"about":[{"href":"https:\/\/acs.org.br\/academy\/wp-json\/wp\/v2\/types\/post"}],"author":[{"embeddable":true,"href":"https:\/\/acs.org.br\/academy\/wp-json\/wp\/v2\/users\/1"}],"replies":[{"embeddable":true,"href":"https:\/\/acs.org.br\/academy\/wp-json\/wp\/v2\/comments?post=75393"}],"version-history":[{"count":0,"href":"https:\/\/acs.org.br\/academy\/wp-json\/wp\/v2\/posts\/75393\/revisions"}],"wp:attachment":[{"href":"https:\/\/acs.org.br\/academy\/wp-json\/wp\/v2\/media?parent=75393"}],"wp:term":[{"taxonomy":"category","embeddable":true,"href":"https:\/\/acs.org.br\/academy\/wp-json\/wp\/v2\/categories?post=75393"},{"taxonomy":"post_tag","embeddable":true,"href":"https:\/\/acs.org.br\/academy\/wp-json\/wp\/v2\/tags?post=75393"}],"curies":[{"name":"wp","href":"https:\/\/api.w.org\/{rel}","templated":true}]}}