{"id":75386,"date":"2016-12-05T15:17:45","date_gmt":"2016-12-05T17:17:45","guid":{"rendered":"http:\/\/127.0.0.1\/acs\/acs-jovem-promove-palestras-gratuitas\/"},"modified":"2016-12-05T15:17:45","modified_gmt":"2016-12-05T17:17:45","slug":"acs-jovem-promove-palestras-gratuitas","status":"publish","type":"post","link":"https:\/\/acs.org.br\/academy\/acs-jovem-promove-palestras-gratuitas\/","title":{"rendered":"ACS JOVEM promove palestras gratuitas"},"content":{"rendered":"<p>Fonte: Assessoria de imprensa ACS<\/p>\n<p>O grupo de jovens da Associa\u00e7\u00e3o Comercial de Santos (ACS Jovem) realiza, nesta ter\u00e7a-feira (6), \u00e0s 16 horas, duas palestras gratuitas com os temas: \u201cPlanejamento sucess\u00f3rio \u2013 como planejar a continuidade da sua empresa\u201d e \u201cContabilidade em Tempo Real \u2013 como a tecnologia e a comunica\u00e7\u00e3o simplificada t\u00eam ajudado empreendedores na gest\u00e3o cont\u00e1bil e financeira de seus neg\u00f3cios\u201d. O evento, aberto ao p\u00fablico, ocorrer\u00e1 no audit\u00f3rio da ACS, \u00e0 Rua XV de Novembro, 137 \u2013 Centro, Santos.<\/p>\n<p>A primeira palestra ser\u00e1 ministrada pelo advogado especialista em planejamento sucess\u00f3rio e prote\u00e7\u00e3o patrimonial Adriano Dias (Escrit\u00f3rio de Advocacia e Assessoria Jur\u00eddica Adriano Dias).<\/p>\n<p>J\u00e1 a segunda apresenta\u00e7\u00e3o ser\u00e1 sobre contabilidade e tecnologia com o advogado Francisco Figueiredo e o administrador de empresas Darcy Barros, s\u00f3cios da Pac\u00edfico Contabilidade e Consultoria Financeira.<\/p>\n<p>Segundo Figueiredo, o objetivo \u00e9 mostrar, de maneira did\u00e1tica, como a tecnologia, mais especificamente a computa\u00e7\u00e3o em nuvem, pode contribuir com os empreendedores na gest\u00e3o de seus neg\u00f3cios.<\/p>\n<p>\u201cQueremos ajudar o cliente a controlar financeiramente seu pr\u00f3prio neg\u00f3cio e auxili\u00e1-lo em suas decis\u00f5es. Para isso, temos utilizado uma ferramenta em nuvem, que acompanha em tempo real a movimenta\u00e7\u00e3o financeira dele (do cliente). Dessa forma, \u00e9 poss\u00edvel elaborar relat\u00f3rios financeiros mensais de f\u00e1cil compreens\u00e3o e personalizados para cada tipo de neg\u00f3cio\u201d.<\/p>\n<p>Interessados podem se inscrever pelo e-mail <a href=\"mailto:acsjovem@acs.org.br.\">acsjovem@acs.org.br.<\/a><\/p>\n","protected":false},"excerpt":{"rendered":"<p>Fonte: Assessoria de imprensa ACS O grupo de jovens da Associa\u00e7\u00e3o Comercial de Santos (ACS Jovem) realiza, nesta ter\u00e7a-feira (6), \u00e0s 16 horas, duas palestras gratuitas com os temas: \u201cPlanejamento sucess\u00f3rio \u2013 como planejar a continuidade da sua empresa\u201d e \u201cContabilidade em Tempo Real \u2013 como a tecnologia e a comunica\u00e7\u00e3o simplificada t\u00eam ajudado empreendedores [&hellip;]<\/p>\n","protected":false},"author":1,"featured_media":0,"comment_status":"open","ping_status":"open","sticky":false,"template":"","format":"standard","meta":{"footnotes":""},"categories":[84],"tags":[],"_links":{"self":[{"href":"https:\/\/acs.org.br\/academy\/wp-json\/wp\/v2\/posts\/75386"}],"collection":[{"href":"https:\/\/acs.org.br\/academy\/wp-json\/wp\/v2\/posts"}],"about":[{"href":"https:\/\/acs.org.br\/academy\/wp-json\/wp\/v2\/types\/post"}],"author":[{"embeddable":true,"href":"https:\/\/acs.org.br\/academy\/wp-json\/wp\/v2\/users\/1"}],"replies":[{"embeddable":true,"href":"https:\/\/acs.org.br\/academy\/wp-json\/wp\/v2\/comments?post=75386"}],"version-history":[{"count":0,"href":"https:\/\/acs.org.br\/academy\/wp-json\/wp\/v2\/posts\/75386\/revisions"}],"wp:attachment":[{"href":"https:\/\/acs.org.br\/academy\/wp-json\/wp\/v2\/media?parent=75386"}],"wp:term":[{"taxonomy":"category","embeddable":true,"href":"https:\/\/acs.org.br\/academy\/wp-json\/wp\/v2\/categories?post=75386"},{"taxonomy":"post_tag","embeddable":true,"href":"https:\/\/acs.org.br\/academy\/wp-json\/wp\/v2\/tags?post=75386"}],"curies":[{"name":"wp","href":"https:\/\/api.w.org\/{rel}","templated":true}]}}