{"id":75381,"date":"2016-12-05T11:23:06","date_gmt":"2016-12-05T13:23:06","guid":{"rendered":"http:\/\/127.0.0.1\/acs\/comitiva-da-acs-participa-de-viagem-do-ficon-ao-rio-de-janeiro\/"},"modified":"2016-12-05T11:23:06","modified_gmt":"2016-12-05T13:23:06","slug":"comitiva-da-acs-participa-de-viagem-do-ficon-ao-rio-de-janeiro","status":"publish","type":"post","link":"https:\/\/acs.org.br\/academy\/comitiva-da-acs-participa-de-viagem-do-ficon-ao-rio-de-janeiro\/","title":{"rendered":"Comitiva da ACS participa de viagem do Ficon ao Rio de Janeiro"},"content":{"rendered":"<p style=\"text-align: left;\" align=\"center\">Fonte: Assessoria de imprensa ACS<\/p>\n<p style=\"text-align: left;\" align=\"center\">Uma comitiva formada por diretores da Associa\u00e7\u00e3o Comercial de Santos (ACS) e diretores do Grupo A Tribuna participa, at\u00e9 esta ter\u00e7a-feira (6), de viagem realizada pelo F\u00f3rum da Ind\u00fastria da Constru\u00e7\u00e3o de Santos e Regi\u00e3o (Ficon) ao Rio de Janeiro. O objetivo \u00e9 conhecer as obras que foram realizadas para as Olimp\u00edadas deste ano.<\/p>\n<p>Fazem parte do grupo o presidente da ACS, Roberto Clemente Santini, tamb\u00e9m diretor-presidente da TV Tribuna, integrantes C\u00e2mara Setorial de Incorpora\u00e7\u00e3o e Constru\u00e7\u00e3o Civil da ACS, tamb\u00e9m representantes das empresas Engeterpa, AMC Holding, Miramar, Sinduscon e V\u00e9rtice, al\u00e9m do diretor-executivo da ACS, Marcio Calves.<\/p>\n<p>Est\u00e3o programadas hoje (5) visitas a \u00e1reas revitalizadas e a obras finalizadas, al\u00e9m da Orla Conde, Boulervard Ol\u00edmpico, Museu do Amanh\u00e3, Museu de Arte do Rio (MAR) e Cais do Valongo.<\/p>\n<p>Durante as visitas, o grupo tamb\u00e9m ver\u00e1 as interven\u00e7\u00f5es realizadas para o evento esportivo, como o VLT, os novos pr\u00e9dios que custearam a opera\u00e7\u00e3o urbana, a \u00e1rea de implanta\u00e7\u00e3o da nova infraestrutura urbana, o Casario Hist\u00f3rico e o AquaRio.<\/p>\n<p>Amanh\u00e3 (6) a comitiva assistir\u00e1 \u00e0s palestras de Alberto Silva \u2013 presidente da Companhia de Desenvolvimento Urbano da Regi\u00e3o do Porto do Rio de Janeiro (Cdurp); de Jorge Arraes \u2013 secret\u00e1rio especial de Concess\u00f5es e Parcerias P\u00fablico-Privadas; e de Sergio Lopes &#8211; diretor de Administra\u00e7\u00e3o e Finan\u00e7as da Cdurp.<\/p>\n<p>Na sequ\u00eancia, os visitantes participar\u00e3o do encerramento do evento, que ter\u00e1 a presen\u00e7a do prefeito do Rio de Janeiro, Eduardo Paes.<\/p>\n","protected":false},"excerpt":{"rendered":"<p>Fonte: Assessoria de imprensa ACS Uma comitiva formada por diretores da Associa\u00e7\u00e3o Comercial de Santos (ACS) e diretores do Grupo A Tribuna participa, at\u00e9 esta ter\u00e7a-feira (6), de viagem realizada pelo F\u00f3rum da Ind\u00fastria da Constru\u00e7\u00e3o de Santos e Regi\u00e3o (Ficon) ao Rio de Janeiro. O objetivo \u00e9 conhecer as obras que foram realizadas para [&hellip;]<\/p>\n","protected":false},"author":1,"featured_media":0,"comment_status":"open","ping_status":"open","sticky":false,"template":"","format":"standard","meta":{"footnotes":""},"categories":[84],"tags":[],"_links":{"self":[{"href":"https:\/\/acs.org.br\/academy\/wp-json\/wp\/v2\/posts\/75381"}],"collection":[{"href":"https:\/\/acs.org.br\/academy\/wp-json\/wp\/v2\/posts"}],"about":[{"href":"https:\/\/acs.org.br\/academy\/wp-json\/wp\/v2\/types\/post"}],"author":[{"embeddable":true,"href":"https:\/\/acs.org.br\/academy\/wp-json\/wp\/v2\/users\/1"}],"replies":[{"embeddable":true,"href":"https:\/\/acs.org.br\/academy\/wp-json\/wp\/v2\/comments?post=75381"}],"version-history":[{"count":0,"href":"https:\/\/acs.org.br\/academy\/wp-json\/wp\/v2\/posts\/75381\/revisions"}],"wp:attachment":[{"href":"https:\/\/acs.org.br\/academy\/wp-json\/wp\/v2\/media?parent=75381"}],"wp:term":[{"taxonomy":"category","embeddable":true,"href":"https:\/\/acs.org.br\/academy\/wp-json\/wp\/v2\/categories?post=75381"},{"taxonomy":"post_tag","embeddable":true,"href":"https:\/\/acs.org.br\/academy\/wp-json\/wp\/v2\/tags?post=75381"}],"curies":[{"name":"wp","href":"https:\/\/api.w.org\/{rel}","templated":true}]}}