{"id":75376,"date":"2016-12-02T17:03:57","date_gmt":"2016-12-02T19:03:57","guid":{"rendered":"http:\/\/127.0.0.1\/acs\/assembleia-geral-extraordinaria\/"},"modified":"2016-12-02T17:03:57","modified_gmt":"2016-12-02T19:03:57","slug":"assembleia-geral-extraordinaria","status":"publish","type":"post","link":"https:\/\/acs.org.br\/academy\/assembleia-geral-extraordinaria\/","title":{"rendered":"ASSEMBLEIA GERAL EXTRAORDIN\u00c1RIA"},"content":{"rendered":"<p style=\"text-align: center;\">EDITAL DE CONVOCA\u00c7\u00c3O<\/p>\n<p style=\"text-align: left;\">O Presidente da Diretoria Executiva da Associa\u00e7\u00e3o Comercial de Santos (ACS), Roberto Clemente Santini, na conformidade do que preconiza o artigo 25, inciso I, do Estatuto Social, convoca todos os associados efetivos na forma definida pelo artigo 7\u00ba, inciso I do documento estatut\u00e1rio, para comparecerem \u00e0 ASSEMBLEIA GERAL EXTRAORDIN\u00c1RIA, que realizar-se-\u00e1 no dia 15 de dezembro de 2016, na Rua XV de Novembro 137 &#8211; 1.\u00ba andar, Santos &#8211; Estado de S\u00e3o Paulo, na sede da entidade, \u00e0s 16 horas, em primeira convoca\u00e7\u00e3o, ou em segunda convoca\u00e7\u00e3o, \u00e0s 16h30, com a presen\u00e7a do qu\u00f3rum m\u00ednimo legal, exigido estatutariamente, para tratar do seguinte:<\/p>\n<p>ORDEM DO DIA:<\/p>\n<p>1 \u2013 Apresenta\u00e7\u00e3o do processo final de contrata\u00e7\u00e3o da obra de moderniza\u00e7\u00e3o do pr\u00e9dio sede da ACS;<\/p>\n<p>2 \u2013 Assuntos gerais.<\/p>\n<p>Santos, 2 de dezembro de 2016.<\/p>\n<p>Roberto Clemente Santini &#8211; Presidente<\/p>\n","protected":false},"excerpt":{"rendered":"<p>EDITAL DE CONVOCA\u00c7\u00c3O O Presidente da Diretoria Executiva da Associa\u00e7\u00e3o Comercial de Santos (ACS), Roberto Clemente Santini, na conformidade do que preconiza o artigo 25, inciso I, do Estatuto Social, convoca todos os associados efetivos na forma definida pelo artigo 7\u00ba, inciso I do documento estatut\u00e1rio, para comparecerem \u00e0 ASSEMBLEIA GERAL EXTRAORDIN\u00c1RIA, que realizar-se-\u00e1 no [&hellip;]<\/p>\n","protected":false},"author":1,"featured_media":0,"comment_status":"open","ping_status":"open","sticky":false,"template":"","format":"standard","meta":{"footnotes":""},"categories":[84],"tags":[],"_links":{"self":[{"href":"https:\/\/acs.org.br\/academy\/wp-json\/wp\/v2\/posts\/75376"}],"collection":[{"href":"https:\/\/acs.org.br\/academy\/wp-json\/wp\/v2\/posts"}],"about":[{"href":"https:\/\/acs.org.br\/academy\/wp-json\/wp\/v2\/types\/post"}],"author":[{"embeddable":true,"href":"https:\/\/acs.org.br\/academy\/wp-json\/wp\/v2\/users\/1"}],"replies":[{"embeddable":true,"href":"https:\/\/acs.org.br\/academy\/wp-json\/wp\/v2\/comments?post=75376"}],"version-history":[{"count":0,"href":"https:\/\/acs.org.br\/academy\/wp-json\/wp\/v2\/posts\/75376\/revisions"}],"wp:attachment":[{"href":"https:\/\/acs.org.br\/academy\/wp-json\/wp\/v2\/media?parent=75376"}],"wp:term":[{"taxonomy":"category","embeddable":true,"href":"https:\/\/acs.org.br\/academy\/wp-json\/wp\/v2\/categories?post=75376"},{"taxonomy":"post_tag","embeddable":true,"href":"https:\/\/acs.org.br\/academy\/wp-json\/wp\/v2\/tags?post=75376"}],"curies":[{"name":"wp","href":"https:\/\/api.w.org\/{rel}","templated":true}]}}