{"id":75336,"date":"2016-11-30T15:11:56","date_gmt":"2016-11-30T17:11:56","guid":{"rendered":"http:\/\/127.0.0.1\/acs\/presidente-da-acs-e-homenageado-pela-camara-de-bertioga\/"},"modified":"2016-11-30T15:11:56","modified_gmt":"2016-11-30T17:11:56","slug":"presidente-da-acs-e-homenageado-pela-camara-de-bertioga","status":"publish","type":"post","link":"https:\/\/acs.org.br\/academy\/presidente-da-acs-e-homenageado-pela-camara-de-bertioga\/","title":{"rendered":"Presidente da ACS \u00e9 homenageado pela C\u00e2mara de Bertioga"},"content":{"rendered":"<p align=\"center\" style=\"text-align: left;\">O presidente da Associa\u00e7\u00e3o Comercial de Santos (ACS), Roberto Clemente Santini, tamb\u00e9m diretor-presidente da TV Tribuna, recebeu, na noite desta ter\u00e7a-feira, o t\u00edtulo de Cidad\u00e3o Bertioguense, concedido pela C\u00e2mara de Vereadores de Bertioga.<\/p>\n<p align=\"center\" style=\"text-align: left;\">\n<p align=\"center\" style=\"text-align: left;\"><img loading=\"lazy\" decoding=\"async\" class=\" size-full wp-image-75321\" src=\"http:\/\/127.0.0.1\/acs\/wp-content\/uploads\/2016\/11\/BERTIOGA-165.JPG\" width=\"570\" height=\"428\" srcset=\"https:\/\/acs.org.br\/academy\/wp-content\/uploads\/2016\/11\/BERTIOGA-165.JPG 570w, https:\/\/acs.org.br\/academy\/wp-content\/uploads\/2016\/11\/BERTIOGA-165-300x225.jpg 300w\" sizes=\"(max-width: 570px) 100vw, 570px\" \/><\/p>\n<p align=\"center\" style=\"text-align: left;\">A cerim\u00f4nia, que ocorreu na sede da C\u00e2mara, contou com a presen\u00e7a dos diretores da ACS Andr\u00e9 Canoilas, Edison Monteiro, Vicente do Valle e do diretor-executivo, Marcio Calves.&nbsp; Autoridades de Santos e Bertioga tamb\u00e9m participaram, inclusive a presidente do Conselho de Administra\u00e7\u00e3o de A Tribuna, Regina Clemente Santini, m\u00e3e do homenageado, e Marcos Clemente Santini, diretor-presidente do jornal A Tribuna e irm\u00e3o de Roberto.<\/p>\n<p><img loading=\"lazy\" decoding=\"async\" class=\" size-full wp-image-75322\" src=\"http:\/\/127.0.0.1\/acs\/wp-content\/uploads\/2016\/11\/BERTIOGA-047.JPG\" width=\"570\" height=\"425\" srcset=\"https:\/\/acs.org.br\/academy\/wp-content\/uploads\/2016\/11\/BERTIOGA-047.JPG 570w, https:\/\/acs.org.br\/academy\/wp-content\/uploads\/2016\/11\/BERTIOGA-047-300x224.jpg 300w\" sizes=\"(max-width: 570px) 100vw, 570px\" \/><\/p>\n<p><img loading=\"lazy\" decoding=\"async\" class=\" size-full wp-image-75323\" src=\"http:\/\/127.0.0.1\/acs\/wp-content\/uploads\/2016\/11\/BERTIOGA-122.JPG\" width=\"570\" height=\"420\" srcset=\"https:\/\/acs.org.br\/academy\/wp-content\/uploads\/2016\/11\/BERTIOGA-122.JPG 570w, https:\/\/acs.org.br\/academy\/wp-content\/uploads\/2016\/11\/BERTIOGA-122-300x221.jpg 300w\" sizes=\"(max-width: 570px) 100vw, 570px\" \/><\/p>\n<p><img loading=\"lazy\" decoding=\"async\" class=\" size-full wp-image-75324\" src=\"http:\/\/127.0.0.1\/acs\/wp-content\/uploads\/2016\/11\/BERTIOGA-023.JPG\" width=\"570\" height=\"425\" srcset=\"https:\/\/acs.org.br\/academy\/wp-content\/uploads\/2016\/11\/BERTIOGA-023.JPG 570w, https:\/\/acs.org.br\/academy\/wp-content\/uploads\/2016\/11\/BERTIOGA-023-300x224.jpg 300w\" sizes=\"(max-width: 570px) 100vw, 570px\" \/><\/p>\n<p>A iniciativa da homenagem foi do presidente do legislativo bertioguense, Lu\u00eds Henrique Capellini, devido aos in\u00fameros servi\u00e7os prestados pelo grupo A Tribuna no Munic\u00edpio.<\/p>\n<p><img loading=\"lazy\" decoding=\"async\" class=\" size-full wp-image-75325\" src=\"http:\/\/127.0.0.1\/acs\/wp-content\/uploads\/2016\/11\/BERTIOGA-158.JPG\" width=\"570\" height=\"428\" srcset=\"https:\/\/acs.org.br\/academy\/wp-content\/uploads\/2016\/11\/BERTIOGA-158.JPG 570w, https:\/\/acs.org.br\/academy\/wp-content\/uploads\/2016\/11\/BERTIOGA-158-300x225.jpg 300w\" sizes=\"(max-width: 570px) 100vw, 570px\" \/><\/p>\n<p>Em seu discurso, Roberto Clemente Santini agradeceu a homenagem e disse que a Cidade sempre fez parte de sua trajet\u00f3ria.<\/p>\n<p><img loading=\"lazy\" decoding=\"async\" class=\" size-full wp-image-75326\" src=\"http:\/\/127.0.0.1\/acs\/wp-content\/uploads\/2016\/11\/BERTIOGA-117.JPG\" width=\"570\" height=\"428\" srcset=\"https:\/\/acs.org.br\/academy\/wp-content\/uploads\/2016\/11\/BERTIOGA-117.JPG 570w, https:\/\/acs.org.br\/academy\/wp-content\/uploads\/2016\/11\/BERTIOGA-117-300x225.jpg 300w\" sizes=\"(max-width: 570px) 100vw, 570px\" \/><\/p>\n<p><img loading=\"lazy\" decoding=\"async\" class=\" size-full wp-image-75327\" src=\"http:\/\/127.0.0.1\/acs\/wp-content\/uploads\/2016\/11\/BERTIOGA-125.JPG\" width=\"570\" height=\"428\" srcset=\"https:\/\/acs.org.br\/academy\/wp-content\/uploads\/2016\/11\/BERTIOGA-125.JPG 570w, https:\/\/acs.org.br\/academy\/wp-content\/uploads\/2016\/11\/BERTIOGA-125-300x225.jpg 300w\" sizes=\"(max-width: 570px) 100vw, 570px\" \/><\/p>\n<p>\u201cFoi com meu pai, Roberto M\u00e1rio Santini, que estive muitas vezes aqui, assimilando seus valores hist\u00f3ricos, com visita a pontos que at\u00e9 hoje s\u00e3o refer\u00eancias local, regional e at\u00e9 nacional, como o Forte S\u00e3o Jo\u00e3o. \u00c9 fundamental lembrar a centen\u00e1ria Usina de Itatinga, que at\u00e9 hoje preserva seu perfil buc\u00f3lico e se mant\u00e9m essencial para o abastecimento do Porto de Santos. Essa usina fornece energia para praticamente todos os terminais portu\u00e1rios, com equipamentos que desafiam o tempo e a modernidade\u201d.<\/p>\n<p>Ele ressaltou as belezas naturais do munic\u00edpio e disse que contar as hist\u00f3rias de Bertioga no Programa Rota do Sol, no G1 Santos, nos telejornais e nas p\u00e1ginas de A Tribuna, acompanhando os anseios, reivindica\u00e7\u00f5es e conquistas de sua popula\u00e7\u00e3o, \u00e9 um prazer.<\/p>\n<p>\u201cEm setembro de 1998 inauguramos aqui nossa Torre de Retransmiss\u00e3o de sinal da TV Tribuna, garantindo recep\u00e7\u00e3o e imagem gratuitas e de qualidade. E hoje Bertioga \u00e9 coberta por sinal digital de alta defini\u00e7\u00e3o, como ocorre em toda a nossa \u00e1rea de cobertura\u201d.<\/p>\n<p>Por fim, o presidente da ACS dividiu o pr\u00eamio com a fam\u00edlia e disse que, como cidad\u00e3o bertioguense, seu compromisso com a Cidade ir\u00e1 aumentar.<\/p>\n<p>\u201cAgora, a responsabilidade com o desenvolvimento e progresso desta cidade ser\u00e1 ainda maior. Assim como todos voc\u00eas, me sinto parte e filho desta terra. Obrigado a todos\u201d.<\/p>\n<p><img loading=\"lazy\" decoding=\"async\" class=\" size-full wp-image-75328\" src=\"http:\/\/127.0.0.1\/acs\/wp-content\/uploads\/2016\/11\/BERTIOGA-096.JPG\" width=\"570\" height=\"400\" srcset=\"https:\/\/acs.org.br\/academy\/wp-content\/uploads\/2016\/11\/BERTIOGA-096.JPG 570w, https:\/\/acs.org.br\/academy\/wp-content\/uploads\/2016\/11\/BERTIOGA-096-300x211.jpg 300w\" sizes=\"(max-width: 570px) 100vw, 570px\" \/><\/p>\n<p>O vereador Capellini falou sobre o motivo que o levou a propor a homenagem, aprovada por unanimidade.<\/p>\n<p><img loading=\"lazy\" decoding=\"async\" class=\" size-full wp-image-75329\" src=\"http:\/\/127.0.0.1\/acs\/wp-content\/uploads\/2016\/11\/BERTIOGA-093.JPG\" width=\"570\" height=\"415\" srcset=\"https:\/\/acs.org.br\/academy\/wp-content\/uploads\/2016\/11\/BERTIOGA-093.JPG 570w, https:\/\/acs.org.br\/academy\/wp-content\/uploads\/2016\/11\/BERTIOGA-093-300x218.jpg 300w\" sizes=\"(max-width: 570px) 100vw, 570px\" \/><\/p>\n<p>\u201cO Grupo a Tribuna cobre todos os eventos da Cidade, as festividades, o Sesc, eventos musicais e a Riviera de S\u00e3o Louren\u00e7o, que \u00e9 uma fonte de gera\u00e7\u00e3o de emprego. Isso promove o Munic\u00edpio, que tem uma voca\u00e7\u00e3o tur\u00edstica. Na TV Tribuna e no Jornal A Tribuna essa voca\u00e7\u00e3o tur\u00edstica tem uma visibilidade gigantesca. E, tudo isso passa pelo diretor-presidente da TV, que \u00e9 o Roberto Santini\u201d.<\/p>\n<p>O prefeito de Bertioga, Mauro Orlandini, aproveitou para ressaltar a import\u00e2ncia do Grupo A Tribuna n\u00e3o s\u00f3 para Bertioga, mas para toda a regi\u00e3o.<\/p>\n<p><img loading=\"lazy\" decoding=\"async\" class=\" size-full wp-image-75330\" src=\"http:\/\/127.0.0.1\/acs\/wp-content\/uploads\/2016\/11\/BERTIOGA-133.JPG\" width=\"570\" height=\"428\" srcset=\"https:\/\/acs.org.br\/academy\/wp-content\/uploads\/2016\/11\/BERTIOGA-133.JPG 570w, https:\/\/acs.org.br\/academy\/wp-content\/uploads\/2016\/11\/BERTIOGA-133-300x225.jpg 300w\" sizes=\"(max-width: 570px) 100vw, 570px\" \/><\/p>\n<p><img loading=\"lazy\" decoding=\"async\" class=\" size-full wp-image-75331\" src=\"http:\/\/127.0.0.1\/acs\/wp-content\/uploads\/2016\/11\/BERTIOGA-141.JPG\" width=\"570\" height=\"414\" srcset=\"https:\/\/acs.org.br\/academy\/wp-content\/uploads\/2016\/11\/BERTIOGA-141.JPG 570w, https:\/\/acs.org.br\/academy\/wp-content\/uploads\/2016\/11\/BERTIOGA-141-300x218.jpg 300w\" sizes=\"(max-width: 570px) 100vw, 570px\" \/><\/p>\n<p>\u201cMe lembro quando em 1992 A Tribuna promoveu um encontro que fez o entrosamento dos prefeitos da Baixada Santista e essa uni\u00e3o levou \u00e0 consolida\u00e7\u00e3o da Regi\u00e3o Metropolitana da Baixada Santista. O papel de A Tribuna \u00e9 vital, \u00e9 fundamental, principalmente pela forma de tratar os assuntos sempre com carinho, respeito e muita responsabilidade. O Grupo A Tribuna faz isso com muita galhardia e reconhecemos esse trabalho na pessoa do Roberto Clemente Santini\u201d.<\/p>\n<p><img loading=\"lazy\" decoding=\"async\" class=\" size-full wp-image-75332\" src=\"http:\/\/127.0.0.1\/acs\/wp-content\/uploads\/2016\/11\/BERTIOGA-138.JPG\" width=\"570\" height=\"400\" srcset=\"https:\/\/acs.org.br\/academy\/wp-content\/uploads\/2016\/11\/BERTIOGA-138.JPG 570w, https:\/\/acs.org.br\/academy\/wp-content\/uploads\/2016\/11\/BERTIOGA-138-300x211.jpg 300w\" sizes=\"(max-width: 570px) 100vw, 570px\" \/><\/p>\n<p><img loading=\"lazy\" decoding=\"async\" class=\" size-full wp-image-75333\" src=\"http:\/\/127.0.0.1\/acs\/wp-content\/uploads\/2016\/11\/BERTIOGA-147.JPG\" width=\"570\" height=\"433\" srcset=\"https:\/\/acs.org.br\/academy\/wp-content\/uploads\/2016\/11\/BERTIOGA-147.JPG 570w, https:\/\/acs.org.br\/academy\/wp-content\/uploads\/2016\/11\/BERTIOGA-147-300x228.jpg 300w\" sizes=\"(max-width: 570px) 100vw, 570px\" \/><\/p>\n<p><img loading=\"lazy\" decoding=\"async\" class=\" size-full wp-image-75334\" src=\"http:\/\/127.0.0.1\/acs\/wp-content\/uploads\/2016\/11\/BERTIOGA-149.JPG\" width=\"570\" height=\"428\" srcset=\"https:\/\/acs.org.br\/academy\/wp-content\/uploads\/2016\/11\/BERTIOGA-149.JPG 570w, https:\/\/acs.org.br\/academy\/wp-content\/uploads\/2016\/11\/BERTIOGA-149-300x225.jpg 300w\" sizes=\"(max-width: 570px) 100vw, 570px\" \/><\/p>\n<p>\u00a0<\/p>\n<p><img loading=\"lazy\" decoding=\"async\" class=\" size-full wp-image-75335\" src=\"http:\/\/127.0.0.1\/acs\/wp-content\/uploads\/2016\/11\/BERTIOGA-161.JPG\" width=\"570\" height=\"418\" srcset=\"https:\/\/acs.org.br\/academy\/wp-content\/uploads\/2016\/11\/BERTIOGA-161.JPG 570w, https:\/\/acs.org.br\/academy\/wp-content\/uploads\/2016\/11\/BERTIOGA-161-300x220.jpg 300w\" sizes=\"(max-width: 570px) 100vw, 570px\" \/><\/p>\n<p>\u00a0<\/p>\n<p>\u00a0<\/p>\n<p>\u00a0<\/p>\n<p>\u00a0<\/p>\n","protected":false},"excerpt":{"rendered":"<p>O presidente da Associa\u00e7\u00e3o Comercial de Santos (ACS), Roberto Clemente Santini, tamb\u00e9m diretor-presidente da TV Tribuna, recebeu, na noite desta ter\u00e7a-feira, o t\u00edtulo de Cidad\u00e3o Bertioguense, concedido pela C\u00e2mara de Vereadores de Bertioga. A cerim\u00f4nia, que ocorreu na sede da C\u00e2mara, contou com a presen\u00e7a dos diretores da ACS Andr\u00e9 Canoilas, Edison Monteiro, Vicente do [&hellip;]<\/p>\n","protected":false},"author":1,"featured_media":75320,"comment_status":"open","ping_status":"open","sticky":false,"template":"","format":"standard","meta":{"footnotes":""},"categories":[84],"tags":[],"_links":{"self":[{"href":"https:\/\/acs.org.br\/academy\/wp-json\/wp\/v2\/posts\/75336"}],"collection":[{"href":"https:\/\/acs.org.br\/academy\/wp-json\/wp\/v2\/posts"}],"about":[{"href":"https:\/\/acs.org.br\/academy\/wp-json\/wp\/v2\/types\/post"}],"author":[{"embeddable":true,"href":"https:\/\/acs.org.br\/academy\/wp-json\/wp\/v2\/users\/1"}],"replies":[{"embeddable":true,"href":"https:\/\/acs.org.br\/academy\/wp-json\/wp\/v2\/comments?post=75336"}],"version-history":[{"count":0,"href":"https:\/\/acs.org.br\/academy\/wp-json\/wp\/v2\/posts\/75336\/revisions"}],"wp:featuredmedia":[{"embeddable":true,"href":"https:\/\/acs.org.br\/academy\/wp-json\/wp\/v2\/media\/75320"}],"wp:attachment":[{"href":"https:\/\/acs.org.br\/academy\/wp-json\/wp\/v2\/media?parent=75336"}],"wp:term":[{"taxonomy":"category","embeddable":true,"href":"https:\/\/acs.org.br\/academy\/wp-json\/wp\/v2\/categories?post=75336"},{"taxonomy":"post_tag","embeddable":true,"href":"https:\/\/acs.org.br\/academy\/wp-json\/wp\/v2\/tags?post=75336"}],"curies":[{"name":"wp","href":"https:\/\/api.w.org\/{rel}","templated":true}]}}