{"id":75229,"date":"2016-11-24T11:14:15","date_gmt":"2016-11-24T13:14:15","guid":{"rendered":"http:\/\/127.0.0.1\/acs\/lancamento-da-14a-edicao-especial-dos-melhores-cafes-de-sao-paulo-sera-em-16-de-dezembro\/"},"modified":"2016-11-24T11:14:15","modified_gmt":"2016-11-24T13:14:15","slug":"lancamento-da-14a-edicao-especial-dos-melhores-cafes-de-sao-paulo-sera-em-16-de-dezembro","status":"publish","type":"post","link":"https:\/\/acs.org.br\/academy\/lancamento-da-14a-edicao-especial-dos-melhores-cafes-de-sao-paulo-sera-em-16-de-dezembro\/","title":{"rendered":"Lan\u00e7amento da 14\u00aa Edi\u00e7\u00e3o Especial dos Melhores Caf\u00e9s de S\u00e3o Paulo ser\u00e1 em 16 de dezembro"},"content":{"rendered":"<p style=\"text-align: left;\" align=\"center\"><i>No evento, as empresas que compraram os caf\u00e9s finalistas do Concurso Estadual de Qualidade do Caf\u00e9 de S\u00e3o Paulo lan\u00e7ar\u00e3o suas vers\u00f5es<\/i><\/p>\n<p>A 14\u00aa Edi\u00e7\u00e3o Especial dos Melhores Caf\u00e9s de S\u00e3o Paulo ser\u00e1 lan\u00e7ada em 16 de dezembro, no Pal\u00e1cio dos Bandeirantes, Sal\u00e3o dos Pratos, em S\u00e3o Paulo, a partir das 9 horas. No evento, as empresas que compraram os caf\u00e9s finalistas do 15\u00ba Concurso Estadual de Qualidade do Caf\u00e9 de S\u00e3o Paulo, que ocorreu na Associa\u00e7\u00e3o Comercial de Santos (ACS), lan\u00e7ar\u00e3o suas vers\u00f5es, com seus selos numerados de identifica\u00e7\u00e3o e exclusividade, fornecidos pela C\u00e2mara Setorial de Caf\u00e9 e pelo Sindicaf\u00e9-SP.<\/p>\n<p>O produtor campe\u00e3o ser\u00e1 homenageado, bem como as cooperativas e associa\u00e7\u00f5es participantes. As empresas campe\u00e3s \u2013 categorias Ouro, Diamante e Especial \u2013 ser\u00e3o especialmente homenageadas.<\/p>\n<p><b> <\/b><\/p>\n<p><b>Concurso<\/b><\/p>\n<p>As avalia\u00e7\u00f5es e testes do 15\u00ba Concurso Estadual de Qualidade do Caf\u00e9 de S\u00e3o Paulo foram realizados pelos jurados em 27 de outubro na sala de Classifica\u00e7\u00e3o e Degusta\u00e7\u00e3o de Caf\u00e9 da ACS.<\/p>\n<p>Nesta edi\u00e7\u00e3o, as 68 sacas de caf\u00e9s das categorias Natural (32), Cereja Descascado (32) e Microlotes (4) foram integralmente adquiridas no leil\u00e3o por ind\u00fastrias de caf\u00e9 e cafeterias. O valor total da venda alcan\u00e7ou R$ 141.004,56.<\/p>\n<p>\u00a0<\/p>\n<p>\u00a0<\/p>\n<p>\u00a0<\/p>\n","protected":false},"excerpt":{"rendered":"<p>No evento, as empresas que compraram os caf\u00e9s finalistas do Concurso Estadual de Qualidade do Caf\u00e9 de S\u00e3o Paulo lan\u00e7ar\u00e3o suas vers\u00f5es A 14\u00aa Edi\u00e7\u00e3o Especial dos Melhores Caf\u00e9s de S\u00e3o Paulo ser\u00e1 lan\u00e7ada em 16 de dezembro, no Pal\u00e1cio dos Bandeirantes, Sal\u00e3o dos Pratos, em S\u00e3o Paulo, a partir das 9 horas. No evento, [&hellip;]<\/p>\n","protected":false},"author":1,"featured_media":0,"comment_status":"open","ping_status":"open","sticky":false,"template":"","format":"standard","meta":{"footnotes":""},"categories":[84],"tags":[],"_links":{"self":[{"href":"https:\/\/acs.org.br\/academy\/wp-json\/wp\/v2\/posts\/75229"}],"collection":[{"href":"https:\/\/acs.org.br\/academy\/wp-json\/wp\/v2\/posts"}],"about":[{"href":"https:\/\/acs.org.br\/academy\/wp-json\/wp\/v2\/types\/post"}],"author":[{"embeddable":true,"href":"https:\/\/acs.org.br\/academy\/wp-json\/wp\/v2\/users\/1"}],"replies":[{"embeddable":true,"href":"https:\/\/acs.org.br\/academy\/wp-json\/wp\/v2\/comments?post=75229"}],"version-history":[{"count":0,"href":"https:\/\/acs.org.br\/academy\/wp-json\/wp\/v2\/posts\/75229\/revisions"}],"wp:attachment":[{"href":"https:\/\/acs.org.br\/academy\/wp-json\/wp\/v2\/media?parent=75229"}],"wp:term":[{"taxonomy":"category","embeddable":true,"href":"https:\/\/acs.org.br\/academy\/wp-json\/wp\/v2\/categories?post=75229"},{"taxonomy":"post_tag","embeddable":true,"href":"https:\/\/acs.org.br\/academy\/wp-json\/wp\/v2\/tags?post=75229"}],"curies":[{"name":"wp","href":"https:\/\/api.w.org\/{rel}","templated":true}]}}