{"id":75213,"date":"2016-11-23T14:21:21","date_gmt":"2016-11-23T16:21:21","guid":{"rendered":"http:\/\/127.0.0.1\/acs\/acs-jovem-palestra-explica-como-destinar-imposto-de-renda-para-entidades-de-apoio-a-crianca-e-ao-adolescente\/"},"modified":"2016-11-23T14:21:21","modified_gmt":"2016-11-23T16:21:21","slug":"acs-jovem-palestra-explica-como-destinar-imposto-de-renda-para-entidades-de-apoio-a-crianca-e-ao-adolescente","status":"publish","type":"post","link":"https:\/\/acs.org.br\/academy\/acs-jovem-palestra-explica-como-destinar-imposto-de-renda-para-entidades-de-apoio-a-crianca-e-ao-adolescente\/","title":{"rendered":"ACS Jovem &#8211; Palestra explica como destinar imposto de renda para entidades de apoio \u00e0 crian\u00e7a e ao adolescente"},"content":{"rendered":"<p style=\"text-align: left;\" align=\"center\">Para incentivar a popula\u00e7\u00e3o a destinar at\u00e9 6% de seu imposto de renda devido para projetos voltados \u00e0 crian\u00e7a e ao adolescente, a Associa\u00e7\u00e3o Comercial Jovem de Santos (ACS Jovem) promoveu, na noite desta ter\u00e7a-feira (23), palestra com representantes da Receita Federal, do Conselho Municipal dos Direitos da Crian\u00e7a e do Adolescente (CMDCA) de Santos e professores e alunos da Escola de Choro Luizinho 7 Cordas.<\/p>\n<p>Atualmente, segundo dados da Receita Federal, a destina\u00e7\u00e3o feita pelas pessoas f\u00edsicas na Baixada Santista \u00e9 de menos de R$ 1 milh\u00e3o, sendo que o potencial \u00e9 de mais de R$ 25 milh\u00f5es por ano.<\/p>\n<p>De acordo com a vice-coordenadora da ACS Jovem, Manuela Santini, o objetivo \u00e9 tentar mudar este cen\u00e1rio.<\/p>\n<p>,<\/p>\n<p><img loading=\"lazy\" decoding=\"async\" class=\" size-full wp-image-75199\" src=\"http:\/\/127.0.0.1\/acs\/wp-content\/uploads\/2016\/11\/DESTINACAO-012.JPG\" width=\"570\" height=\"428\" srcset=\"https:\/\/acs.org.br\/academy\/wp-content\/uploads\/2016\/11\/DESTINACAO-012.JPG 570w, https:\/\/acs.org.br\/academy\/wp-content\/uploads\/2016\/11\/DESTINACAO-012-300x225.jpg 300w\" sizes=\"(max-width: 570px) 100vw, 570px\" \/><\/p>\n<p>\u201cO grupo de jovens da ACS visa colaborar com projetos sociais. Sendo assim, fizemos essa parceria para conscientizar a popula\u00e7\u00e3o e os empres\u00e1rios sobre a possibilidade de destinar parte do imposto devido para esses projetos sociais da cidade, voltados \u00e0s crian\u00e7as. \u00c9 um enorme prazer e uma responsabilidade desta Casa, apoiar projetos como este\u201d.<\/p>\n<p>Tamb\u00e9m participaram do evento o secret\u00e1rio de Rela\u00e7\u00f5es Institucionais da ACS Jovem, Guilherme Fonseca e Silva, e o secret\u00e1rio de projetos, Leandro Taveira.<\/p>\n<p><img loading=\"lazy\" decoding=\"async\" class=\" size-full wp-image-75200\" src=\"http:\/\/127.0.0.1\/acs\/wp-content\/uploads\/2016\/11\/DESTINACAO-019.JPG\" width=\"570\" height=\"428\" srcset=\"https:\/\/acs.org.br\/academy\/wp-content\/uploads\/2016\/11\/DESTINACAO-019.JPG 570w, https:\/\/acs.org.br\/academy\/wp-content\/uploads\/2016\/11\/DESTINACAO-019-300x225.jpg 300w\" sizes=\"(max-width: 570px) 100vw, 570px\" \/><\/p>\n<p><img loading=\"lazy\" decoding=\"async\" class=\" size-full wp-image-75201\" src=\"http:\/\/127.0.0.1\/acs\/wp-content\/uploads\/2016\/11\/DESTINACAO-022.JPG\" width=\"570\" height=\"428\" srcset=\"https:\/\/acs.org.br\/academy\/wp-content\/uploads\/2016\/11\/DESTINACAO-022.JPG 570w, https:\/\/acs.org.br\/academy\/wp-content\/uploads\/2016\/11\/DESTINACAO-022-300x225.jpg 300w\" sizes=\"(max-width: 570px) 100vw, 570px\" \/><\/p>\n<p><img loading=\"lazy\" decoding=\"async\" class=\" size-full wp-image-75202\" src=\"http:\/\/127.0.0.1\/acs\/wp-content\/uploads\/2016\/11\/DESTINACAO-043.JPG\" width=\"570\" height=\"428\" srcset=\"https:\/\/acs.org.br\/academy\/wp-content\/uploads\/2016\/11\/DESTINACAO-043.JPG 570w, https:\/\/acs.org.br\/academy\/wp-content\/uploads\/2016\/11\/DESTINACAO-043-300x225.jpg 300w\" sizes=\"(max-width: 570px) 100vw, 570px\" \/><\/p>\n<p><img loading=\"lazy\" decoding=\"async\" class=\" size-full wp-image-75203\" src=\"http:\/\/127.0.0.1\/acs\/wp-content\/uploads\/2016\/11\/DESTINACAO-106.JPG\" width=\"570\" height=\"428\" srcset=\"https:\/\/acs.org.br\/academy\/wp-content\/uploads\/2016\/11\/DESTINACAO-106.JPG 570w, https:\/\/acs.org.br\/academy\/wp-content\/uploads\/2016\/11\/DESTINACAO-106-300x225.jpg 300w\" sizes=\"(max-width: 570px) 100vw, 570px\" \/><\/p>\n<p>Ap\u00f3s as palestras, os alunos da Escola de Choro fizeram uma apresenta\u00e7\u00e3o ao p\u00fablico e emocionaram bastante a plateia.<\/p>\n<p><img loading=\"lazy\" decoding=\"async\" class=\" size-full wp-image-75204\" src=\"http:\/\/127.0.0.1\/acs\/wp-content\/uploads\/2016\/11\/DESTINACAO-069.JPG\" width=\"570\" height=\"392\" srcset=\"https:\/\/acs.org.br\/academy\/wp-content\/uploads\/2016\/11\/DESTINACAO-069.JPG 570w, https:\/\/acs.org.br\/academy\/wp-content\/uploads\/2016\/11\/DESTINACAO-069-300x206.jpg 300w\" sizes=\"(max-width: 570px) 100vw, 570px\" \/><\/p>\n<p><img loading=\"lazy\" decoding=\"async\" class=\" size-full wp-image-75205\" src=\"http:\/\/127.0.0.1\/acs\/wp-content\/uploads\/2016\/11\/DESTINACAO-078.JPG\" width=\"570\" height=\"428\" srcset=\"https:\/\/acs.org.br\/academy\/wp-content\/uploads\/2016\/11\/DESTINACAO-078.JPG 570w, https:\/\/acs.org.br\/academy\/wp-content\/uploads\/2016\/11\/DESTINACAO-078-300x225.jpg 300w\" sizes=\"(max-width: 570px) 100vw, 570px\" \/><\/p>\n<p><img loading=\"lazy\" decoding=\"async\" class=\" size-full wp-image-75206\" src=\"http:\/\/127.0.0.1\/acs\/wp-content\/uploads\/2016\/11\/DESTINACAO-085.JPG\" width=\"570\" height=\"406\" srcset=\"https:\/\/acs.org.br\/academy\/wp-content\/uploads\/2016\/11\/DESTINACAO-085.JPG 570w, https:\/\/acs.org.br\/academy\/wp-content\/uploads\/2016\/11\/DESTINACAO-085-300x214.jpg 300w\" sizes=\"(max-width: 570px) 100vw, 570px\" \/><\/p>\n<p>O diretor da Escola de Choro Luizinho 7 Cordas e coordenador do projeto M\u00fasica e Cidadania, Luiz Fernando Costa Ortiz, falou sobre os avan\u00e7os da escola, ap\u00f3s receberem esse valor destinado por meio do IR.<\/p>\n<p>\u201cNos inscrevemos no edital do CMDCA com o projeto M\u00fasica e Cidadania e fomos beneficiados. Isso nos permitiu aumentar o n\u00famero de alunos atendidos de 45 para 120. Tamb\u00e9m conseguimos montar o site (<a href=\"http:\/\/www.choroecidadania.org.br\/\">www.choroecidadania.org.br<\/a>) ap\u00f3s o recebimento desses recursos , uma forma de tornar mais transparente nosso trabalho\u201d.<\/p>\n<p><b> <\/b><\/p>\n<p><b>Como funciona<\/b><\/p>\n<p>Para que as pessoas f\u00edsicas e as empresas destinem parte do imposto de renda devido a projetos voltados \u00e0 crian\u00e7a e o adolescente \u00e9 preciso que:<\/p>\n<p>&#8211; no caso de empresas tributadas com base no lucro real: que elas destinem at\u00e9 1% do seu imposto devido;<\/p>\n<p>&#8211; para as pessoas f\u00edsicas: \u00e9 poss\u00edvel destinar at\u00e9 6% do imposto devido, caso a destina\u00e7\u00e3o seja feita at\u00e9 o final do ano. Neste caso, \u00e9 preciso procurar o CMDCA de cada cidade ou acessar o site (<a href=\"http:\/\/www.portal.santos.sp.gov.br\/conselhos\/page.php?15\">http:\/\/www.portal.santos.sp.gov.br\/conselhos\/page.php?15<\/a>) e fazer um dep\u00f3sito na conta do fundo. Se a destina\u00e7\u00e3o for feita no momento da declara\u00e7\u00e3o, \u00e9 poss\u00edvel repassar apenas 3%. Neste caso, h\u00e1 um campo espec\u00edfico na declara\u00e7\u00e3o que dever\u00e1 sem preenchido para esta finalidade.<\/p>\n<p>Segundo o auditor da Receita Federal, Renato Cesar Leite, o mais importante \u00e9 deixar claro que a pessoa ou empresa que faz a destina\u00e7\u00e3o n\u00e3o perde e nem deixa de ganhar absolutamente nada.<\/p>\n<p><img loading=\"lazy\" decoding=\"async\" class=\" size-full wp-image-75207\" src=\"http:\/\/127.0.0.1\/acs\/wp-content\/uploads\/2016\/11\/DESTINACAO-052.JPG\" width=\"570\" height=\"428\" srcset=\"https:\/\/acs.org.br\/academy\/wp-content\/uploads\/2016\/11\/DESTINACAO-052.JPG 570w, https:\/\/acs.org.br\/academy\/wp-content\/uploads\/2016\/11\/DESTINACAO-052-300x225.jpg 300w\" sizes=\"(max-width: 570px) 100vw, 570px\" \/><\/p>\n<p><img loading=\"lazy\" decoding=\"async\" class=\" size-full wp-image-75208\" src=\"http:\/\/127.0.0.1\/acs\/wp-content\/uploads\/2016\/11\/DESTINACAO-062.JPG\" width=\"570\" height=\"446\" srcset=\"https:\/\/acs.org.br\/academy\/wp-content\/uploads\/2016\/11\/DESTINACAO-062.JPG 570w, https:\/\/acs.org.br\/academy\/wp-content\/uploads\/2016\/11\/DESTINACAO-062-300x235.jpg 300w\" sizes=\"(max-width: 570px) 100vw, 570px\" \/><\/p>\n<p>\u201cO que ela destinar, ela recebe de volta. Tudo o que ela destina, ou ela abate do imposto a pagar ou ela soma na restitui\u00e7\u00e3o. Ela nunca vai perder dinheiro. Por isso chama-se destina\u00e7\u00e3o e n\u00e3o doa\u00e7\u00e3o. Ou seja, uma parte do que ela j\u00e1 pagaria, ela est\u00e1 destinando, destacando, para deixar aqui na regi\u00e3o\u201d.<\/p>\n<p>Leite acredita que muita gente n\u00e3o fa\u00e7a isso por falta de conhecimento. \u201cA maioria n\u00e3o sabe que isso \u00e9 poss\u00edvel. Mas, muitos n\u00e3o fazem porque n\u00e3o t\u00eam costume, n\u00e3o se sentiram tocados para fazer a destina\u00e7\u00e3o, talvez porque n\u00e3o conhe\u00e7am os projetos\u201d.<\/p>\n<p>Ele afirma, ainda, que esse valor destinado n\u00e3o pode ser utilizado com outra finalidade que n\u00e3o seja apoiar projetos voltados \u00e0 crian\u00e7a e ao adolescente.<\/p>\n<p>\u201cEsse dinheiro ser\u00e1 aplicado em projetos da sua cidade n\u00e3o pode ser gasto com outros fins\u201d.<\/p>\n<p>A coordenadora da C\u00e2mara Financeira do CMDCA, Maria Cristina Oliveira, disse que atualmente s\u00e3o financiados 12 projetos sociais.<\/p>\n<p><img loading=\"lazy\" decoding=\"async\" class=\" size-full wp-image-75209\" src=\"http:\/\/127.0.0.1\/acs\/wp-content\/uploads\/2016\/11\/DESTINACAO-039.JPG\" width=\"570\" height=\"428\" srcset=\"https:\/\/acs.org.br\/academy\/wp-content\/uploads\/2016\/11\/DESTINACAO-039.JPG 570w, https:\/\/acs.org.br\/academy\/wp-content\/uploads\/2016\/11\/DESTINACAO-039-300x225.jpg 300w\" sizes=\"(max-width: 570px) 100vw, 570px\" \/><\/p>\n<p><img loading=\"lazy\" decoding=\"async\" class=\" size-full wp-image-75210\" src=\"http:\/\/127.0.0.1\/acs\/wp-content\/uploads\/2016\/11\/DESTINACAO-041.JPG\" width=\"570\" height=\"428\" srcset=\"https:\/\/acs.org.br\/academy\/wp-content\/uploads\/2016\/11\/DESTINACAO-041.JPG 570w, https:\/\/acs.org.br\/academy\/wp-content\/uploads\/2016\/11\/DESTINACAO-041-300x225.jpg 300w\" sizes=\"(max-width: 570px) 100vw, 570px\" \/><\/p>\n<p>\u201cO dinheiro do fundo \u00e9 dinheiro p\u00fablico, que vem de todos n\u00f3s e faz com que as coisas mudem. Podemos acompanhar de perto como esses valores est\u00e3o sendo gastos. Nos projetos sociais, vemos as crian\u00e7as distantes das drogas, da viol\u00eancia, embaixo dos olhos de pessoas que est\u00e3o preocupadas com elas\u201d.<\/p>\n<p><img loading=\"lazy\" decoding=\"async\" class=\" size-full wp-image-75211\" src=\"http:\/\/127.0.0.1\/acs\/wp-content\/uploads\/2016\/11\/todos.JPG\" width=\"570\" height=\"428\" srcset=\"https:\/\/acs.org.br\/academy\/wp-content\/uploads\/2016\/11\/todos.JPG 570w, https:\/\/acs.org.br\/academy\/wp-content\/uploads\/2016\/11\/todos-300x225.jpg 300w\" sizes=\"(max-width: 570px) 100vw, 570px\" \/><\/p>\n<p><img loading=\"lazy\" decoding=\"async\" class=\" size-full wp-image-75212\" src=\"http:\/\/127.0.0.1\/acs\/wp-content\/uploads\/2016\/11\/DESTINACAO-105.JPG\" width=\"570\" height=\"420\" srcset=\"https:\/\/acs.org.br\/academy\/wp-content\/uploads\/2016\/11\/DESTINACAO-105.JPG 570w, https:\/\/acs.org.br\/academy\/wp-content\/uploads\/2016\/11\/DESTINACAO-105-300x221.jpg 300w\" sizes=\"(max-width: 570px) 100vw, 570px\" \/><\/p>\n<p>\u00a0<\/p>\n<p>\u00a0<\/p>\n<p>\u00a0<\/p>\n<p>\u00a0<\/p>\n<p>\u00a0<\/p>\n<p>\u00a0<\/p>\n<p>\u00a0<\/p>\n<p>\u00a0<\/p>\n<p>\u00a0<\/p>\n<p>\u00a0<\/p>\n<p>\u00a0<\/p>\n<p>\u00a0<\/p>\n<p>\u00a0<\/p>\n<p>\u00a0<\/p>\n","protected":false},"excerpt":{"rendered":"<p>Para incentivar a popula\u00e7\u00e3o a destinar at\u00e9 6% de seu imposto de renda devido para projetos voltados \u00e0 crian\u00e7a e ao adolescente, a Associa\u00e7\u00e3o Comercial Jovem de Santos (ACS Jovem) promoveu, na noite desta ter\u00e7a-feira (23), palestra com representantes da Receita Federal, do Conselho Municipal dos Direitos da Crian\u00e7a e do Adolescente (CMDCA) de Santos [&hellip;]<\/p>\n","protected":false},"author":1,"featured_media":75198,"comment_status":"open","ping_status":"open","sticky":false,"template":"","format":"standard","meta":{"footnotes":""},"categories":[84],"tags":[],"_links":{"self":[{"href":"https:\/\/acs.org.br\/academy\/wp-json\/wp\/v2\/posts\/75213"}],"collection":[{"href":"https:\/\/acs.org.br\/academy\/wp-json\/wp\/v2\/posts"}],"about":[{"href":"https:\/\/acs.org.br\/academy\/wp-json\/wp\/v2\/types\/post"}],"author":[{"embeddable":true,"href":"https:\/\/acs.org.br\/academy\/wp-json\/wp\/v2\/users\/1"}],"replies":[{"embeddable":true,"href":"https:\/\/acs.org.br\/academy\/wp-json\/wp\/v2\/comments?post=75213"}],"version-history":[{"count":0,"href":"https:\/\/acs.org.br\/academy\/wp-json\/wp\/v2\/posts\/75213\/revisions"}],"wp:featuredmedia":[{"embeddable":true,"href":"https:\/\/acs.org.br\/academy\/wp-json\/wp\/v2\/media\/75198"}],"wp:attachment":[{"href":"https:\/\/acs.org.br\/academy\/wp-json\/wp\/v2\/media?parent=75213"}],"wp:term":[{"taxonomy":"category","embeddable":true,"href":"https:\/\/acs.org.br\/academy\/wp-json\/wp\/v2\/categories?post=75213"},{"taxonomy":"post_tag","embeddable":true,"href":"https:\/\/acs.org.br\/academy\/wp-json\/wp\/v2\/tags?post=75213"}],"curies":[{"name":"wp","href":"https:\/\/api.w.org\/{rel}","templated":true}]}}