{"id":75197,"date":"2016-11-23T01:00:00","date_gmt":"2016-11-23T03:00:00","guid":{"rendered":"http:\/\/127.0.0.1\/acs\/reuniao-da-camara-de-pg-da-acs-investe-sp-faz-apresentacao-e-tem-boas-perspectivas-para-o-setor-na-baixada-santista-para-o-ano-que-vem\/"},"modified":"2016-11-23T01:00:00","modified_gmt":"2016-11-23T03:00:00","slug":"reuniao-da-camara-de-pg-da-acs-investe-sp-faz-apresentacao-e-tem-boas-perspectivas-para-o-setor-na-baixada-santista-para-o-ano-que-vem","status":"publish","type":"post","link":"https:\/\/acs.org.br\/academy\/reuniao-da-camara-de-pg-da-acs-investe-sp-faz-apresentacao-e-tem-boas-perspectivas-para-o-setor-na-baixada-santista-para-o-ano-que-vem\/","title":{"rendered":"Reuni\u00e3o da C\u00e2mara de P&#038;G da ACS &#8211; Investe SP faz apresenta\u00e7\u00e3o e tem boas perspectivas para o setor, na Baixada Santista, para o ano que vem"},"content":{"rendered":"<p>Fonte: Assessoria de imprensa ACS<\/p>\n<p>A reuni\u00e3o mensal da C\u00e2mara de Petr\u00f3leo e G\u00e1s da Associa\u00e7\u00e3o Comercial de Santos (ACS) recebeu nesta ter\u00e7a-feira (22) o analista de rela\u00e7\u00f5es institucionais da Investe S\u00e3o Paulo, Thiago Messena Santos. Ele fez uma apresenta\u00e7\u00e3o sobre a ag\u00eancia e disse acreditar que h\u00e1 boas perspectivas para a \u00e1rea de petr\u00f3leo e g\u00e1s no ano vem.<\/p>\n<\/p>\n<p><img loading=\"lazy\" decoding=\"async\" class=\" size-full wp-image-75188\" src=\"http:\/\/127.0.0.1\/acs\/wp-content\/uploads\/2016\/11\/PEG-037.JPG\" width=\"570\" height=\"428\" srcset=\"https:\/\/acs.org.br\/academy\/wp-content\/uploads\/2016\/11\/PEG-037.JPG 570w, https:\/\/acs.org.br\/academy\/wp-content\/uploads\/2016\/11\/PEG-037-300x225.jpg 300w\" sizes=\"(max-width: 570px) 100vw, 570px\" \/><\/p>\n<p><img loading=\"lazy\" decoding=\"async\" class=\" size-full wp-image-75189\" src=\"http:\/\/127.0.0.1\/acs\/wp-content\/uploads\/2016\/11\/PEG-063.JPG\" width=\"570\" height=\"428\" srcset=\"https:\/\/acs.org.br\/academy\/wp-content\/uploads\/2016\/11\/PEG-063.JPG 570w, https:\/\/acs.org.br\/academy\/wp-content\/uploads\/2016\/11\/PEG-063-300x225.jpg 300w\" sizes=\"(max-width: 570px) 100vw, 570px\" \/><\/p>\n<p>\u201cO setor de P&amp;G \u00e9 muito representativo na economia paulista, grande parte da ind\u00fastria est\u00e1 em SP, muita coisa em Santos. Ele vem passando por transforma\u00e7\u00f5es, grandes ajustes, e o que a gente v\u00ea \u00e9 que com essas mudan\u00e7as no \u00e2mbito da Petrobras, o que se espera \u00e9 que haja um interesse cada vez maior dos investidores internacionais. Por isso, \u00e9 importante estarmos aqui na ACS, para reiterar o apoio que a Investe SP d\u00e1, tanto aos investidores, quanto aos munic\u00edpios\u201d.<\/p>\n<p>A Investe SP tem como miss\u00e3o desenvolver o Estado de S\u00e3o Paulo por meio da promo\u00e7\u00e3o de investimentos, aumento das exporta\u00e7\u00f5es, incentivo \u00e0 inova\u00e7\u00e3o e melhoria do ambiente de neg\u00f3cios. Durante a apresenta\u00e7\u00e3o, foram mostrados um mapa do mercado consumidor no Brasil, sendo que 49,8% dele fica na Regi\u00e3o Metropolitana de S\u00e3o Paulo; a participa\u00e7\u00e3o da ind\u00fastria paulista na fabrica\u00e7\u00e3o brasileira; e o destino dos investimentos.<\/p>\n<p><strong>Investe Santos<\/strong><\/p>\n<p>Tamb\u00e9m foi convidada para esta reuni\u00e3o a coordenadora do grupo t\u00e9cnico da Investe Santos, Claudia Haddad. O grupo tem como objetivos realizar estudos e an\u00e1lises sobre investimentos em Santos; diagnosticar \u00e1reas do munic\u00edpio que representem poss\u00edveis condi\u00e7\u00f5es para investimentos e quais segmentos; e articular com entidades p\u00fablicas e privadas relevantes para o processo de atra\u00e7\u00e3o de investimentos.<\/p>\n<p><img loading=\"lazy\" decoding=\"async\" class=\" size-full wp-image-75190\" src=\"http:\/\/127.0.0.1\/acs\/wp-content\/uploads\/2016\/11\/PEG-081.JPG\" width=\"570\" height=\"428\" srcset=\"https:\/\/acs.org.br\/academy\/wp-content\/uploads\/2016\/11\/PEG-081.JPG 570w, https:\/\/acs.org.br\/academy\/wp-content\/uploads\/2016\/11\/PEG-081-300x225.jpg 300w\" sizes=\"(max-width: 570px) 100vw, 570px\" \/><\/p>\n<p>Segundo ela, esse grupo de trabalho envolve as principais secretarias que atuam diretamente no licenciamento municipal. \u201cEstamos identificando entraves ambientais e urban\u00edsticos para atra\u00e7\u00e3o dessas empresas. Assim, poderemos acelerar a tramita\u00e7\u00e3o desses processos no munic\u00edpio\u201d.<\/p>\n<p>De acordo com o coordenador da C\u00e2mara de P&amp;G, Vicente do Valle, trazer essas duas apresenta\u00e7\u00f5es \u00e9 importante para a reuni\u00e3o da C\u00e2mara porque \u00e9 uma maneira de mostrar os caminhos para tornar vi\u00e1vel a instala\u00e7\u00e3o de uma base offshore na regi\u00e3o.<\/p>\n<p><img loading=\"lazy\" decoding=\"async\" class=\" size-full wp-image-75191\" src=\"http:\/\/127.0.0.1\/acs\/wp-content\/uploads\/2016\/11\/PEG-067.JPG\" width=\"570\" height=\"428\" srcset=\"https:\/\/acs.org.br\/academy\/wp-content\/uploads\/2016\/11\/PEG-067.JPG 570w, https:\/\/acs.org.br\/academy\/wp-content\/uploads\/2016\/11\/PEG-067-300x225.jpg 300w\" sizes=\"(max-width: 570px) 100vw, 570px\" \/><\/p>\n<p>\u201cN\u00f3s temos uma C\u00e2mara bastante atuante aqui a ACS, inclusive estamos na finaliza\u00e7\u00e3o de um processo para fazer uma proposta de instala\u00e7\u00e3o da base offshore pela iniciativa privada, na Baixada. Para isso estamos conversando com todos os players de P&amp;G daqui e de fora da regi\u00e3o, desde a Secretaria de Energia do Estado at\u00e9 a AGEM (Ag\u00eancia Metropolitana da Baixada Santista). Faltava escutar nessa fase final o Investe SP e o Investe Santos para saber qual aten\u00e7\u00e3o eles podem dar ao setor de petr\u00f3leo e g\u00e1s. Esse documento (proposta) deve ficar pronto no primeiro trimestre do ano que vem e est\u00e1 sendo elaborado pela consultoria Geo Brasilis. E, hoje, passamos por mais uma etapa para viabilizar a instala\u00e7\u00e3o dessa base offshore aqui\u201d.<\/p>\n<p><img loading=\"lazy\" decoding=\"async\" class=\" size-full wp-image-75192\" src=\"http:\/\/127.0.0.1\/acs\/wp-content\/uploads\/2016\/11\/PEG-011.JPG\" width=\"570\" height=\"428\" srcset=\"https:\/\/acs.org.br\/academy\/wp-content\/uploads\/2016\/11\/PEG-011.JPG 570w, https:\/\/acs.org.br\/academy\/wp-content\/uploads\/2016\/11\/PEG-011-300x225.jpg 300w\" sizes=\"(max-width: 570px) 100vw, 570px\" \/><\/p>\n<p><img loading=\"lazy\" decoding=\"async\" class=\" size-full wp-image-75193\" src=\"http:\/\/127.0.0.1\/acs\/wp-content\/uploads\/2016\/11\/PEG-006.JPG\" width=\"570\" height=\"428\" srcset=\"https:\/\/acs.org.br\/academy\/wp-content\/uploads\/2016\/11\/PEG-006.JPG 570w, https:\/\/acs.org.br\/academy\/wp-content\/uploads\/2016\/11\/PEG-006-300x225.jpg 300w\" sizes=\"(max-width: 570px) 100vw, 570px\" \/><\/p>\n<p><img loading=\"lazy\" decoding=\"async\" class=\" size-full wp-image-75194\" src=\"http:\/\/127.0.0.1\/acs\/wp-content\/uploads\/2016\/11\/PEG-008.JPG\" width=\"570\" height=\"428\" srcset=\"https:\/\/acs.org.br\/academy\/wp-content\/uploads\/2016\/11\/PEG-008.JPG 570w, https:\/\/acs.org.br\/academy\/wp-content\/uploads\/2016\/11\/PEG-008-300x225.jpg 300w\" sizes=\"(max-width: 570px) 100vw, 570px\" \/><\/p>\n<p>\u00a0<\/p>\n<p><img loading=\"lazy\" decoding=\"async\" class=\" size-full wp-image-75195\" src=\"http:\/\/127.0.0.1\/acs\/wp-content\/uploads\/2016\/11\/PEG-012.JPG\" width=\"570\" height=\"435\" srcset=\"https:\/\/acs.org.br\/academy\/wp-content\/uploads\/2016\/11\/PEG-012.JPG 570w, https:\/\/acs.org.br\/academy\/wp-content\/uploads\/2016\/11\/PEG-012-300x229.jpg 300w\" sizes=\"(max-width: 570px) 100vw, 570px\" \/><\/p>\n<p><img loading=\"lazy\" decoding=\"async\" class=\" size-full wp-image-75196\" src=\"http:\/\/127.0.0.1\/acs\/wp-content\/uploads\/2016\/11\/PEG-020.JPG\" width=\"570\" height=\"392\" srcset=\"https:\/\/acs.org.br\/academy\/wp-content\/uploads\/2016\/11\/PEG-020.JPG 570w, https:\/\/acs.org.br\/academy\/wp-content\/uploads\/2016\/11\/PEG-020-300x206.jpg 300w\" sizes=\"(max-width: 570px) 100vw, 570px\" \/><\/p>\n<p>\u00a0<\/p>\n<p>\u00a0<\/p>\n<p>\u00a0<\/p>\n<p>\u00a0<\/p>\n","protected":false},"excerpt":{"rendered":"<p>Fonte: Assessoria de imprensa ACS A reuni\u00e3o mensal da C\u00e2mara de Petr\u00f3leo e G\u00e1s da Associa\u00e7\u00e3o Comercial de Santos (ACS) recebeu nesta ter\u00e7a-feira (22) o analista de rela\u00e7\u00f5es institucionais da Investe S\u00e3o Paulo, Thiago Messena Santos. Ele fez uma apresenta\u00e7\u00e3o sobre a ag\u00eancia e disse acreditar que h\u00e1 boas perspectivas para a \u00e1rea de petr\u00f3leo [&hellip;]<\/p>\n","protected":false},"author":1,"featured_media":75187,"comment_status":"open","ping_status":"open","sticky":false,"template":"","format":"standard","meta":{"footnotes":""},"categories":[84],"tags":[],"_links":{"self":[{"href":"https:\/\/acs.org.br\/academy\/wp-json\/wp\/v2\/posts\/75197"}],"collection":[{"href":"https:\/\/acs.org.br\/academy\/wp-json\/wp\/v2\/posts"}],"about":[{"href":"https:\/\/acs.org.br\/academy\/wp-json\/wp\/v2\/types\/post"}],"author":[{"embeddable":true,"href":"https:\/\/acs.org.br\/academy\/wp-json\/wp\/v2\/users\/1"}],"replies":[{"embeddable":true,"href":"https:\/\/acs.org.br\/academy\/wp-json\/wp\/v2\/comments?post=75197"}],"version-history":[{"count":0,"href":"https:\/\/acs.org.br\/academy\/wp-json\/wp\/v2\/posts\/75197\/revisions"}],"wp:featuredmedia":[{"embeddable":true,"href":"https:\/\/acs.org.br\/academy\/wp-json\/wp\/v2\/media\/75187"}],"wp:attachment":[{"href":"https:\/\/acs.org.br\/academy\/wp-json\/wp\/v2\/media?parent=75197"}],"wp:term":[{"taxonomy":"category","embeddable":true,"href":"https:\/\/acs.org.br\/academy\/wp-json\/wp\/v2\/categories?post=75197"},{"taxonomy":"post_tag","embeddable":true,"href":"https:\/\/acs.org.br\/academy\/wp-json\/wp\/v2\/tags?post=75197"}],"curies":[{"name":"wp","href":"https:\/\/api.w.org\/{rel}","templated":true}]}}