{"id":75151,"date":"2016-11-21T16:44:00","date_gmt":"2016-11-21T18:44:00","guid":{"rendered":"http:\/\/127.0.0.1\/acs\/acs-jovem-realiza-bate-papo-musical-sobre-o-programa-destinacao-crianca-nesta-terca-feira-22\/"},"modified":"2016-11-21T16:44:00","modified_gmt":"2016-11-21T18:44:00","slug":"acs-jovem-realiza-bate-papo-musical-sobre-o-programa-destinacao-crianca-nesta-terca-feira-22","status":"publish","type":"post","link":"https:\/\/acs.org.br\/academy\/acs-jovem-realiza-bate-papo-musical-sobre-o-programa-destinacao-crianca-nesta-terca-feira-22\/","title":{"rendered":"ACS Jovem realiza bate-papo musical sobre o programa Destina\u00e7\u00e3o Crian\u00e7a nesta ter\u00e7a-feira (22)"},"content":{"rendered":"<p>Fonte: Assessoria de imprensa ACS<\/p>\n<p>Caro associado,<\/p>\n<p>A Associa\u00e7\u00e3o Comercial Jovem (ACS Jovem) de Santos convida voc\u00ea para participar nesta ter\u00e7a-feira (22), no audit\u00f3rio da Associa\u00e7\u00e3o Comercial de Santos (ACS), \u00e0s 18h30, de um bate papo musical sobre o programa Destina\u00e7\u00e3o Crian\u00e7a e sobre a\u00e7\u00f5es cidad\u00e3s, com Renato Cesar Leite, auditor da Receita Federal, e um representante do Conselho Municipal dos Direitos da Crian\u00e7a e do Adolescente.<\/p>\n<p>Haver\u00e1, ainda, apresenta\u00e7\u00e3o dos alunos da Escola de Choro e Cidadania Luizinho 7 Cordas.<\/p>\n<p><b><span style=\"text-decoration: underline;\">Sobre o programa:<\/span><\/b><\/p>\n<p>O Destina\u00e7\u00e3o Crian\u00e7a surgiu da articula\u00e7\u00e3o dos Conselhos Municipais dos Direitos da Crian\u00e7a e do Adolescente &#8211; Rede CMDCAs dos 9 (nove) munic\u00edpios da Baixada Santista, tendo como facilitador a Receita Federal da Regi\u00e3o de Santos.<\/p>\n<p>O imposto de renda \u00e9 a principal fonte de recursos dos Fundos Municipais dos Direitos da Crian\u00e7a e do Adolescente. Para tanto o contribuinte deve optar por destinar parte do imposto de renda devido (at\u00e9 1% para pessoas Jur\u00eddicas e at\u00e9 6% para pessoas F\u00edsicas) a esses fundos.<\/p>\n<p><i> <\/i><\/p>\n<p>Mais informa\u00e7\u00f5es pelo site <a href=\"http:\/\/www.destinacaocrianca.org.br\">http:\/\/www.destinacaocrianca.org.br<\/a> .<\/p>\n<p>Interessados devem confirmar presen\u00e7a pelo e-mail <a href=\"mailto:imprensa@acs.org.br\">imprensa@acs.org.br<\/a>.<\/p>\n<p>\u00a0<\/p>\n<p>\u00a0<\/p>\n","protected":false},"excerpt":{"rendered":"<p>Fonte: Assessoria de imprensa ACS Caro associado, A Associa\u00e7\u00e3o Comercial Jovem (ACS Jovem) de Santos convida voc\u00ea para participar nesta ter\u00e7a-feira (22), no audit\u00f3rio da Associa\u00e7\u00e3o Comercial de Santos (ACS), \u00e0s 18h30, de um bate papo musical sobre o programa Destina\u00e7\u00e3o Crian\u00e7a e sobre a\u00e7\u00f5es cidad\u00e3s, com Renato Cesar Leite, auditor da Receita Federal, e [&hellip;]<\/p>\n","protected":false},"author":1,"featured_media":0,"comment_status":"open","ping_status":"open","sticky":false,"template":"","format":"standard","meta":{"footnotes":""},"categories":[84],"tags":[],"_links":{"self":[{"href":"https:\/\/acs.org.br\/academy\/wp-json\/wp\/v2\/posts\/75151"}],"collection":[{"href":"https:\/\/acs.org.br\/academy\/wp-json\/wp\/v2\/posts"}],"about":[{"href":"https:\/\/acs.org.br\/academy\/wp-json\/wp\/v2\/types\/post"}],"author":[{"embeddable":true,"href":"https:\/\/acs.org.br\/academy\/wp-json\/wp\/v2\/users\/1"}],"replies":[{"embeddable":true,"href":"https:\/\/acs.org.br\/academy\/wp-json\/wp\/v2\/comments?post=75151"}],"version-history":[{"count":0,"href":"https:\/\/acs.org.br\/academy\/wp-json\/wp\/v2\/posts\/75151\/revisions"}],"wp:attachment":[{"href":"https:\/\/acs.org.br\/academy\/wp-json\/wp\/v2\/media?parent=75151"}],"wp:term":[{"taxonomy":"category","embeddable":true,"href":"https:\/\/acs.org.br\/academy\/wp-json\/wp\/v2\/categories?post=75151"},{"taxonomy":"post_tag","embeddable":true,"href":"https:\/\/acs.org.br\/academy\/wp-json\/wp\/v2\/tags?post=75151"}],"curies":[{"name":"wp","href":"https:\/\/api.w.org\/{rel}","templated":true}]}}