{"id":75146,"date":"2016-11-21T14:46:32","date_gmt":"2016-11-21T16:46:32","guid":{"rendered":"http:\/\/127.0.0.1\/acs\/comitiva-alema-da-hamburg-sud-visita-associacao-comercial-de-santos-e-faz-degustacao-de-cafe\/"},"modified":"2016-11-21T14:46:32","modified_gmt":"2016-11-21T16:46:32","slug":"comitiva-alema-da-hamburg-sud-visita-associacao-comercial-de-santos-e-faz-degustacao-de-cafe","status":"publish","type":"post","link":"https:\/\/acs.org.br\/academy\/comitiva-alema-da-hamburg-sud-visita-associacao-comercial-de-santos-e-faz-degustacao-de-cafe\/","title":{"rendered":"Comitiva alem\u00e3 da Hamburg Sud visita Associa\u00e7\u00e3o Comercial de Santos e faz degusta\u00e7\u00e3o de caf\u00e9"},"content":{"rendered":"<p align=\"center\" style=\"text-align: left;\">Fonte: Assessoria de imprensa ACS<\/p>\n<p align=\"center\" style=\"text-align: left;\">Uma comitiva alem\u00e3, composta por diretores da transportadora mar\u00edtima de mercadorias Hamburg Sud, conheceu nesta segunda-feira (21) a Associa\u00e7\u00e3o Comercial de Santos (ACS) e participou de uma degusta\u00e7\u00e3o de caf\u00e9. A visita foi acompanhada pelos integrantes do Conselho Fiscal da ACS, Pedro Veras e Jos\u00e9 Am\u00e9rico Trindade, e pelo diretor-executivo, Marcio Calves.<\/p>\n<p align=\"center\" style=\"text-align: left;\">\n<p align=\"center\" style=\"text-align: left;\"><img loading=\"lazy\" decoding=\"async\" class=\" size-full wp-image-75132\" src=\"http:\/\/127.0.0.1\/acs\/wp-content\/uploads\/2016\/11\/ALEMANHA_0090.JPG\" width=\"570\" height=\"428\" srcset=\"https:\/\/acs.org.br\/academy\/wp-content\/uploads\/2016\/11\/ALEMANHA_0090.JPG 570w, https:\/\/acs.org.br\/academy\/wp-content\/uploads\/2016\/11\/ALEMANHA_0090-300x225.jpg 300w\" sizes=\"(max-width: 570px) 100vw, 570px\" \/><\/p>\n<p align=\"center\" style=\"text-align: left;\"><img loading=\"lazy\" decoding=\"async\" class=\" size-full wp-image-75133\" src=\"http:\/\/127.0.0.1\/acs\/wp-content\/uploads\/2016\/11\/ALEMANHA_0095.JPG\" width=\"570\" height=\"428\" srcset=\"https:\/\/acs.org.br\/academy\/wp-content\/uploads\/2016\/11\/ALEMANHA_0095.JPG 570w, https:\/\/acs.org.br\/academy\/wp-content\/uploads\/2016\/11\/ALEMANHA_0095-300x225.jpg 300w\" sizes=\"(max-width: 570px) 100vw, 570px\" \/><\/p>\n<p align=\"center\" style=\"text-align: left;\">Assim que chegou, o grupo seguiu para a sala de Classifica\u00e7\u00e3o e Degusta\u00e7\u00e3o de Caf\u00e9, onde o classificador Onivaldo Ruas primeiramente apresentou alguns tipos diferentes de gr\u00e3os, como o Conilon, o Ar\u00e1bica do Serrado e o Sul de Minas, mostrando suas diferen\u00e7as e caracter\u00edsticas. Em seguida, ele levou os alem\u00e3es para uma prova de degusta\u00e7\u00e3o, quando eles apontaram o melhor caf\u00e9 e tamb\u00e9m o mais fraco.<\/p>\n<p align=\"center\" style=\"text-align: left;\"><img loading=\"lazy\" decoding=\"async\" class=\" size-full wp-image-75134\" src=\"http:\/\/127.0.0.1\/acs\/wp-content\/uploads\/2016\/11\/ALEMANHA_0107.JPG\" width=\"570\" height=\"428\" srcset=\"https:\/\/acs.org.br\/academy\/wp-content\/uploads\/2016\/11\/ALEMANHA_0107.JPG 570w, https:\/\/acs.org.br\/academy\/wp-content\/uploads\/2016\/11\/ALEMANHA_0107-300x225.jpg 300w\" sizes=\"(max-width: 570px) 100vw, 570px\" \/><\/p>\n<p align=\"center\" style=\"text-align: left;\"><img loading=\"lazy\" decoding=\"async\" class=\" size-full wp-image-75135\" src=\"http:\/\/127.0.0.1\/acs\/wp-content\/uploads\/2016\/11\/ALEMANHA_0133.JPG\" width=\"570\" height=\"428\" srcset=\"https:\/\/acs.org.br\/academy\/wp-content\/uploads\/2016\/11\/ALEMANHA_0133.JPG 570w, https:\/\/acs.org.br\/academy\/wp-content\/uploads\/2016\/11\/ALEMANHA_0133-300x225.jpg 300w\" sizes=\"(max-width: 570px) 100vw, 570px\" \/><\/p>\n<p align=\"center\" style=\"text-align: left;\"><img loading=\"lazy\" decoding=\"async\" class=\" size-full wp-image-75136\" src=\"http:\/\/127.0.0.1\/acs\/wp-content\/uploads\/2016\/11\/ALEMANHA_0112.JPG\" width=\"570\" height=\"428\" srcset=\"https:\/\/acs.org.br\/academy\/wp-content\/uploads\/2016\/11\/ALEMANHA_0112.JPG 570w, https:\/\/acs.org.br\/academy\/wp-content\/uploads\/2016\/11\/ALEMANHA_0112-300x225.jpg 300w\" sizes=\"(max-width: 570px) 100vw, 570px\" \/><\/p>\n<p align=\"center\" style=\"text-align: left;\"><img loading=\"lazy\" decoding=\"async\" class=\" size-full wp-image-75137\" src=\"http:\/\/127.0.0.1\/acs\/wp-content\/uploads\/2016\/11\/ALEMANHA_0113.JPG\" width=\"570\" height=\"428\" srcset=\"https:\/\/acs.org.br\/academy\/wp-content\/uploads\/2016\/11\/ALEMANHA_0113.JPG 570w, https:\/\/acs.org.br\/academy\/wp-content\/uploads\/2016\/11\/ALEMANHA_0113-300x225.jpg 300w\" sizes=\"(max-width: 570px) 100vw, 570px\" \/><\/p>\n<p align=\"center\" style=\"text-align: left;\"><img loading=\"lazy\" decoding=\"async\" class=\" size-full wp-image-75138\" src=\"http:\/\/127.0.0.1\/acs\/wp-content\/uploads\/2016\/11\/ALEMANHA_0123.JPG\" width=\"570\" height=\"428\" srcset=\"https:\/\/acs.org.br\/academy\/wp-content\/uploads\/2016\/11\/ALEMANHA_0123.JPG 570w, https:\/\/acs.org.br\/academy\/wp-content\/uploads\/2016\/11\/ALEMANHA_0123-300x225.jpg 300w\" sizes=\"(max-width: 570px) 100vw, 570px\" \/><\/p>\n<p align=\"center\" style=\"text-align: left;\"><img loading=\"lazy\" decoding=\"async\" class=\" size-full wp-image-75139\" src=\"http:\/\/127.0.0.1\/acs\/wp-content\/uploads\/2016\/11\/ALEMANHA_0139.JPG\" width=\"570\" height=\"445\" srcset=\"https:\/\/acs.org.br\/academy\/wp-content\/uploads\/2016\/11\/ALEMANHA_0139.JPG 570w, https:\/\/acs.org.br\/academy\/wp-content\/uploads\/2016\/11\/ALEMANHA_0139-300x234.jpg 300w\" sizes=\"(max-width: 570px) 100vw, 570px\" \/><\/p>\n<p align=\"center\" style=\"text-align: left;\">Durante esta pequena aula, os visitantes quiseram saber quais os valores cobrados pelos caf\u00e9s apresentados, que variam de R$ 450 a R$ 600 (saca de 59 quilos).<\/p>\n<p><img loading=\"lazy\" decoding=\"async\" class=\" size-full wp-image-75140\" src=\"http:\/\/127.0.0.1\/acs\/wp-content\/uploads\/2016\/11\/ALEMANHA_0074.JPG\" width=\"570\" height=\"397\" srcset=\"https:\/\/acs.org.br\/academy\/wp-content\/uploads\/2016\/11\/ALEMANHA_0074.JPG 570w, https:\/\/acs.org.br\/academy\/wp-content\/uploads\/2016\/11\/ALEMANHA_0074-300x209.jpg 300w\" sizes=\"(max-width: 570px) 100vw, 570px\" \/><\/p>\n<p>O diretor-executivo da ACS, Marcio Calves, aproveitou a oportunidade para falar sobre o curso de caf\u00e9, conhecido internacionalmente como um dos mais importantes do Pa\u00eds, e sobre o Semin\u00e1rio Internacional de Caf\u00e9, promovido pela Associa\u00e7\u00e3o Comercial de Santos a cada dois anos, no Guaruj\u00e1.<\/p>\n<p>Na sequ\u00eancia, o grupo seguiu para a sala da presid\u00eancia, onde p\u00f4de observar dois quadros do pintor Benedito Calixto. Neste momento, os visitantes lembraram que o primeiro navio da Hamburg Sud esteve no Porto de Santos em 1871.<\/p>\n<p><img loading=\"lazy\" decoding=\"async\" class=\" size-full wp-image-75141\" src=\"http:\/\/127.0.0.1\/acs\/wp-content\/uploads\/2016\/11\/ALEMANHA_0149.JPG\" width=\"570\" height=\"428\" srcset=\"https:\/\/acs.org.br\/academy\/wp-content\/uploads\/2016\/11\/ALEMANHA_0149.JPG 570w, https:\/\/acs.org.br\/academy\/wp-content\/uploads\/2016\/11\/ALEMANHA_0149-300x225.jpg 300w\" sizes=\"(max-width: 570px) 100vw, 570px\" \/><\/p>\n<p><img loading=\"lazy\" decoding=\"async\" class=\" size-full wp-image-75142\" src=\"http:\/\/127.0.0.1\/acs\/wp-content\/uploads\/2016\/11\/ALEMANHA_0150.JPG\" width=\"570\" height=\"428\" srcset=\"https:\/\/acs.org.br\/academy\/wp-content\/uploads\/2016\/11\/ALEMANHA_0150.JPG 570w, https:\/\/acs.org.br\/academy\/wp-content\/uploads\/2016\/11\/ALEMANHA_0150-300x225.jpg 300w\" sizes=\"(max-width: 570px) 100vw, 570px\" \/><\/p>\n<p><img loading=\"lazy\" decoding=\"async\" class=\" size-full wp-image-75143\" src=\"http:\/\/127.0.0.1\/acs\/wp-content\/uploads\/2016\/11\/ALEMANHA_0153.JPG\" width=\"570\" height=\"428\" srcset=\"https:\/\/acs.org.br\/academy\/wp-content\/uploads\/2016\/11\/ALEMANHA_0153.JPG 570w, https:\/\/acs.org.br\/academy\/wp-content\/uploads\/2016\/11\/ALEMANHA_0153-300x225.jpg 300w\" sizes=\"(max-width: 570px) 100vw, 570px\" \/><\/p>\n<p>Na sala, o secretario de Estado da Rep\u00fablica Federal da Alemanha, dr Rolf Bosinger, deixou uma mensagem no Livro de Ouro da ACS: \u201cMuito obrigada pelo convite. Tivemos muita informa\u00e7\u00e3o sobre o caf\u00e9 feito em Santos\u201d.<\/p>\n<p><img loading=\"lazy\" decoding=\"async\" class=\" size-full wp-image-75144\" src=\"http:\/\/127.0.0.1\/acs\/wp-content\/uploads\/2016\/11\/ALEMANHA_0155.JPG\" width=\"570\" height=\"428\" srcset=\"https:\/\/acs.org.br\/academy\/wp-content\/uploads\/2016\/11\/ALEMANHA_0155.JPG 570w, https:\/\/acs.org.br\/academy\/wp-content\/uploads\/2016\/11\/ALEMANHA_0155-300x225.jpg 300w\" sizes=\"(max-width: 570px) 100vw, 570px\" \/><\/p>\n<p>Por fim, a comitiva esteve no audit\u00f3rio onde est\u00e3o expostos os quadros com as pinturas de v\u00e1rios ex-presidentes da ACS, e passou, ainda, pela sala de reuni\u00f5es, ambos no segundo andar.<\/p>\n<p><img loading=\"lazy\" decoding=\"async\" class=\" size-full wp-image-75145\" src=\"http:\/\/127.0.0.1\/acs\/wp-content\/uploads\/2016\/11\/ALEMANHA_0164.JPG\" width=\"570\" height=\"428\" srcset=\"https:\/\/acs.org.br\/academy\/wp-content\/uploads\/2016\/11\/ALEMANHA_0164.JPG 570w, https:\/\/acs.org.br\/academy\/wp-content\/uploads\/2016\/11\/ALEMANHA_0164-300x225.jpg 300w\" sizes=\"(max-width: 570px) 100vw, 570px\" \/><\/p>\n<p>Participaram da visita, al\u00e9m do sr Rolf B\u00f6singer: o diretor da Divis\u00e3o de Comercio Exterior, mr. Kolja Harders; o CEO da HWF Business Development Corporation GmbH, dr. Rolf Strittmatter; o diretor Superintendente do Grupo Hambrug-S\u00fcd SER, Julian Thomas; e o Hamburg Ambassador dr. Klaus-Wilhelm Lege.<\/p>\n<p>\u00a0<\/p>\n<p>\u00a0<\/p>\n<p>\u00a0<\/p>\n<p>\u00a0<\/p>\n<p>\u00a0<\/p>\n<p>\u00a0<\/p>\n<p>\u00a0<\/p>\n<p>\u00a0<\/p>\n<p>\u00a0<\/p>\n<p>\u00a0<\/p>\n","protected":false},"excerpt":{"rendered":"<p>Fonte: Assessoria de imprensa ACS Uma comitiva alem\u00e3, composta por diretores da transportadora mar\u00edtima de mercadorias Hamburg Sud, conheceu nesta segunda-feira (21) a Associa\u00e7\u00e3o Comercial de Santos (ACS) e participou de uma degusta\u00e7\u00e3o de caf\u00e9. A visita foi acompanhada pelos integrantes do Conselho Fiscal da ACS, Pedro Veras e Jos\u00e9 Am\u00e9rico Trindade, e pelo diretor-executivo, [&hellip;]<\/p>\n","protected":false},"author":1,"featured_media":75131,"comment_status":"open","ping_status":"open","sticky":false,"template":"","format":"standard","meta":{"footnotes":""},"categories":[84],"tags":[],"_links":{"self":[{"href":"https:\/\/acs.org.br\/academy\/wp-json\/wp\/v2\/posts\/75146"}],"collection":[{"href":"https:\/\/acs.org.br\/academy\/wp-json\/wp\/v2\/posts"}],"about":[{"href":"https:\/\/acs.org.br\/academy\/wp-json\/wp\/v2\/types\/post"}],"author":[{"embeddable":true,"href":"https:\/\/acs.org.br\/academy\/wp-json\/wp\/v2\/users\/1"}],"replies":[{"embeddable":true,"href":"https:\/\/acs.org.br\/academy\/wp-json\/wp\/v2\/comments?post=75146"}],"version-history":[{"count":0,"href":"https:\/\/acs.org.br\/academy\/wp-json\/wp\/v2\/posts\/75146\/revisions"}],"wp:featuredmedia":[{"embeddable":true,"href":"https:\/\/acs.org.br\/academy\/wp-json\/wp\/v2\/media\/75131"}],"wp:attachment":[{"href":"https:\/\/acs.org.br\/academy\/wp-json\/wp\/v2\/media?parent=75146"}],"wp:term":[{"taxonomy":"category","embeddable":true,"href":"https:\/\/acs.org.br\/academy\/wp-json\/wp\/v2\/categories?post=75146"},{"taxonomy":"post_tag","embeddable":true,"href":"https:\/\/acs.org.br\/academy\/wp-json\/wp\/v2\/tags?post=75146"}],"curies":[{"name":"wp","href":"https:\/\/api.w.org\/{rel}","templated":true}]}}