{"id":75125,"date":"2016-11-18T17:54:38","date_gmt":"2016-11-18T19:54:38","guid":{"rendered":"http:\/\/127.0.0.1\/acs\/15o-concurso-estadual-de-qualidade-do-cafe-de-sao-paulo-coopinhal-vence-leilao-dos-cafes-premiados-de-sp-em-duas-categorias\/"},"modified":"2016-11-18T17:54:38","modified_gmt":"2016-11-18T19:54:38","slug":"15o-concurso-estadual-de-qualidade-do-cafe-de-sao-paulo-coopinhal-vence-leilao-dos-cafes-premiados-de-sp-em-duas-categorias","status":"publish","type":"post","link":"https:\/\/acs.org.br\/academy\/15o-concurso-estadual-de-qualidade-do-cafe-de-sao-paulo-coopinhal-vence-leilao-dos-cafes-premiados-de-sp-em-duas-categorias\/","title":{"rendered":"15\u00ba Concurso Estadual de Qualidade do Caf\u00e9 de S\u00e3o Paulo &#8211; Coopinhal vence leil\u00e3o dos caf\u00e9s premiados de SP em duas categorias"},"content":{"rendered":"<p>A Coopinhal \u2013 Cooperativa dos Cafeicultores da Regi\u00e3o de Pinhal (Caf\u00e9 Gran Reserva) \u00e9 a campe\u00e3 em duas categorias no leil\u00e3o dos lotes finalistas do 15\u00ba Concurso Estadual de Qualidade do Caf\u00e9 de S\u00e3o Paulo \u2013 Pr\u00eamio Aldir Alves Teixeira. A cerim\u00f4nia de premia\u00e7\u00e3o foi realizada nesta sexta-feira (18) no Museu do Caf\u00e9, em Santos. O diretor-executivo da Associa\u00e7\u00e3o Comercial de Santos (ACS), Marcio Calves, participou do evento, uma vez que a ACS \u00e9 uma institui\u00e7\u00e3o parceira do concurso.<\/p>\n<\/p>\n<p><img loading=\"lazy\" decoding=\"async\" class=\" size-full wp-image-75121\" src=\"http:\/\/127.0.0.1\/acs\/wp-content\/uploads\/2016\/11\/PREMIACAO_0008.jpg\" width=\"570\" height=\"428\" srcset=\"https:\/\/acs.org.br\/academy\/wp-content\/uploads\/2016\/11\/PREMIACAO_0008.jpg 570w, https:\/\/acs.org.br\/academy\/wp-content\/uploads\/2016\/11\/PREMIACAO_0008-300x225.jpg 300w\" sizes=\"(max-width: 570px) 100vw, 570px\" \/><\/p>\n<p><img loading=\"lazy\" decoding=\"async\" class=\" size-full wp-image-75122\" src=\"http:\/\/127.0.0.1\/acs\/wp-content\/uploads\/2016\/11\/PREMIACAO_0011.jpg\" width=\"570\" height=\"428\" srcset=\"https:\/\/acs.org.br\/academy\/wp-content\/uploads\/2016\/11\/PREMIACAO_0011.jpg 570w, https:\/\/acs.org.br\/academy\/wp-content\/uploads\/2016\/11\/PREMIACAO_0011-300x225.jpg 300w\" sizes=\"(max-width: 570px) 100vw, 570px\" \/><\/p>\n<p>Na categoria Diamante, a Coopinhal venceu pelo maior investimento em qualidade e, na categoria Ouro, pelo maior valor pago por saca: arrematou o lote de 8 sacas do caf\u00e9 produzido por Laura Luiza Del Guerra Vergueiro por R$ 46.060,56, pagando R$ 5.757,57 por saca. Laura produz seu caf\u00e9 na Fazenda Nova Uni\u00e3o, em Esp\u00edrito Santo do Pinhal.<\/p>\n<p>Na categoria Especial, que distingue a empresa que pagou o maior valor por uma saca do Microlote, a campe\u00e3 foi a San Babila Caf\u00e9, que pagou R$ 2.500 pela saca de caf\u00e9 produzida por Clayton Mapelli Cerri no S\u00edtio Anhumas, em S\u00e3o Sebasti\u00e3o da Grama. Clayton foi o campe\u00e3o deste 15\u00ba Concurso, com a nota m\u00e1xima de 9,08 pontos conferida pelo J\u00fari T\u00e9cnico na avalia\u00e7\u00e3o dos lotes.<\/p>\n<p><img loading=\"lazy\" decoding=\"async\" class=\" size-full wp-image-75123\" src=\"http:\/\/127.0.0.1\/acs\/wp-content\/uploads\/2016\/11\/PREMIACAO_0022.jpg\" width=\"570\" height=\"426\" srcset=\"https:\/\/acs.org.br\/academy\/wp-content\/uploads\/2016\/11\/PREMIACAO_0022.jpg 570w, https:\/\/acs.org.br\/academy\/wp-content\/uploads\/2016\/11\/PREMIACAO_0022-300x224.jpg 300w\" sizes=\"(max-width: 570px) 100vw, 570px\" \/><\/p>\n<p>Nesta edi\u00e7\u00e3o, as 68 sacas de caf\u00e9s das categorias Natural (32), Cereja Descascado (32) e Microlotes (4), foram integralmente adquiridas no leil\u00e3o por ind\u00fastrias de caf\u00e9 e cafeterias. O valor total da venda alcan\u00e7ou R$ 141.004,56.<\/p>\n<p><img loading=\"lazy\" decoding=\"async\" class=\" size-full wp-image-75124\" src=\"http:\/\/127.0.0.1\/acs\/wp-content\/uploads\/2016\/11\/PREMIACAO_0037.jpg\" width=\"570\" height=\"428\" srcset=\"https:\/\/acs.org.br\/academy\/wp-content\/uploads\/2016\/11\/PREMIACAO_0037.jpg 570w, https:\/\/acs.org.br\/academy\/wp-content\/uploads\/2016\/11\/PREMIACAO_0037-300x225.jpg 300w\" sizes=\"(max-width: 570px) 100vw, 570px\" \/><\/p>\n<p>Para o coordenador do concurso, Nathan Herszkowicz, a import\u00e2ncia dessa competi\u00e7\u00e3o vai muito al\u00e9m do valor que \u00e9 pago pelos lotes.<\/p>\n<p>\u201cEsse concurso seleciona os melhores caf\u00e9s e os melhores produtores. Por isso, ela eleva o conhecimento de toda cafeicultura paulista e premia os finalistas, que acabam servindo como um exemplo para toda a comunidade produtora de caf\u00e9 do Estado de S\u00e3o Paulo. Al\u00e9m disso, os finalistas ganham o status de produtores de caf\u00e9 de alta qualidade e suas safras ganham valor pelo reconhecimento que recebem\u201d.<\/p>\n<p><b>Melhores caf\u00e9s<\/b><\/p>\n<p>Esses caf\u00e9s adquiridos no leil\u00e3o ser\u00e3o agora cuidadosamente processados pelas ind\u00fastrias e chegar\u00e3o aos supermercados e lojas gourmet em embalagens sofisticadas e identificadas por selos num\u00e9ricos, a partir de 17 de dezembro, data de lan\u00e7amento, no Pal\u00e1cio dos Bandeirantes, da 14\u00aa Edi\u00e7\u00e3o Especial dos Melhores Caf\u00e9s de S\u00e3o Paulo.<\/p>\n<p>O concurso seguido do leil\u00e3o e do lan\u00e7amento da edi\u00e7\u00e3o especial \u00e9 uma promo\u00e7\u00e3o da C\u00e2mara Setorial de Caf\u00e9 de S\u00e3o Paulo e da CODEAGRO &#8211; Coordenadoria de Agroneg\u00f3cios da Secretaria da Agricultura do Estado, e conta com a parceria da Associa\u00e7\u00e3o Comercial de Santos (ACS), do Sindicato das Ind\u00fastrias de Caf\u00e9 de S\u00e3o Paulo, da ABIC &#8211; Associa\u00e7\u00e3o Brasileira da Ind\u00fastria de Caf\u00e9 e do Museu do Caf\u00e9.<\/p>\n<p><b><span style=\"text-decoration: underline;\">Confira os 10 finalistas do concurso:<\/span><\/b><\/p>\n<p>Categoria Microlotes<\/p>\n<p>1-&nbsp;&nbsp;&nbsp; Clayton Mapelli Cerri &#8211; Associa\u00e7\u00e3o dos Cafeicultores do Vale da Grama<\/p>\n<p>S\u00edtio Anhumas &#8211; S\u00e3o Sebasti\u00e3o da Grama<\/p>\n<p>Nota: 9,08<\/p>\n<p>2-&nbsp;&nbsp;&nbsp; Juliana Aparecida Alvarez de Campos &#8211; Associa\u00e7\u00e3o Agropecu\u00e1ria Barra Grande de Caconde<\/p>\n<p>S\u00edtio Novo \u2013 Caconde<\/p>\n<p>Nota: 8,81<\/p>\n<p>\u00a0<\/p>\n<p>Categoria Cereja Descascado e Despolpado<\/p>\n<p>1-&nbsp;&nbsp;&nbsp; Homero Teixeira de Macedo Jr. \u2013 Associa\u00e7\u00e3o dos Cafeicultores do Vale da Grama<\/p>\n<p>Fazenda Recreio &#8211; S\u00e3o Sebasti\u00e3o da Grama<\/p>\n<p>Nota: 8,97<\/p>\n<p>2-&nbsp;&nbsp;&nbsp; Lucia Maria da Silva Dias \u2013 Associa\u00e7\u00e3o dos Cafeicultores do Vale da Grama<\/p>\n<p>Fazenda Santa Alina &#8211; S\u00e3o Sebasti\u00e3o da Grama<\/p>\n<p>Nota: 8,96<\/p>\n<p>3-&nbsp;&nbsp;&nbsp; Laura Luiza Del Guerra Vergueiro &#8211; Coopinhal-Cooperativa de Cafeicultores da Regi\u00e3o de Pinhal<\/p>\n<p>Fazenda Nova Uni\u00e3o \u2013 Esp\u00edrito Santo do Pinhal<\/p>\n<p>Nota: 8,93<\/p>\n<p>4-&nbsp;&nbsp;&nbsp; Diogo Dias de Teixeira Macedo&nbsp;&nbsp; &#8211; Associa\u00e7\u00e3o dos Cafeicultores do Vale da Grama Fazenda Irarema &#8211; S\u00e3o Sebasti\u00e3o da Grama<\/p>\n<p>Nota: 8,45<\/p>\n<p>\u00a0<\/p>\n<p>Categoria Natural<\/p>\n<p>1-&nbsp;&nbsp;&nbsp; Adonis Cerri &#8211; Associa\u00e7\u00e3o dos Cafeicultores do Vale da Grama<\/p>\n<p>Fazenda da Mata &#8211; S\u00e3o Sebasti\u00e3o da Grama<\/p>\n<p>Nota: 8,97<\/p>\n<p>2-&nbsp;&nbsp;&nbsp; Sebasti\u00e3o Cerri &#8211; Associa\u00e7\u00e3o dos Cafeicultores do Vale da Grama<\/p>\n<p>S\u00edtio Alvorada da Serra &#8211; S\u00e3o Sebasti\u00e3o da Grama<\/p>\n<p>Nota: 8,87<\/p>\n<p>3-&nbsp;&nbsp;&nbsp; Antonio Ragazzo \u2013 Associa\u00e7\u00e3o dos Produtores Caf\u00e9s Especiais de Santa Luzia<\/p>\n<p>S\u00edtio S\u00e3o Carlos \u2013 Esp\u00edrito Santo do Pinhal<\/p>\n<p>Nota: 8,81<\/p>\n<p>4-&nbsp;&nbsp;&nbsp; S\u00e9rgio Luis Riccetto \u2013 Associa\u00e7\u00e3o de Cafeicultores de Montanha de Divinol\u00e2ndia<\/p>\n<p>S\u00edtio Pinhalzinho \u2013 Divinolandia<\/p>\n<p>Nota: 8,73<\/p>\n<p>\u00a0<\/p>\n<p>\u00a0<\/p>\n<p><\/p>\n","protected":false},"excerpt":{"rendered":"<p>A Coopinhal \u2013 Cooperativa dos Cafeicultores da Regi\u00e3o de Pinhal (Caf\u00e9 Gran Reserva) \u00e9 a campe\u00e3 em duas categorias no leil\u00e3o dos lotes finalistas do 15\u00ba Concurso Estadual de Qualidade do Caf\u00e9 de S\u00e3o Paulo \u2013 Pr\u00eamio Aldir Alves Teixeira. A cerim\u00f4nia de premia\u00e7\u00e3o foi realizada nesta sexta-feira (18) no Museu do Caf\u00e9, em Santos. [&hellip;]<\/p>\n","protected":false},"author":1,"featured_media":75120,"comment_status":"open","ping_status":"open","sticky":false,"template":"","format":"standard","meta":{"footnotes":""},"categories":[84],"tags":[],"_links":{"self":[{"href":"https:\/\/acs.org.br\/academy\/wp-json\/wp\/v2\/posts\/75125"}],"collection":[{"href":"https:\/\/acs.org.br\/academy\/wp-json\/wp\/v2\/posts"}],"about":[{"href":"https:\/\/acs.org.br\/academy\/wp-json\/wp\/v2\/types\/post"}],"author":[{"embeddable":true,"href":"https:\/\/acs.org.br\/academy\/wp-json\/wp\/v2\/users\/1"}],"replies":[{"embeddable":true,"href":"https:\/\/acs.org.br\/academy\/wp-json\/wp\/v2\/comments?post=75125"}],"version-history":[{"count":0,"href":"https:\/\/acs.org.br\/academy\/wp-json\/wp\/v2\/posts\/75125\/revisions"}],"wp:featuredmedia":[{"embeddable":true,"href":"https:\/\/acs.org.br\/academy\/wp-json\/wp\/v2\/media\/75120"}],"wp:attachment":[{"href":"https:\/\/acs.org.br\/academy\/wp-json\/wp\/v2\/media?parent=75125"}],"wp:term":[{"taxonomy":"category","embeddable":true,"href":"https:\/\/acs.org.br\/academy\/wp-json\/wp\/v2\/categories?post=75125"},{"taxonomy":"post_tag","embeddable":true,"href":"https:\/\/acs.org.br\/academy\/wp-json\/wp\/v2\/tags?post=75125"}],"curies":[{"name":"wp","href":"https:\/\/api.w.org\/{rel}","templated":true}]}}