{"id":75091,"date":"2016-11-16T18:02:12","date_gmt":"2016-11-16T20:02:12","guid":{"rendered":"http:\/\/127.0.0.1\/acs\/nota-de-falecimento\/"},"modified":"2016-11-16T18:02:12","modified_gmt":"2016-11-16T20:02:12","slug":"nota-de-falecimento","status":"publish","type":"post","link":"https:\/\/acs.org.br\/academy\/nota-de-falecimento\/","title":{"rendered":"Nota de falecimento"},"content":{"rendered":"<p>Caro associado, boa tarde,<\/p>\n<p>Com muito pesar, informamos o falecimento hoje (16) do presidente da Caixa Beneficente dos Auxiliares do Com\u00e9rcio Cafeeiro de Santos, Sr. Ren\u00e9 Roberto Eliezer.<\/p>\n<p>Ren\u00e9 Roberto Eliezer foi tamb\u00e9m durante muitos um grande colaborador da Associa\u00e7\u00e3o Comercial de Santos, com estreita liga\u00e7\u00e3o com o setor cafeeiro da Cidade.<\/p>\n<p>O vel\u00f3rio ser\u00e1 amanh\u00e3 (17), a partir das 8 horas, na Memorial Necr\u00f3pole Ecum\u00eanica (Av. Dr. Nilo Pe\u00e7anha, 50, Santos, SP). A cerim\u00f4nia de crema\u00e7\u00e3o ocorrer\u00e1 \u00e0s 16 horas.<\/p>\n<p>Cordialmente,<\/p>\n<p>Marcio Calves<\/p>\n<p>Diretor-executivo<\/p>\n<p><b>Associa\u00e7\u00e3o Comercial de Santos<\/b><\/p>\n<p>\u00a0<\/p>\n","protected":false},"excerpt":{"rendered":"<p>Caro associado, boa tarde, Com muito pesar, informamos o falecimento hoje (16) do presidente da Caixa Beneficente dos Auxiliares do Com\u00e9rcio Cafeeiro de Santos, Sr. Ren\u00e9 Roberto Eliezer. Ren\u00e9 Roberto Eliezer foi tamb\u00e9m durante muitos um grande colaborador da Associa\u00e7\u00e3o Comercial de Santos, com estreita liga\u00e7\u00e3o com o setor cafeeiro da Cidade. O vel\u00f3rio ser\u00e1 [&hellip;]<\/p>\n","protected":false},"author":1,"featured_media":0,"comment_status":"open","ping_status":"open","sticky":false,"template":"","format":"standard","meta":{"footnotes":""},"categories":[84],"tags":[],"_links":{"self":[{"href":"https:\/\/acs.org.br\/academy\/wp-json\/wp\/v2\/posts\/75091"}],"collection":[{"href":"https:\/\/acs.org.br\/academy\/wp-json\/wp\/v2\/posts"}],"about":[{"href":"https:\/\/acs.org.br\/academy\/wp-json\/wp\/v2\/types\/post"}],"author":[{"embeddable":true,"href":"https:\/\/acs.org.br\/academy\/wp-json\/wp\/v2\/users\/1"}],"replies":[{"embeddable":true,"href":"https:\/\/acs.org.br\/academy\/wp-json\/wp\/v2\/comments?post=75091"}],"version-history":[{"count":0,"href":"https:\/\/acs.org.br\/academy\/wp-json\/wp\/v2\/posts\/75091\/revisions"}],"wp:attachment":[{"href":"https:\/\/acs.org.br\/academy\/wp-json\/wp\/v2\/media?parent=75091"}],"wp:term":[{"taxonomy":"category","embeddable":true,"href":"https:\/\/acs.org.br\/academy\/wp-json\/wp\/v2\/categories?post=75091"},{"taxonomy":"post_tag","embeddable":true,"href":"https:\/\/acs.org.br\/academy\/wp-json\/wp\/v2\/tags?post=75091"}],"curies":[{"name":"wp","href":"https:\/\/api.w.org\/{rel}","templated":true}]}}