{"id":51650,"date":"2012-09-14T17:50:00","date_gmt":"2012-09-14T20:50:00","guid":{"rendered":"http:\/\/127.0.0.1\/acs\/defesa-civil-estadual-encerra-seminario-na-associacao-comercial-de-santos-e-homenageia-funcionarios\/"},"modified":"2012-09-14T17:50:00","modified_gmt":"2012-09-14T20:50:00","slug":"defesa-civil-estadual-encerra-seminario-na-associacao-comercial-de-santos-e-homenageia-funcionarios","status":"publish","type":"post","link":"https:\/\/acs.org.br\/academy\/defesa-civil-estadual-encerra-seminario-na-associacao-comercial-de-santos-e-homenageia-funcionarios\/","title":{"rendered":"Defesa Civil Estadual encerra semin\u00e1rio na Associa\u00e7\u00e3o Comercial de Santos e homenageia funcion\u00e1rios"},"content":{"rendered":"<p>A Coordenadoria Estadual de Defesa Civil (Cedec-SP) encerrou na Associa\u00e7\u00e3o Comercial de Santos (ACS) o 112.\u00ba Semin\u00e1rio Regional de Defesa Civil, com a finalidade de apoiar os munic\u00edpios na identifica\u00e7\u00e3o e monitoramento de \u00e1reas de risco, cria\u00e7\u00e3o do plano de conting\u00eancia municipal e na comunica\u00e7\u00e3o e percep\u00e7\u00e3o de risco \u00e0 comunidade. No encerramento, a entidade homenageou os funcion\u00e1rios da ACS, oferecendo um cart\u00e3o de agradecimento e um broche.<\/p>\n<p>A coordenadora da Defesa Civil na Baixada Santista, Regina Elsa Ara\u00fajo, ao t\u00e9rmino das palestras apresentadas durante dois dias &#8211; quarta e quinta-feira, dias 12 e 13 de setembro de 2012 -, citou a import\u00e2ncia do preparo das comunidades para enfrentar acidentes e outras ocorr\u00eancias.<\/p>\n<p>O diretor executivo da Associa\u00e7\u00e3o Comercial de Santos, Marcio Calves, em nome da Diretoria Executiva, agradeceu as homenagens e comentou sobre a import\u00e2ncia da preven\u00e7\u00e3o, lembrando o programa estadual de retirada das fam\u00edlias que moram em \u00e1reas de risco, nas encostas da Serra do Mar. Ele fez refer\u00eancia a um funcion\u00e1rio da ACS que ficou muito feliz, porque nesta semana recebeu as chaves do apartamento no Jardim Casqueiro.<\/p>\n<p>PROGRAMA\u00c7\u00c3O<\/p>\n<p>Semin\u00e1rio Regional de Defesa Civil Redec<\/p>\n<p>Quarta-feira, 12 de setembro de 2012<\/p>\n<p>9h15 \u00e0s 10h &#8211; Recep\u00e7\u00e3o e caf\u00e9<\/p>\n<p>10h \u00e0s 11h15 &#8211; Cerim\u00f4nia de abertura &#8211; Cedec<\/p>\n<p>11h15 \u00e0s 12h &#8211; Palestra 1: O Papel do Agente de Defesa Civil nos Incidentes Tecnolo\u00f3gicos com \u00canfase nas Ocorr\u00eancias com Subst\u00e2ncias Perigosas &#8211; C\u00e9sar Eduardo Padovan Valente e Iris Regina Fernandes Poffo, da Cetesb<\/p>\n<p>12h \u00e0s 13h15 &#8211; Almo\u00e7o<\/p>\n<p>13h15 \u00e0s 14h &#8211; Palestra 2: Meteorologia &#8211; Previs\u00e3o para o Pr\u00f3ximo Per\u00edodo de Opera\u00e7\u00e3o do PPDC (Dezembro 2012 a Mar\u00e7o 2013) &#8211; Agostinho Tadashi Ogura, do Minist\u00e9rio da Ci\u00eancia e Tecnologia<\/p>\n<p>14h \u00e0s 15h30 &#8211; Palestra 3: Plano Nacional de Gest\u00e3o de Riscos Naturais e as A\u00e7\u00f5es Estaduais e Municipais<\/p>\n<p>15h30 \u00e0s 15h45 &#8211; Intervalo<\/p>\n<p>15h45 \u00e0s 16h30 &#8211; Palestra 4: Estrat\u00e9gia Internacional para Redu\u00e7\u00e3o de Riscos &#8211; Cap. Katibe, do Cedec<\/p>\n<p>Quinta-feira, 13 de setembro de 2012<\/p>\n<p>9h30 \u00e0s 10h15 &#8211; Palestra 5: A Import\u00e2ncia dos Nudecs na Preven\u00e7\u00e3o e Combate a Princ\u00edpios de Inc\u00eandios nas Comunidades &#8211; Cap. Ten\u00f3rio, do 6.\u00ba GB<\/p>\n<p>10h15 \u00e0s 11h &#8211; Palestra 6: A Defesa Civil nas Escolas &#8211; Engenheiro Luiz Marcos M. Albino, do Comdec<\/p>\n<p>11h \u00e0s 11h15 &#8211; Intervalo<\/p>\n<p>11h15 \u00e0s 12h &#8211; Palestra 7: Estrat\u00e9gias de Gerenciamento de Risco \/ Conceitua\u00e7\u00e3o de Risco e Classifica\u00e7\u00e3o de Eventos Naturais Adversos &#8211; Jair Santoro, IG<\/p>\n<p>12h \u00e0s 13h30 &#8211; Almo\u00e7o<\/p>\n<p>13h30 \u00e0s 14h15 &#8211; Palestra 8: A Import\u00e2ncia do Mapeamento de Riscos Locais para o Gerenciamento e Estabelecimento de seus \u00cdndices &#8211; Cassandra Maroni Nunes, Ge\u00f3loga<\/p>\n<p>14h15 \u00e0s 15h &#8211; Palestra 9: Mapeamento de Risco com a Utiliza\u00e7\u00e3o de Cartas Topogr\u00e1ficas, Imagem de Sat\u00e9lites e Fotos de Campo &#8211; Jair Santoro, IG<\/p>\n<p>15h \u00e0s 15h15 &#8211; Intervalo<\/p>\n<p>15h15 \u00e0s 16h15 &#8211; Palestra 10: Elabora\u00e7\u00e3o de Mapa Local com a Sele\u00e7\u00e3o de \u00c1reas Alvo (Exerc\u00edcio)<\/p>\n<p>16h15 \u00e0s 16h30 &#8211; Encerramento<\/p>\n<p><img loading=\"lazy\" decoding=\"async\" class=\" size-full wp-image-51620\" src=\"http:\/\/127.0.0.1\/acs\/wp-content\/uploads\/2012\/09\/2012-09-13-defesacivil-02.jpg\" width=\"570\" height=\"382\" srcset=\"https:\/\/acs.org.br\/academy\/wp-content\/uploads\/2012\/09\/2012-09-13-defesacivil-02.jpg 570w, https:\/\/acs.org.br\/academy\/wp-content\/uploads\/2012\/09\/2012-09-13-defesacivil-02-300x201.jpg 300w\" sizes=\"(max-width: 570px) 100vw, 570px\" \/><\/p>\n<p><img loading=\"lazy\" decoding=\"async\" class=\" size-full wp-image-51621\" src=\"http:\/\/127.0.0.1\/acs\/wp-content\/uploads\/2012\/09\/2012-09-13-defesacivil-03.jpg\" width=\"570\" height=\"382\" srcset=\"https:\/\/acs.org.br\/academy\/wp-content\/uploads\/2012\/09\/2012-09-13-defesacivil-03.jpg 570w, https:\/\/acs.org.br\/academy\/wp-content\/uploads\/2012\/09\/2012-09-13-defesacivil-03-300x201.jpg 300w\" sizes=\"(max-width: 570px) 100vw, 570px\" \/><\/p>\n<p><img loading=\"lazy\" decoding=\"async\" class=\" size-full wp-image-51622\" src=\"http:\/\/127.0.0.1\/acs\/wp-content\/uploads\/2012\/09\/2012-09-13-defesacivil-04.jpg\" width=\"570\" height=\"382\" srcset=\"https:\/\/acs.org.br\/academy\/wp-content\/uploads\/2012\/09\/2012-09-13-defesacivil-04.jpg 570w, https:\/\/acs.org.br\/academy\/wp-content\/uploads\/2012\/09\/2012-09-13-defesacivil-04-300x201.jpg 300w\" sizes=\"(max-width: 570px) 100vw, 570px\" \/><\/p>\n<p><img loading=\"lazy\" decoding=\"async\" class=\" size-full wp-image-51623\" src=\"http:\/\/127.0.0.1\/acs\/wp-content\/uploads\/2012\/09\/2012-09-13-defesacivil-05.jpg\" width=\"570\" height=\"382\" srcset=\"https:\/\/acs.org.br\/academy\/wp-content\/uploads\/2012\/09\/2012-09-13-defesacivil-05.jpg 570w, https:\/\/acs.org.br\/academy\/wp-content\/uploads\/2012\/09\/2012-09-13-defesacivil-05-300x201.jpg 300w\" sizes=\"(max-width: 570px) 100vw, 570px\" \/><\/p>\n<p><img loading=\"lazy\" decoding=\"async\" class=\" size-full wp-image-51624\" src=\"http:\/\/127.0.0.1\/acs\/wp-content\/uploads\/2012\/09\/2012-09-13-defesacivil-06.jpg\" width=\"570\" height=\"382\" srcset=\"https:\/\/acs.org.br\/academy\/wp-content\/uploads\/2012\/09\/2012-09-13-defesacivil-06.jpg 570w, https:\/\/acs.org.br\/academy\/wp-content\/uploads\/2012\/09\/2012-09-13-defesacivil-06-300x201.jpg 300w\" sizes=\"(max-width: 570px) 100vw, 570px\" \/><\/p>\n<p><img loading=\"lazy\" decoding=\"async\" class=\" size-full wp-image-51625\" src=\"http:\/\/127.0.0.1\/acs\/wp-content\/uploads\/2012\/09\/2012-09-13-defesacivil-07.jpg\" width=\"570\" height=\"382\" srcset=\"https:\/\/acs.org.br\/academy\/wp-content\/uploads\/2012\/09\/2012-09-13-defesacivil-07.jpg 570w, https:\/\/acs.org.br\/academy\/wp-content\/uploads\/2012\/09\/2012-09-13-defesacivil-07-300x201.jpg 300w\" sizes=\"(max-width: 570px) 100vw, 570px\" \/>&nbsp;<\/p>\n<p><img loading=\"lazy\" decoding=\"async\" class=\" size-full wp-image-51626\" src=\"http:\/\/127.0.0.1\/acs\/wp-content\/uploads\/2012\/09\/2012-09-13-defesacivil-08.jpg\" width=\"570\" height=\"382\" srcset=\"https:\/\/acs.org.br\/academy\/wp-content\/uploads\/2012\/09\/2012-09-13-defesacivil-08.jpg 570w, https:\/\/acs.org.br\/academy\/wp-content\/uploads\/2012\/09\/2012-09-13-defesacivil-08-300x201.jpg 300w\" sizes=\"(max-width: 570px) 100vw, 570px\" \/><\/p>\n<p><img loading=\"lazy\" decoding=\"async\" class=\" size-full wp-image-51627\" src=\"http:\/\/127.0.0.1\/acs\/wp-content\/uploads\/2012\/09\/2012-09-13-defesacivil-10.jpg\" width=\"570\" height=\"382\" srcset=\"https:\/\/acs.org.br\/academy\/wp-content\/uploads\/2012\/09\/2012-09-13-defesacivil-10.jpg 570w, https:\/\/acs.org.br\/academy\/wp-content\/uploads\/2012\/09\/2012-09-13-defesacivil-10-300x201.jpg 300w\" sizes=\"(max-width: 570px) 100vw, 570px\" \/><\/p>\n<p><img loading=\"lazy\" decoding=\"async\" class=\" size-full wp-image-51628\" src=\"http:\/\/127.0.0.1\/acs\/wp-content\/uploads\/2012\/09\/2012-09-13-defesacivil-11.jpg\" width=\"570\" height=\"382\" srcset=\"https:\/\/acs.org.br\/academy\/wp-content\/uploads\/2012\/09\/2012-09-13-defesacivil-11.jpg 570w, https:\/\/acs.org.br\/academy\/wp-content\/uploads\/2012\/09\/2012-09-13-defesacivil-11-300x201.jpg 300w\" sizes=\"(max-width: 570px) 100vw, 570px\" \/><\/p>\n<p><img loading=\"lazy\" decoding=\"async\" class=\" size-full wp-image-51629\" src=\"http:\/\/127.0.0.1\/acs\/wp-content\/uploads\/2012\/09\/2012-09-13-defesacivil-12.jpg\" width=\"570\" height=\"382\" srcset=\"https:\/\/acs.org.br\/academy\/wp-content\/uploads\/2012\/09\/2012-09-13-defesacivil-12.jpg 570w, https:\/\/acs.org.br\/academy\/wp-content\/uploads\/2012\/09\/2012-09-13-defesacivil-12-300x201.jpg 300w\" sizes=\"(max-width: 570px) 100vw, 570px\" \/><\/p>\n<p><img loading=\"lazy\" decoding=\"async\" class=\" size-full wp-image-51630\" src=\"http:\/\/127.0.0.1\/acs\/wp-content\/uploads\/2012\/09\/2012-09-13-defesacivil-13.jpg\" width=\"570\" height=\"382\" srcset=\"https:\/\/acs.org.br\/academy\/wp-content\/uploads\/2012\/09\/2012-09-13-defesacivil-13.jpg 570w, https:\/\/acs.org.br\/academy\/wp-content\/uploads\/2012\/09\/2012-09-13-defesacivil-13-300x201.jpg 300w\" sizes=\"(max-width: 570px) 100vw, 570px\" \/><\/p>\n<p><img loading=\"lazy\" decoding=\"async\" class=\" size-full wp-image-51631\" src=\"http:\/\/127.0.0.1\/acs\/wp-content\/uploads\/2012\/09\/2012-09-13-defesacivil-14.jpg\" width=\"570\" height=\"382\" srcset=\"https:\/\/acs.org.br\/academy\/wp-content\/uploads\/2012\/09\/2012-09-13-defesacivil-14.jpg 570w, https:\/\/acs.org.br\/academy\/wp-content\/uploads\/2012\/09\/2012-09-13-defesacivil-14-300x201.jpg 300w\" sizes=\"(max-width: 570px) 100vw, 570px\" \/><\/p>\n<p><img loading=\"lazy\" decoding=\"async\" class=\" size-full wp-image-51632\" src=\"http:\/\/127.0.0.1\/acs\/wp-content\/uploads\/2012\/09\/2012-09-13-defesacivil-15.jpg\" width=\"570\" height=\"382\" srcset=\"https:\/\/acs.org.br\/academy\/wp-content\/uploads\/2012\/09\/2012-09-13-defesacivil-15.jpg 570w, https:\/\/acs.org.br\/academy\/wp-content\/uploads\/2012\/09\/2012-09-13-defesacivil-15-300x201.jpg 300w\" sizes=\"(max-width: 570px) 100vw, 570px\" \/><\/p>\n<p><img loading=\"lazy\" decoding=\"async\" class=\" size-full wp-image-51633\" src=\"http:\/\/127.0.0.1\/acs\/wp-content\/uploads\/2012\/09\/2012-09-13-defesacivil-16.jpg\" width=\"570\" height=\"382\" srcset=\"https:\/\/acs.org.br\/academy\/wp-content\/uploads\/2012\/09\/2012-09-13-defesacivil-16.jpg 570w, https:\/\/acs.org.br\/academy\/wp-content\/uploads\/2012\/09\/2012-09-13-defesacivil-16-300x201.jpg 300w\" sizes=\"(max-width: 570px) 100vw, 570px\" \/><\/p>\n<p><img loading=\"lazy\" decoding=\"async\" class=\" size-full wp-image-51634\" src=\"http:\/\/127.0.0.1\/acs\/wp-content\/uploads\/2012\/09\/2012-09-13-defesacivil-17.jpg\" width=\"570\" height=\"382\" srcset=\"https:\/\/acs.org.br\/academy\/wp-content\/uploads\/2012\/09\/2012-09-13-defesacivil-17.jpg 570w, https:\/\/acs.org.br\/academy\/wp-content\/uploads\/2012\/09\/2012-09-13-defesacivil-17-300x201.jpg 300w\" sizes=\"(max-width: 570px) 100vw, 570px\" \/><\/p>\n<p><img loading=\"lazy\" decoding=\"async\" class=\" size-full wp-image-51635\" src=\"http:\/\/127.0.0.1\/acs\/wp-content\/uploads\/2012\/09\/2012-09-13-defesacivil-18.jpg\" width=\"570\" height=\"382\" srcset=\"https:\/\/acs.org.br\/academy\/wp-content\/uploads\/2012\/09\/2012-09-13-defesacivil-18.jpg 570w, https:\/\/acs.org.br\/academy\/wp-content\/uploads\/2012\/09\/2012-09-13-defesacivil-18-300x201.jpg 300w\" sizes=\"(max-width: 570px) 100vw, 570px\" \/><\/p>\n<p><img loading=\"lazy\" decoding=\"async\" class=\" size-full wp-image-51636\" src=\"http:\/\/127.0.0.1\/acs\/wp-content\/uploads\/2012\/09\/2012-09-13-defesacivil-19.jpg\" width=\"570\" height=\"382\" srcset=\"https:\/\/acs.org.br\/academy\/wp-content\/uploads\/2012\/09\/2012-09-13-defesacivil-19.jpg 570w, https:\/\/acs.org.br\/academy\/wp-content\/uploads\/2012\/09\/2012-09-13-defesacivil-19-300x201.jpg 300w\" sizes=\"(max-width: 570px) 100vw, 570px\" \/><\/p>\n<p><img loading=\"lazy\" decoding=\"async\" class=\" size-full wp-image-51637\" src=\"http:\/\/127.0.0.1\/acs\/wp-content\/uploads\/2012\/09\/2012-09-13-defesacivil-20.jpg\" width=\"570\" height=\"382\" srcset=\"https:\/\/acs.org.br\/academy\/wp-content\/uploads\/2012\/09\/2012-09-13-defesacivil-20.jpg 570w, https:\/\/acs.org.br\/academy\/wp-content\/uploads\/2012\/09\/2012-09-13-defesacivil-20-300x201.jpg 300w\" sizes=\"(max-width: 570px) 100vw, 570px\" \/><\/p>\n<p><img loading=\"lazy\" decoding=\"async\" class=\" size-full wp-image-51638\" src=\"http:\/\/127.0.0.1\/acs\/wp-content\/uploads\/2012\/09\/2012-09-13-defesacivil-21.jpg\" width=\"570\" height=\"382\" srcset=\"https:\/\/acs.org.br\/academy\/wp-content\/uploads\/2012\/09\/2012-09-13-defesacivil-21.jpg 570w, https:\/\/acs.org.br\/academy\/wp-content\/uploads\/2012\/09\/2012-09-13-defesacivil-21-300x201.jpg 300w\" sizes=\"(max-width: 570px) 100vw, 570px\" \/><\/p>\n<p><img loading=\"lazy\" decoding=\"async\" class=\" size-full wp-image-51639\" src=\"http:\/\/127.0.0.1\/acs\/wp-content\/uploads\/2012\/09\/2012-09-13-defesacivil-22.jpg\" width=\"570\" height=\"382\" srcset=\"https:\/\/acs.org.br\/academy\/wp-content\/uploads\/2012\/09\/2012-09-13-defesacivil-22.jpg 570w, https:\/\/acs.org.br\/academy\/wp-content\/uploads\/2012\/09\/2012-09-13-defesacivil-22-300x201.jpg 300w\" sizes=\"(max-width: 570px) 100vw, 570px\" \/><\/p>\n<p><img loading=\"lazy\" decoding=\"async\" class=\" size-full wp-image-51640\" src=\"http:\/\/127.0.0.1\/acs\/wp-content\/uploads\/2012\/09\/2012-09-13-defesacivil-23.jpg\" width=\"570\" height=\"382\" srcset=\"https:\/\/acs.org.br\/academy\/wp-content\/uploads\/2012\/09\/2012-09-13-defesacivil-23.jpg 570w, https:\/\/acs.org.br\/academy\/wp-content\/uploads\/2012\/09\/2012-09-13-defesacivil-23-300x201.jpg 300w\" sizes=\"(max-width: 570px) 100vw, 570px\" \/><\/p>\n<p><img loading=\"lazy\" decoding=\"async\" class=\" size-full wp-image-51641\" src=\"http:\/\/127.0.0.1\/acs\/wp-content\/uploads\/2012\/09\/2012-09-13-defesacivil-24.jpg\" width=\"570\" height=\"382\" srcset=\"https:\/\/acs.org.br\/academy\/wp-content\/uploads\/2012\/09\/2012-09-13-defesacivil-24.jpg 570w, https:\/\/acs.org.br\/academy\/wp-content\/uploads\/2012\/09\/2012-09-13-defesacivil-24-300x201.jpg 300w\" sizes=\"(max-width: 570px) 100vw, 570px\" \/><\/p>\n<p><img loading=\"lazy\" decoding=\"async\" class=\" size-full wp-image-51642\" src=\"http:\/\/127.0.0.1\/acs\/wp-content\/uploads\/2012\/09\/2012-09-13-defesacivil-25.jpg\" width=\"570\" height=\"382\" srcset=\"https:\/\/acs.org.br\/academy\/wp-content\/uploads\/2012\/09\/2012-09-13-defesacivil-25.jpg 570w, https:\/\/acs.org.br\/academy\/wp-content\/uploads\/2012\/09\/2012-09-13-defesacivil-25-300x201.jpg 300w\" sizes=\"(max-width: 570px) 100vw, 570px\" \/><\/p>\n<p><img loading=\"lazy\" decoding=\"async\" class=\" size-full wp-image-51643\" src=\"http:\/\/127.0.0.1\/acs\/wp-content\/uploads\/2012\/09\/2012-09-13-defesacivil-26.jpg\" width=\"570\" height=\"382\" srcset=\"https:\/\/acs.org.br\/academy\/wp-content\/uploads\/2012\/09\/2012-09-13-defesacivil-26.jpg 570w, https:\/\/acs.org.br\/academy\/wp-content\/uploads\/2012\/09\/2012-09-13-defesacivil-26-300x201.jpg 300w\" sizes=\"(max-width: 570px) 100vw, 570px\" \/><\/p>\n<p><img loading=\"lazy\" decoding=\"async\" class=\" size-full wp-image-51621\" src=\"http:\/\/127.0.0.1\/acs\/wp-content\/uploads\/2012\/09\/2012-09-13-defesacivil-03.jpg\" width=\"570\" height=\"382\" srcset=\"https:\/\/acs.org.br\/academy\/wp-content\/uploads\/2012\/09\/2012-09-13-defesacivil-03.jpg 570w, https:\/\/acs.org.br\/academy\/wp-content\/uploads\/2012\/09\/2012-09-13-defesacivil-03-300x201.jpg 300w\" sizes=\"(max-width: 570px) 100vw, 570px\" \/><\/p>\n<p><img loading=\"lazy\" decoding=\"async\" class=\" size-full wp-image-51644\" src=\"http:\/\/127.0.0.1\/acs\/wp-content\/uploads\/2012\/09\/2012-09-13-defesacivil-28.jpg\" width=\"570\" height=\"382\" srcset=\"https:\/\/acs.org.br\/academy\/wp-content\/uploads\/2012\/09\/2012-09-13-defesacivil-28.jpg 570w, https:\/\/acs.org.br\/academy\/wp-content\/uploads\/2012\/09\/2012-09-13-defesacivil-28-300x201.jpg 300w\" sizes=\"(max-width: 570px) 100vw, 570px\" \/><\/p>\n<p><img loading=\"lazy\" decoding=\"async\" class=\" size-full wp-image-51645\" src=\"http:\/\/127.0.0.1\/acs\/wp-content\/uploads\/2012\/09\/2012-09-13-defesacivil-29.jpg\" width=\"570\" height=\"382\" srcset=\"https:\/\/acs.org.br\/academy\/wp-content\/uploads\/2012\/09\/2012-09-13-defesacivil-29.jpg 570w, https:\/\/acs.org.br\/academy\/wp-content\/uploads\/2012\/09\/2012-09-13-defesacivil-29-300x201.jpg 300w\" sizes=\"(max-width: 570px) 100vw, 570px\" \/><\/p>\n<p><img loading=\"lazy\" decoding=\"async\" class=\" size-full wp-image-51646\" src=\"http:\/\/127.0.0.1\/acs\/wp-content\/uploads\/2012\/09\/2012-09-13-defesacivil-30.jpg\" width=\"570\" height=\"382\" srcset=\"https:\/\/acs.org.br\/academy\/wp-content\/uploads\/2012\/09\/2012-09-13-defesacivil-30.jpg 570w, https:\/\/acs.org.br\/academy\/wp-content\/uploads\/2012\/09\/2012-09-13-defesacivil-30-300x201.jpg 300w\" sizes=\"(max-width: 570px) 100vw, 570px\" \/><\/p>\n<p><img loading=\"lazy\" decoding=\"async\" class=\" size-full wp-image-51647\" src=\"http:\/\/127.0.0.1\/acs\/wp-content\/uploads\/2012\/09\/2012-09-13-defesacivil-31.jpg\" width=\"570\" height=\"382\" srcset=\"https:\/\/acs.org.br\/academy\/wp-content\/uploads\/2012\/09\/2012-09-13-defesacivil-31.jpg 570w, https:\/\/acs.org.br\/academy\/wp-content\/uploads\/2012\/09\/2012-09-13-defesacivil-31-300x201.jpg 300w\" sizes=\"(max-width: 570px) 100vw, 570px\" \/><\/p>\n<p><img loading=\"lazy\" decoding=\"async\" class=\" size-full wp-image-51648\" src=\"http:\/\/127.0.0.1\/acs\/wp-content\/uploads\/2012\/09\/2012-09-13-defesacivil-32.jpg\" width=\"570\" height=\"382\" srcset=\"https:\/\/acs.org.br\/academy\/wp-content\/uploads\/2012\/09\/2012-09-13-defesacivil-32.jpg 570w, https:\/\/acs.org.br\/academy\/wp-content\/uploads\/2012\/09\/2012-09-13-defesacivil-32-300x201.jpg 300w\" sizes=\"(max-width: 570px) 100vw, 570px\" \/><\/p>\n<p><img loading=\"lazy\" decoding=\"async\" class=\" size-full wp-image-51649\" src=\"http:\/\/127.0.0.1\/acs\/wp-content\/uploads\/2012\/09\/2012-09-13-defesacivil-33.jpg\" width=\"570\" height=\"382\" srcset=\"https:\/\/acs.org.br\/academy\/wp-content\/uploads\/2012\/09\/2012-09-13-defesacivil-33.jpg 570w, https:\/\/acs.org.br\/academy\/wp-content\/uploads\/2012\/09\/2012-09-13-defesacivil-33-300x201.jpg 300w\" sizes=\"(max-width: 570px) 100vw, 570px\" \/>&nbsp;<\/p>\n","protected":false},"excerpt":{"rendered":"<p>A Coordenadoria Estadual de Defesa Civil (Cedec-SP) encerrou na Associa\u00e7\u00e3o Comercial de Santos (ACS) o 112.\u00ba Semin\u00e1rio Regional de Defesa Civil, com a finalidade de apoiar os munic\u00edpios na identifica\u00e7\u00e3o e monitoramento de \u00e1reas de risco, cria\u00e7\u00e3o do plano de conting\u00eancia municipal e na comunica\u00e7\u00e3o e percep\u00e7\u00e3o de risco \u00e0 comunidade. No encerramento, a entidade [&hellip;]<\/p>\n","protected":false},"author":1,"featured_media":51619,"comment_status":"open","ping_status":"open","sticky":false,"template":"","format":"standard","meta":{"footnotes":""},"categories":[84],"tags":[],"_links":{"self":[{"href":"https:\/\/acs.org.br\/academy\/wp-json\/wp\/v2\/posts\/51650"}],"collection":[{"href":"https:\/\/acs.org.br\/academy\/wp-json\/wp\/v2\/posts"}],"about":[{"href":"https:\/\/acs.org.br\/academy\/wp-json\/wp\/v2\/types\/post"}],"author":[{"embeddable":true,"href":"https:\/\/acs.org.br\/academy\/wp-json\/wp\/v2\/users\/1"}],"replies":[{"embeddable":true,"href":"https:\/\/acs.org.br\/academy\/wp-json\/wp\/v2\/comments?post=51650"}],"version-history":[{"count":0,"href":"https:\/\/acs.org.br\/academy\/wp-json\/wp\/v2\/posts\/51650\/revisions"}],"wp:featuredmedia":[{"embeddable":true,"href":"https:\/\/acs.org.br\/academy\/wp-json\/wp\/v2\/media\/51619"}],"wp:attachment":[{"href":"https:\/\/acs.org.br\/academy\/wp-json\/wp\/v2\/media?parent=51650"}],"wp:term":[{"taxonomy":"category","embeddable":true,"href":"https:\/\/acs.org.br\/academy\/wp-json\/wp\/v2\/categories?post=51650"},{"taxonomy":"post_tag","embeddable":true,"href":"https:\/\/acs.org.br\/academy\/wp-json\/wp\/v2\/tags?post=51650"}],"curies":[{"name":"wp","href":"https:\/\/api.w.org\/{rel}","templated":true}]}}