{"id":115074,"date":"2023-03-10T13:41:00","date_gmt":"2023-03-10T16:41:00","guid":{"rendered":"https:\/\/acs.org.br\/antigo\/?p=115074"},"modified":"2023-03-10T13:41:00","modified_gmt":"2023-03-10T16:41:00","slug":"economia-sp-tem-interesse-em-aprovacao-da-reforma-tributaria-diz-governador","status":"publish","type":"post","link":"https:\/\/acs.org.br\/academy\/economia-sp-tem-interesse-em-aprovacao-da-reforma-tributaria-diz-governador\/","title":{"rendered":"ECONOMIA: SP tem interesse em aprova\u00e7\u00e3o da reforma tribut\u00e1ria, diz governador"},"content":{"rendered":"<p>Fonte: Boqnews<\/p>\n<p>O governador de S\u00e3o Paulo, Tarc\u00edsio de Freitas, defendeu que o pa\u00eds avance em uma reforma tribut\u00e1ria, uma das prioridades da atual gest\u00e3o federal. E afirmou que o estado ser\u00e1 parceiro nesse objetivo.<\/p>\n<p>\u201cS\u00e3o Paulo, obviamente, vai ser parceiro do governo federal, tem interesse em ver essa reforma tribut\u00e1ria aprovada\u201d, disse a jornalistas, na tarde da \u00faltima quinta-feira (9), ap\u00f3s se reunir com o ministro-chefe da Casa Civil, Rui Costa, no Pal\u00e1cio do Planalto, em Bras\u00edlia.<\/p>\n<p><a href=\"https:\/\/www.boqnews.com\/nacional\/sp-tem-interesse-em-aprovacao-da-reforma-tributaria-diz-governador\/\">LEIA MAIS&#8230;<\/a><\/p>\n","protected":false},"excerpt":{"rendered":"<p>Fonte: Boqnews O governador de S\u00e3o Paulo, Tarc\u00edsio de Freitas, defendeu que o pa\u00eds avance em uma reforma tribut\u00e1ria, uma das prioridades da atual gest\u00e3o federal. E afirmou que o estado ser\u00e1 parceiro nesse objetivo. \u201cS\u00e3o Paulo, obviamente, vai ser parceiro do governo federal, tem interesse em ver essa reforma tribut\u00e1ria aprovada\u201d, disse a jornalistas, [&hellip;]<\/p>\n","protected":false},"author":66,"featured_media":0,"comment_status":"open","ping_status":"open","sticky":false,"template":"","format":"standard","meta":{"footnotes":""},"categories":[105],"tags":[],"_links":{"self":[{"href":"https:\/\/acs.org.br\/academy\/wp-json\/wp\/v2\/posts\/115074"}],"collection":[{"href":"https:\/\/acs.org.br\/academy\/wp-json\/wp\/v2\/posts"}],"about":[{"href":"https:\/\/acs.org.br\/academy\/wp-json\/wp\/v2\/types\/post"}],"author":[{"embeddable":true,"href":"https:\/\/acs.org.br\/academy\/wp-json\/wp\/v2\/users\/66"}],"replies":[{"embeddable":true,"href":"https:\/\/acs.org.br\/academy\/wp-json\/wp\/v2\/comments?post=115074"}],"version-history":[{"count":1,"href":"https:\/\/acs.org.br\/academy\/wp-json\/wp\/v2\/posts\/115074\/revisions"}],"predecessor-version":[{"id":115080,"href":"https:\/\/acs.org.br\/academy\/wp-json\/wp\/v2\/posts\/115074\/revisions\/115080"}],"wp:attachment":[{"href":"https:\/\/acs.org.br\/academy\/wp-json\/wp\/v2\/media?parent=115074"}],"wp:term":[{"taxonomy":"category","embeddable":true,"href":"https:\/\/acs.org.br\/academy\/wp-json\/wp\/v2\/categories?post=115074"},{"taxonomy":"post_tag","embeddable":true,"href":"https:\/\/acs.org.br\/academy\/wp-json\/wp\/v2\/tags?post=115074"}],"curies":[{"name":"wp","href":"https:\/\/api.w.org\/{rel}","templated":true}]}}