{"id":115072,"date":"2023-03-10T13:40:07","date_gmt":"2023-03-10T16:40:07","guid":{"rendered":"https:\/\/acs.org.br\/antigo\/?p=115072"},"modified":"2023-03-10T13:40:07","modified_gmt":"2023-03-10T16:40:07","slug":"porto-secretario-nacional-de-portos-debate-investimentos","status":"publish","type":"post","link":"https:\/\/acs.org.br\/academy\/porto-secretario-nacional-de-portos-debate-investimentos\/","title":{"rendered":"PORTO: Secret\u00e1rio nacional de Portos debate investimentos"},"content":{"rendered":"<p>Fonte: BE News<\/p>\n<p>O secret\u00e1rio nacional de Portos e Transportes Aquavi\u00e1rios, do Minist\u00e9rio de Portos e Aeroportos, Fabrizio Pierdomenico, se reuniu com dirigentes de entidades da Coaliza\u00e7\u00e3o Empresarial Portu\u00e1ria na manh\u00e3 dessa quinta-feira, dia 9, em Bras\u00edlia. Em debate, a necessidade de investimentos no setor, projetos de moderniza\u00e7\u00e3o e a import\u00e2ncia do poder p\u00fablico ter uma agenda permanente com o segmento privado.<\/p>\n<p><a href=\"https:\/\/portalbenews.com.br\/editoria\/nacional\/secretario-nacional-de-portos-debate-investimentos\/\">LEIA MAIS&#8230;<\/a><\/p>\n","protected":false},"excerpt":{"rendered":"<p>Fonte: BE News O secret\u00e1rio nacional de Portos e Transportes Aquavi\u00e1rios, do Minist\u00e9rio de Portos e Aeroportos, Fabrizio Pierdomenico, se reuniu com dirigentes de entidades da Coaliza\u00e7\u00e3o Empresarial Portu\u00e1ria na manh\u00e3 dessa quinta-feira, dia 9, em Bras\u00edlia. Em debate, a necessidade de investimentos no setor, projetos de moderniza\u00e7\u00e3o e a import\u00e2ncia do poder p\u00fablico ter [&hellip;]<\/p>\n","protected":false},"author":66,"featured_media":0,"comment_status":"open","ping_status":"open","sticky":false,"template":"","format":"standard","meta":{"footnotes":""},"categories":[105],"tags":[],"_links":{"self":[{"href":"https:\/\/acs.org.br\/academy\/wp-json\/wp\/v2\/posts\/115072"}],"collection":[{"href":"https:\/\/acs.org.br\/academy\/wp-json\/wp\/v2\/posts"}],"about":[{"href":"https:\/\/acs.org.br\/academy\/wp-json\/wp\/v2\/types\/post"}],"author":[{"embeddable":true,"href":"https:\/\/acs.org.br\/academy\/wp-json\/wp\/v2\/users\/66"}],"replies":[{"embeddable":true,"href":"https:\/\/acs.org.br\/academy\/wp-json\/wp\/v2\/comments?post=115072"}],"version-history":[{"count":1,"href":"https:\/\/acs.org.br\/academy\/wp-json\/wp\/v2\/posts\/115072\/revisions"}],"predecessor-version":[{"id":115078,"href":"https:\/\/acs.org.br\/academy\/wp-json\/wp\/v2\/posts\/115072\/revisions\/115078"}],"wp:attachment":[{"href":"https:\/\/acs.org.br\/academy\/wp-json\/wp\/v2\/media?parent=115072"}],"wp:term":[{"taxonomy":"category","embeddable":true,"href":"https:\/\/acs.org.br\/academy\/wp-json\/wp\/v2\/categories?post=115072"},{"taxonomy":"post_tag","embeddable":true,"href":"https:\/\/acs.org.br\/academy\/wp-json\/wp\/v2\/tags?post=115072"}],"curies":[{"name":"wp","href":"https:\/\/api.w.org\/{rel}","templated":true}]}}