{"id":115032,"date":"2023-03-09T12:07:08","date_gmt":"2023-03-09T15:07:08","guid":{"rendered":"https:\/\/acs.org.br\/antigo\/?p=115032"},"modified":"2023-03-09T12:07:08","modified_gmt":"2023-03-09T15:07:08","slug":"cafe-aguardando-dados-oficiais-do-brasil-cafe-mantem-quedas-nesta-5a-feira-em-ny","status":"publish","type":"post","link":"https:\/\/acs.org.br\/academy\/cafe-aguardando-dados-oficiais-do-brasil-cafe-mantem-quedas-nesta-5a-feira-em-ny\/","title":{"rendered":"CAF\u00c9: Aguardando dados oficiais do Brasil, caf\u00e9 mant\u00e9m quedas nesta 5\u00aa feira em NY"},"content":{"rendered":"<p>Fonte: Not\u00edcias Agr\u00edcolas<\/p>\n<p>O mercado futuro do caf\u00e9 ar\u00e1bica iniciou as negocia\u00e7\u00f5es desta quinta-feira (9) ainda com baixas para os principais contratos na Bolsa de Nova York (ICE Future US). O caf\u00e9 estende as baixas da sess\u00e3o anterior, ainda refletindo a preocupa\u00e7\u00e3o com a demanda global do produto.<\/p>\n<p><a href=\"https:\/\/www.noticiasagricolas.com.br\/noticias\/cafe\/343114-aguardando-dados-oficiais-do-brasil-cafe-mantem-quedas-nesta-5-feira-em-ny.html#.ZAnAy3bMLIU\">LEIA MAIS&#8230;<\/a><\/p>\n","protected":false},"excerpt":{"rendered":"<p>Fonte: Not\u00edcias Agr\u00edcolas O mercado futuro do caf\u00e9 ar\u00e1bica iniciou as negocia\u00e7\u00f5es desta quinta-feira (9) ainda com baixas para os principais contratos na Bolsa de Nova York (ICE Future US). O caf\u00e9 estende as baixas da sess\u00e3o anterior, ainda refletindo a preocupa\u00e7\u00e3o com a demanda global do produto. LEIA MAIS&#8230;<\/p>\n","protected":false},"author":66,"featured_media":0,"comment_status":"open","ping_status":"open","sticky":false,"template":"","format":"standard","meta":{"footnotes":""},"categories":[105],"tags":[],"_links":{"self":[{"href":"https:\/\/acs.org.br\/academy\/wp-json\/wp\/v2\/posts\/115032"}],"collection":[{"href":"https:\/\/acs.org.br\/academy\/wp-json\/wp\/v2\/posts"}],"about":[{"href":"https:\/\/acs.org.br\/academy\/wp-json\/wp\/v2\/types\/post"}],"author":[{"embeddable":true,"href":"https:\/\/acs.org.br\/academy\/wp-json\/wp\/v2\/users\/66"}],"replies":[{"embeddable":true,"href":"https:\/\/acs.org.br\/academy\/wp-json\/wp\/v2\/comments?post=115032"}],"version-history":[{"count":1,"href":"https:\/\/acs.org.br\/academy\/wp-json\/wp\/v2\/posts\/115032\/revisions"}],"predecessor-version":[{"id":115039,"href":"https:\/\/acs.org.br\/academy\/wp-json\/wp\/v2\/posts\/115032\/revisions\/115039"}],"wp:attachment":[{"href":"https:\/\/acs.org.br\/academy\/wp-json\/wp\/v2\/media?parent=115032"}],"wp:term":[{"taxonomy":"category","embeddable":true,"href":"https:\/\/acs.org.br\/academy\/wp-json\/wp\/v2\/categories?post=115032"},{"taxonomy":"post_tag","embeddable":true,"href":"https:\/\/acs.org.br\/academy\/wp-json\/wp\/v2\/tags?post=115032"}],"curies":[{"name":"wp","href":"https:\/\/api.w.org\/{rel}","templated":true}]}}