{"id":115029,"date":"2023-03-09T08:53:09","date_gmt":"2023-03-09T11:53:09","guid":{"rendered":"https:\/\/acs.org.br\/antigo\/?p=115029"},"modified":"2023-03-09T08:53:09","modified_gmt":"2023-03-09T11:53:09","slug":"cafe-maquina-podadeira-de-cafeeiros-pode-fazer-tres-servicos-numa-so-passada","status":"publish","type":"post","link":"https:\/\/acs.org.br\/academy\/cafe-maquina-podadeira-de-cafeeiros-pode-fazer-tres-servicos-numa-so-passada\/","title":{"rendered":"CAF\u00c9: M\u00e1quina podadeira de cafeeiros pode fazer tr\u00eas servi\u00e7os numa s\u00f3 passada"},"content":{"rendered":"<p>Fonte: Caf\u00e9 Point<\/p>\n<p>As podadeiras desenvolvidas nos \u00faltimos anos podem fazer todos os trabalhos de poda, do tipo esqueletamento ou desponte, de forma mecanizada, em uma \u00fanica passada do trator, economizando tempo.<\/p>\n<p>As lavouras de caf\u00e9 t\u00eam sido manejadas com mais podas, especialmente aquelas que visam programar a produ\u00e7\u00e3o no sistema safra zero, aplicando esqueletamento ou desponte. Estima-se que mais de 300 mil ha de lavouras s\u00e3o manejadas com essas podas a cada ano no pa\u00eds.<\/p>\n<p style=\"text-align: left;\"><a href=\"https:\/\/www.cafepoint.com.br\/colunas\/folha-procafe-jose-braz-matiello\/maquina-podadeira-de-cafeeiros-pode-fazer-tres-servicos-numa-so-passada-232986\/\">LEIA MAIS&#8230;<\/a><\/p>\n","protected":false},"excerpt":{"rendered":"<p>Fonte: Caf\u00e9 Point As podadeiras desenvolvidas nos \u00faltimos anos podem fazer todos os trabalhos de poda, do tipo esqueletamento ou desponte, de forma mecanizada, em uma \u00fanica passada do trator, economizando tempo. As lavouras de caf\u00e9 t\u00eam sido manejadas com mais podas, especialmente aquelas que visam programar a produ\u00e7\u00e3o no sistema safra zero, aplicando esqueletamento [&hellip;]<\/p>\n","protected":false},"author":66,"featured_media":0,"comment_status":"open","ping_status":"open","sticky":false,"template":"","format":"standard","meta":{"footnotes":""},"categories":[105],"tags":[],"_links":{"self":[{"href":"https:\/\/acs.org.br\/academy\/wp-json\/wp\/v2\/posts\/115029"}],"collection":[{"href":"https:\/\/acs.org.br\/academy\/wp-json\/wp\/v2\/posts"}],"about":[{"href":"https:\/\/acs.org.br\/academy\/wp-json\/wp\/v2\/types\/post"}],"author":[{"embeddable":true,"href":"https:\/\/acs.org.br\/academy\/wp-json\/wp\/v2\/users\/66"}],"replies":[{"embeddable":true,"href":"https:\/\/acs.org.br\/academy\/wp-json\/wp\/v2\/comments?post=115029"}],"version-history":[{"count":1,"href":"https:\/\/acs.org.br\/academy\/wp-json\/wp\/v2\/posts\/115029\/revisions"}],"predecessor-version":[{"id":115031,"href":"https:\/\/acs.org.br\/academy\/wp-json\/wp\/v2\/posts\/115029\/revisions\/115031"}],"wp:attachment":[{"href":"https:\/\/acs.org.br\/academy\/wp-json\/wp\/v2\/media?parent=115029"}],"wp:term":[{"taxonomy":"category","embeddable":true,"href":"https:\/\/acs.org.br\/academy\/wp-json\/wp\/v2\/categories?post=115029"},{"taxonomy":"post_tag","embeddable":true,"href":"https:\/\/acs.org.br\/academy\/wp-json\/wp\/v2\/tags?post=115029"}],"curies":[{"name":"wp","href":"https:\/\/api.w.org\/{rel}","templated":true}]}}