{"id":115028,"date":"2023-03-09T08:52:34","date_gmt":"2023-03-09T11:52:34","guid":{"rendered":"https:\/\/acs.org.br\/antigo\/?p=115028"},"modified":"2023-03-09T08:52:34","modified_gmt":"2023-03-09T11:52:34","slug":"mundo-governo-dos-eua-apresenta-proposta-para-reduzir-deficit-no-orcamento","status":"publish","type":"post","link":"https:\/\/acs.org.br\/academy\/mundo-governo-dos-eua-apresenta-proposta-para-reduzir-deficit-no-orcamento\/","title":{"rendered":"MUNDO: Governo dos EUA apresenta proposta para reduzir d\u00e9ficit no or\u00e7amento"},"content":{"rendered":"<p>Fonte: R7 \u00a0<\/p>\n<p>O governo americano deve apresentar nesta quinta (9) uma proposta para reduzir o d\u00e9ficit no or\u00e7amento do governo federal. A meta \u00e9 cortar pelo menos o equivalente a R$ 15,4 trilh\u00f5es dentro de dez anos. O an\u00fancio vem no momento em que o governo do democrata Joe Biden tenta convencer a oposi\u00e7\u00e3o republicana no congresso a aprovar o aumento do limite de endividamento do pa\u00eds.<\/p>\n<p><a href=\"https:\/\/noticias.r7.com\/jr-24h\/boletim-jr-24h\/videos\/governo-dos-eua-apresenta-proposta-para-reduzir-deficit-no-orcamento-09032023\">LEIA MAIS&#8230;<\/a><\/p>\n","protected":false},"excerpt":{"rendered":"<p>Fonte: R7 \u00a0 O governo americano deve apresentar nesta quinta (9) uma proposta para reduzir o d\u00e9ficit no or\u00e7amento do governo federal. A meta \u00e9 cortar pelo menos o equivalente a R$ 15,4 trilh\u00f5es dentro de dez anos. O an\u00fancio vem no momento em que o governo do democrata Joe Biden tenta convencer a oposi\u00e7\u00e3o [&hellip;]<\/p>\n","protected":false},"author":66,"featured_media":0,"comment_status":"open","ping_status":"open","sticky":false,"template":"","format":"standard","meta":{"footnotes":""},"categories":[105],"tags":[],"_links":{"self":[{"href":"https:\/\/acs.org.br\/academy\/wp-json\/wp\/v2\/posts\/115028"}],"collection":[{"href":"https:\/\/acs.org.br\/academy\/wp-json\/wp\/v2\/posts"}],"about":[{"href":"https:\/\/acs.org.br\/academy\/wp-json\/wp\/v2\/types\/post"}],"author":[{"embeddable":true,"href":"https:\/\/acs.org.br\/academy\/wp-json\/wp\/v2\/users\/66"}],"replies":[{"embeddable":true,"href":"https:\/\/acs.org.br\/academy\/wp-json\/wp\/v2\/comments?post=115028"}],"version-history":[{"count":1,"href":"https:\/\/acs.org.br\/academy\/wp-json\/wp\/v2\/posts\/115028\/revisions"}],"predecessor-version":[{"id":115030,"href":"https:\/\/acs.org.br\/academy\/wp-json\/wp\/v2\/posts\/115028\/revisions\/115030"}],"wp:attachment":[{"href":"https:\/\/acs.org.br\/academy\/wp-json\/wp\/v2\/media?parent=115028"}],"wp:term":[{"taxonomy":"category","embeddable":true,"href":"https:\/\/acs.org.br\/academy\/wp-json\/wp\/v2\/categories?post=115028"},{"taxonomy":"post_tag","embeddable":true,"href":"https:\/\/acs.org.br\/academy\/wp-json\/wp\/v2\/tags?post=115028"}],"curies":[{"name":"wp","href":"https:\/\/api.w.org\/{rel}","templated":true}]}}