{"id":115020,"date":"2023-03-09T08:47:59","date_gmt":"2023-03-09T11:47:59","guid":{"rendered":"https:\/\/acs.org.br\/antigo\/?p=115020"},"modified":"2023-03-09T08:47:59","modified_gmt":"2023-03-09T11:47:59","slug":"economia-brasil-e-eua-vao-aprofundar-acordo-economico-diz-chefe-do-comercio-da-casa-branca","status":"publish","type":"post","link":"https:\/\/acs.org.br\/academy\/economia-brasil-e-eua-vao-aprofundar-acordo-economico-diz-chefe-do-comercio-da-casa-branca\/","title":{"rendered":"ECONOMIA: Brasil e EUA v\u00e3o aprofundar acordo econ\u00f4mico, diz chefe do com\u00e9rcio da Casa Branca"},"content":{"rendered":"<p>Fonte: CNN Brasil<\/p>\n<p>Brasil e Estados Unidos v\u00e3o negociar um aprofundamento do Acordo de Com\u00e9rcio e Coopera\u00e7\u00e3o Econ\u00f4mica (ATEC) fechado entre os dois pa\u00edses em 2020. A decis\u00e3o foi tomada em reuni\u00f5es da representante de com\u00e9rcio da Casa Branca (USTR), Katherine Tai, com o vice-presidente Geraldo Alckmin e com o chanceler Mauro Vieira.<\/p>\n<p>O acordo atual abrange temas como simplifica\u00e7\u00e3o alfandeg\u00e1ria e boas pr\u00e1ticas regulat\u00f3rias.<\/p>\n<p><a href=\"https:\/\/www.cnnbrasil.com.br\/business\/brasil-e-eua-vao-aprofundar-acordo-economico-diz-chefe-do-comercio-da-casa-branca\/\">LEIA MAIS&#8230;<\/a><\/p>\n","protected":false},"excerpt":{"rendered":"<p>Fonte: CNN Brasil Brasil e Estados Unidos v\u00e3o negociar um aprofundamento do Acordo de Com\u00e9rcio e Coopera\u00e7\u00e3o Econ\u00f4mica (ATEC) fechado entre os dois pa\u00edses em 2020. A decis\u00e3o foi tomada em reuni\u00f5es da representante de com\u00e9rcio da Casa Branca (USTR), Katherine Tai, com o vice-presidente Geraldo Alckmin e com o chanceler Mauro Vieira. O acordo [&hellip;]<\/p>\n","protected":false},"author":66,"featured_media":0,"comment_status":"open","ping_status":"open","sticky":false,"template":"","format":"standard","meta":{"footnotes":""},"categories":[105],"tags":[],"_links":{"self":[{"href":"https:\/\/acs.org.br\/academy\/wp-json\/wp\/v2\/posts\/115020"}],"collection":[{"href":"https:\/\/acs.org.br\/academy\/wp-json\/wp\/v2\/posts"}],"about":[{"href":"https:\/\/acs.org.br\/academy\/wp-json\/wp\/v2\/types\/post"}],"author":[{"embeddable":true,"href":"https:\/\/acs.org.br\/academy\/wp-json\/wp\/v2\/users\/66"}],"replies":[{"embeddable":true,"href":"https:\/\/acs.org.br\/academy\/wp-json\/wp\/v2\/comments?post=115020"}],"version-history":[{"count":1,"href":"https:\/\/acs.org.br\/academy\/wp-json\/wp\/v2\/posts\/115020\/revisions"}],"predecessor-version":[{"id":115021,"href":"https:\/\/acs.org.br\/academy\/wp-json\/wp\/v2\/posts\/115020\/revisions\/115021"}],"wp:attachment":[{"href":"https:\/\/acs.org.br\/academy\/wp-json\/wp\/v2\/media?parent=115020"}],"wp:term":[{"taxonomy":"category","embeddable":true,"href":"https:\/\/acs.org.br\/academy\/wp-json\/wp\/v2\/categories?post=115020"},{"taxonomy":"post_tag","embeddable":true,"href":"https:\/\/acs.org.br\/academy\/wp-json\/wp\/v2\/tags?post=115020"}],"curies":[{"name":"wp","href":"https:\/\/api.w.org\/{rel}","templated":true}]}}